{"id":295413,"date":"2025-12-19T02:01:11","date_gmt":"2025-12-19T02:01:11","guid":{"rendered":"https:\/\/www.europesays.com\/es\/295413\/"},"modified":"2025-12-19T02:01:11","modified_gmt":"2025-12-19T02:01:11","slug":"el-gobierno-reafirma-su-apoyo-a-la-camara-de-comercio-y-destaca-su-capacidad-transformadora-de-la-industria-y-el-comercio-gobierno-cantabria-es","status":"publish","type":"post","link":"https:\/\/www.europesays.com\/es\/295413\/","title":{"rendered":"El Gobierno reafirma su apoyo a la C\u00e1mara de Comercio y destaca su capacidad transformadora de la industria y el comercio &#8211; Gobierno &#8211; cantabria.es"},"content":{"rendered":"<ol>\n<li><a href=\"https:\/\/news.google.com\/rss\/articles\/CBMi_gFBVV95cUxQLVdMdlFRNVBwSjlLNzl5NDNBUHJyMU1nNUtMQXJxRkgyNnlCNWtZeWRQaDZaSEpvUU9LX1pCNFdXdDRydnBPM29KSFY0b1BENEVxdDk5U3dGWWx3RGZWaWlQRERPbUZqS3dpNHllb0dmeDNJVHhFSzJjcXdhdk9pU0lOTHB3ZENrNjlkSVhGNVpiRjBRRnN2UW9udGxWQzFhMlhHeUhHcHpRNEd3R0I5MVVXNlZJZ1JDM2phZldTNVdfdGlzbTlRTFFsQnBjUFZ0OWdCSktiY3JkbWN3ZGJxU0ZUajBRZ2k4dmR0RGRRR21OM3NybUMzWDhBcDFSQQ?oc=5\" target=\"_blank\" rel=\"nofollow noopener\">El Gobierno reafirma su apoyo a la C\u00e1mara de Comercio y destaca su capacidad transformadora de la industria y el comercio<\/a>&nbsp;&nbsp;Gobierno &#8211; cantabria.es<\/li>\n<li><a href=\"https:\/\/news.google.com\/rss\/articles\/CBMivwFBVV95cUxQSWg2cGVjdWNfUmEyU3JQangtZzE4Q0RTQnhON2dmSXJ1ZHAyYmJTMmV4c0MyNDZ6U0xzOUwxRGNXd0JUR0p1SW5YUnJCeGFpWlR3ZUlNOUxmaFpsNFdBSE1lWHdUVUh1dUJZT09JM1ZCSTdUXzRWNlc4NzcyVFdtU2dvRVZOQTNYRTRXWVlja0R4d2wtdTd1UFQ3aUxKYmdvcUdsSGJXOVVrUTQyNWM5WGtVZUo0eFdPdUtjQjZmaw?oc=5\" target=\"_blank\" rel=\"nofollow noopener\">La C\u00e1mara se mudar\u00e1 de forma provisional al Paseo Pereda ante la entrada del Gobierno en La Porticada<\/a>&nbsp;&nbsp;El Diario Monta\u00f1\u00e9s<\/li>\n<li><a href=\"https:\/\/news.google.com\/rss\/articles\/CBMijgFBVV95cUxQZmxsczZjTXdBb0pVS3FVRDJyRlVDVmhxSGtYYkV6WUZqX1dqdlNpNDkyS3BUTno1dDFCQ1o5X0RCQUd1RUs5aV9JU0s0SW44SlRHM21zQjg3N1FWN20tWFh6LWl6eWE0LWNfblpiNFgwOXJva0t1VGZTd1Z4S2h5bUc1RG5kYjYzNE5CSjNB?oc=5\" target=\"_blank\" rel=\"nofollow noopener\">El Gobierno de Cantabria y la C\u00e1mara de Comercio, en el \u00faltimo brindis cameral en la Plaza Velarde<\/a>&nbsp;&nbsp;cantabria directa<\/li>\n<li><a href=\"https:\/\/news.google.com\/rss\/articles\/CBMiygFBVV95cUxNazkzMGhWVDFMcUw5b196dUlkQjI0cTAycUlnblJ3UDhXWmUydkdZWkoyLXZRMmI1cUY5Y1FablM4SUdIUEJ2U1JneW1YS2RKbmR0UVNpc2xkNTVEMlF1S1B4SW1aajVGQVZNNmxiVUFBdmRRUnRteHBlQWlrU3djOWtYX2Fyd3dNeFBvd3prVmFVdjExREhZQ3JuSTJYYUg2UlBRcC1qZjc4Qm9hY2ZxNzA1X3BnYnU2NHI2SkYycUZCd2syYlJfZmJn?oc=5\" target=\"_blank\" rel=\"nofollow noopener\">La C\u00e1mara de Comercio se trasladar\u00e1 en enero al Paseo Pereda hasta su ubicaci\u00f3n en Isabel II<\/a>&nbsp;&nbsp;Europa Press<\/li>\n<li><a href=\"https:\/\/news.google.com\/rss\/articles\/CBMi8wFBVV95cUxPdlU0X0RNZUZpODBKWk5MTjlOS0todTVfZUVwbGxUeFJVY20yeUw4b3FzcUpPMDlHTE9WWnhfZUhDYzNHZmU0cmRsdUZ4X0twcktiQUg1UFlWekdId1ZRNnd5ZlBrSkZYR29NV2g4RHZQdFJTWUxfRmJBVWkyZEk5dVdaYVlvS1dNa3ZWTURYTVc1UjF0bWtMTlR0UG14UXBwcHdBR3ZaQlFSYVFYck1GTGtZaXY3QUJqanhHQmFDaGhxc2dKeEh3NDBrVFlTaUdBeThmbVNKT1hZd25TWTNYcnBkU2YxSUZFNGJ5V0hmcDh3T2c?oc=5\" target=\"_blank\" rel=\"nofollow noopener\">La C\u00e1mara se traslada en enero de manera provisional al Paseo Pereda hasta su ubicaci\u00f3n definitiva en la nueva sede de Isabel II<\/a>&nbsp;&nbsp;cantabriadiario.com<\/li>\n<\/ol>\n","protected":false},"excerpt":{"rendered":"El Gobierno reafirma su apoyo a la C\u00e1mara de Comercio y destaca su capacidad transformadora de la industria&hellip;\n","protected":false},"author":2,"featured_media":293243,"comment_status":"","ping_status":"","sticky":false,"template":"","format":"standard","meta":{"footnotes":""},"categories":[8],"tags":[17,18,25,24,13,14,11,19,20,9,10,15,16,23,12,21,22],"class_list":{"0":"post-295413","1":"post","2":"type-post","3":"status-publish","4":"format-standard","5":"has-post-thumbnail","7":"category-espana","8":"tag-breaking-news","9":"tag-breakingnews","10":"tag-es","11":"tag-espana","12":"tag-featured-news","13":"tag-featurednews","14":"tag-headlines","15":"tag-latest-news","16":"tag-latestnews","17":"tag-news","18":"tag-noticias","19":"tag-noticias-destacadas","20":"tag-noticiasdestacadas","21":"tag-spain","22":"tag-titulares","23":"tag-ultimas-noticias","24":"tag-ultimasnoticias"},"share_on_mastodon":{"url":"https:\/\/pubeurope.com\/@es\/115743770863016257","error":""},"_links":{"self":[{"href":"https:\/\/www.europesays.com\/es\/wp-json\/wp\/v2\/posts\/295413","targetHints":{"allow":["GET"]}}],"collection":[{"href":"https:\/\/www.europesays.com\/es\/wp-json\/wp\/v2\/posts"}],"about":[{"href":"https:\/\/www.europesays.com\/es\/wp-json\/wp\/v2\/types\/post"}],"author":[{"embeddable":true,"href":"https:\/\/www.europesays.com\/es\/wp-json\/wp\/v2\/users\/2"}],"replies":[{"embeddable":true,"href":"https:\/\/www.europesays.com\/es\/wp-json\/wp\/v2\/comments?post=295413"}],"version-history":[{"count":0,"href":"https:\/\/www.europesays.com\/es\/wp-json\/wp\/v2\/posts\/295413\/revisions"}],"wp:featuredmedia":[{"embeddable":true,"href":"https:\/\/www.europesays.com\/es\/wp-json\/wp\/v2\/media\/293243"}],"wp:attachment":[{"href":"https:\/\/www.europesays.com\/es\/wp-json\/wp\/v2\/media?parent=295413"}],"wp:term":[{"taxonomy":"category","embeddable":true,"href":"https:\/\/www.europesays.com\/es\/wp-json\/wp\/v2\/categories?post=295413"},{"taxonomy":"post_tag","embeddable":true,"href":"https:\/\/www.europesays.com\/es\/wp-json\/wp\/v2\/tags?post=295413"}],"curies":[{"name":"wp","href":"https:\/\/api.w.org\/{rel}","templated":true}]}}