{"id":295419,"date":"2025-12-19T02:11:14","date_gmt":"2025-12-19T02:11:14","guid":{"rendered":"https:\/\/www.europesays.com\/es\/295419\/"},"modified":"2025-12-19T02:11:14","modified_gmt":"2025-12-19T02:11:14","slug":"el-carinoso-mensaje-del-ourense-al-athletic-la-visita-queda-marcada-en-nuestra-historia","status":"publish","type":"post","link":"https:\/\/www.europesays.com\/es\/295419\/","title":{"rendered":"El cari\u00f1oso mensaje del Ourense al Athletic: \u00abLa visita queda marcada en nuestra historia\u00bb"},"content":{"rendered":"<p class=\"v-mdl-ath__p v-mdl-ath__p--6\">\nJueves, 18 de diciembre 2025, 22:10<\/p>\n<p class=\"v-p\">La rivalidad se qued\u00f3 en el campo. El Athletic y el Ourense se han intercambiado cari\u00f1osos mensajes en redes sociales despu\u00e9s de que los rojiblancos vencieran en la pr\u00f3rroga gracias a un gran disparo de Jauregizar en la pr\u00f3rroga desde la frontal del \u00e1rea.<\/p>\n<p class=\"v-p\">\u00abHasta aqu\u00ed lleg\u00f3 nuestro sue\u00f1o. Agradecer a tod@s los que nos acompa\u00f1asteis en el d\u00eda de hoy. Quedar\u00e1 marcado en nuestra historia vuestra visita, Athletic. Gracias\u00bb, publicaba el conjunto gallego en su cuenta de &#8216;X&#8217;. <\/p>\n<p class=\"v-p\">En respuesta, Ibaigane les ha respondido en gallego tras la \u00abgran batalla\u00bb. \u00abMoita sorte para o resto da tempada. Foi un pracer visitarte en O Couto\u00bb, se\u00f1alaba.<\/p>\n<p class=\"v-p\">El Ourense result\u00f3 un hueso duro de roer. El duelo a partido \u00fanico de los dieciseisavos de final se fue a la pr\u00f3rroga tras el empate a cero en el tiempo reglamentario. Un choque marcado por el mal estado del terreno de juego. El gol de Jauregizar, que empalm\u00f3 un gran disparo sin dejar botar el bal\u00f3n desde el borde del \u00e1rea, decidi\u00f3 la eliminatoria. <\/p>\n<p>Reporta un error<\/p>\n","protected":false},"excerpt":{"rendered":"Jueves, 18 de diciembre 2025, 22:10 La rivalidad se qued\u00f3 en el campo. El Athletic y el Ourense&hellip;\n","protected":false},"author":2,"featured_media":295420,"comment_status":"","ping_status":"","sticky":false,"template":"","format":"standard","meta":{"footnotes":""},"categories":[268],"tags":[2182,20336,168,25,24,280,282,448,16023,8079,19704,3041,281,23,167,938],"class_list":{"0":"post-295419","1":"post","2":"type-post","3":"status-publish","4":"format-standard","5":"has-post-thumbnail","7":"category-futbol","8":"tag-athletic","9":"tag-carinoso","10":"tag-deportes","11":"tag-es","12":"tag-espana","13":"tag-football","14":"tag-futbol","15":"tag-historia","16":"tag-marcada","17":"tag-mensaje","18":"tag-ourense","19":"tag-queda","20":"tag-soccer","21":"tag-spain","22":"tag-sports","23":"tag-visita"},"share_on_mastodon":{"url":"https:\/\/pubeurope.com\/@es\/115743810128042076","error":""},"_links":{"self":[{"href":"https:\/\/www.europesays.com\/es\/wp-json\/wp\/v2\/posts\/295419","targetHints":{"allow":["GET"]}}],"collection":[{"href":"https:\/\/www.europesays.com\/es\/wp-json\/wp\/v2\/posts"}],"about":[{"href":"https:\/\/www.europesays.com\/es\/wp-json\/wp\/v2\/types\/post"}],"author":[{"embeddable":true,"href":"https:\/\/www.europesays.com\/es\/wp-json\/wp\/v2\/users\/2"}],"replies":[{"embeddable":true,"href":"https:\/\/www.europesays.com\/es\/wp-json\/wp\/v2\/comments?post=295419"}],"version-history":[{"count":0,"href":"https:\/\/www.europesays.com\/es\/wp-json\/wp\/v2\/posts\/295419\/revisions"}],"wp:featuredmedia":[{"embeddable":true,"href":"https:\/\/www.europesays.com\/es\/wp-json\/wp\/v2\/media\/295420"}],"wp:attachment":[{"href":"https:\/\/www.europesays.com\/es\/wp-json\/wp\/v2\/media?parent=295419"}],"wp:term":[{"taxonomy":"category","embeddable":true,"href":"https:\/\/www.europesays.com\/es\/wp-json\/wp\/v2\/categories?post=295419"},{"taxonomy":"post_tag","embeddable":true,"href":"https:\/\/www.europesays.com\/es\/wp-json\/wp\/v2\/tags?post=295419"}],"curies":[{"name":"wp","href":"https:\/\/api.w.org\/{rel}","templated":true}]}}