{"id":295421,"date":"2025-12-19T02:12:14","date_gmt":"2025-12-19T02:12:14","guid":{"rendered":"https:\/\/www.europesays.com\/es\/295421\/"},"modified":"2025-12-19T02:12:14","modified_gmt":"2025-12-19T02:12:14","slug":"lolita-flores-dispuesta-a-ir-a-los-tribunales-para-defender-su-postura-politica","status":"publish","type":"post","link":"https:\/\/www.europesays.com\/es\/295421\/","title":{"rendered":"Lolita Flores, dispuesta a ir a los tribunales para defender su postura pol\u00edtica"},"content":{"rendered":"<p><a title=\"Lolita Flores\" href=\"https:\/\/www.larazon.es\/cultura\/lolita-flores-seria-muy-dificil-que-volviera-confiar-hombre_202511236922b8088080bd5ad620f122.html\" target=\"_blank\" rel=\"nofollow noopener\">Lolita Flores<\/a> no ser\u00e1 de las que pase a la historia como una mujer que se callaba lo que pensaba. Quiz\u00e1 de ah\u00ed su encanto mucho m\u00e1s all\u00e1 del terreno musical, donde tambi\u00e9n muestra su sinceridad, aunque de otra manera. <b>Es hablando cuando la termina liando, aunque no est\u00e1 dispuesta a callarse por mucho que otros se lo pidan<\/b>. Tampoco a cambiar el contenido de lo que dice. Ella, como el resto de los mortales, tiene una opini\u00f3n y considera a veces compartirla con el mundo. Especialmente si con ello logra un bien, aunque sea abrir los ojos de muchos otros y que <b>tomen conciencia sobre una situaci\u00f3n pol\u00edtica que ella ve con claridad<\/b>. Un asunto, el de la pol\u00e9mica, que siempre entra\u00f1a disputas.<\/p>\n<p>Suele ser el tema tab\u00fa en cualquier cena de Navidad que se precie. Al menos si no se quiere arruinar los preparativos y crispar los nervios de la familia y amigos. Aun as\u00ed, la cantante siempre ha querido subrayar su postura pol\u00edtica, destacando que <b>se considera \u201cuna persona de izquierdas\u201d<\/b>. Algo que no solo no ha cambiado con el paso de los a\u00f1os, sino en lo que se ha visto reafirmada seg\u00fan maduraba. Se siente menos identificada con los partidos de derechas, aunque entienda que haya a quien le parezca la mejor opci\u00f3n como alternativa a <a title=\"Pedro S\u00e1nchez\" href=\"https:\/\/www.larazon.es\/espana\/sanchez-defiende-coalicion-sumar-pese-discrepancias_202512186943d3ea22f0db7daff639cf.html\" target=\"_blank\" rel=\"nofollow noopener\">Pedro S\u00e1nchez<\/a>. No es su caso y <b>al verse acosada por las r\u00e9plicas, anuncia medidas legales. <\/b><\/p>\n<p>Lolita Flores, a los tribunales para defender sus principios<\/p>\n<p>Cierto es que en los \u00faltimos a\u00f1os se ha vivido un aumento de la polarizaci\u00f3n en cuestiones pol\u00edticas. Se defiende a ultranza un color y se mira a otro lado cuando los representantes de ese grupo caen en errores tales como la corrupci\u00f3n o los esc\u00e1ndalos sexuales. Eso es lo que opinan alguno que han estado machacando a Lolita Flores estos d\u00edas despu\u00e9s de que remarcase su defensa al Partido Socialista. Son muchos los que tratan de hacer que cambie de opini\u00f3n y apoye al bando contrario. Ella no entra a valorar lo que se comenta en sede judicial sobre los presuntos desmanes del Gobierno, tan solo aclara que <b>se siente \u201cm\u00e1s de izquierdas que de derechas\u201d<\/b>. Punto.<\/p>\n<p>Pero no todos est\u00e1n conformes con sus principios y proponen cambi\u00e1rsela a golpe de comentario viral. Son cientos los que han tratado esta proeza y han crispado los nervios de la protagonista. Que ha dicho ya basta. Es por eso que, a trav\u00e9s de un v\u00eddeo, explica la determinaci\u00f3n que le empuja a emprender acciones legales contra todo aquel que le falte el respeto y trata de despreciarla por sus ideas pol\u00edticas. <\/p>\n<p><b>\u201cEstoy un poco harta de los insultos. Cada vez que publico una foto hay alguien que me insulta por mis ideas pol\u00edticas. Tambi\u00e9n me insultan por mi f\u00edsico o porque no debo caer bien\u201d,<\/b> relativiza con sus m\u00e1s de 700.000 seguidores. \u201cYo entiendo que soy una artista y que no le tengo que gustar a todo el mundo, pero ya soy mayor, soy abuela, tengo una familia que me adora y yo no necesito que me insult\u00e9is. Lo digo porque, <b>la pr\u00f3xima vez que ponga algo en Instagram y alguien me insulte, lo denunciar\u00e9\u201d<\/b>. Lo tiene claro Lolita. Lo ha advertido muy seria y est\u00e1 decidida a hacerlo. <\/p>\n","protected":false},"excerpt":{"rendered":"Lolita Flores no ser\u00e1 de las que pase a la historia como una mujer que se callaba lo&hellip;\n","protected":false},"author":2,"featured_media":295422,"comment_status":"","ping_status":"","sticky":false,"template":"","format":"standard","meta":{"footnotes":""},"categories":[174],"tags":[255,146,147,25,24,256,23],"class_list":{"0":"post-295421","1":"post","2":"type-post","3":"status-publish","4":"format-standard","5":"has-post-thumbnail","7":"category-famosos","8":"tag-celebrities","9":"tag-entertainment","10":"tag-entretenimiento","11":"tag-es","12":"tag-espana","13":"tag-famosos","14":"tag-spain"},"share_on_mastodon":{"url":"https:\/\/pubeurope.com\/@es\/115743814086676427","error":""},"_links":{"self":[{"href":"https:\/\/www.europesays.com\/es\/wp-json\/wp\/v2\/posts\/295421","targetHints":{"allow":["GET"]}}],"collection":[{"href":"https:\/\/www.europesays.com\/es\/wp-json\/wp\/v2\/posts"}],"about":[{"href":"https:\/\/www.europesays.com\/es\/wp-json\/wp\/v2\/types\/post"}],"author":[{"embeddable":true,"href":"https:\/\/www.europesays.com\/es\/wp-json\/wp\/v2\/users\/2"}],"replies":[{"embeddable":true,"href":"https:\/\/www.europesays.com\/es\/wp-json\/wp\/v2\/comments?post=295421"}],"version-history":[{"count":0,"href":"https:\/\/www.europesays.com\/es\/wp-json\/wp\/v2\/posts\/295421\/revisions"}],"wp:featuredmedia":[{"embeddable":true,"href":"https:\/\/www.europesays.com\/es\/wp-json\/wp\/v2\/media\/295422"}],"wp:attachment":[{"href":"https:\/\/www.europesays.com\/es\/wp-json\/wp\/v2\/media?parent=295421"}],"wp:term":[{"taxonomy":"category","embeddable":true,"href":"https:\/\/www.europesays.com\/es\/wp-json\/wp\/v2\/categories?post=295421"},{"taxonomy":"post_tag","embeddable":true,"href":"https:\/\/www.europesays.com\/es\/wp-json\/wp\/v2\/tags?post=295421"}],"curies":[{"name":"wp","href":"https:\/\/api.w.org\/{rel}","templated":true}]}}