{"id":295425,"date":"2025-12-19T02:17:20","date_gmt":"2025-12-19T02:17:20","guid":{"rendered":"https:\/\/www.europesays.com\/es\/295425\/"},"modified":"2025-12-19T02:17:20","modified_gmt":"2025-12-19T02:17:20","slug":"doomsday-confirmaria-el-regreso-de-capitan-america","status":"publish","type":"post","link":"https:\/\/www.europesays.com\/es\/295425\/","title":{"rendered":"Doomsday confirmar\u00eda el regreso de Capit\u00e1n Am\u00e9rica"},"content":{"rendered":"<p>                                        ENVIAR<\/p>\n<p>                                            <img decoding=\"async\" src=\"https:\/\/www.europesays.com\/es\/wp-content\/uploads\/2025\/07\/ajax-loader.gif\"\/><br \/>\n                                            Enviando correcci\u00f3n, espere un momento&#8230;<\/p>\n<p>                                                \u00d7<\/p>\n<p>                                            <strong>Por favor complete todos los campos y haga check para certificar la veracidad de los datos antes de enviar la correccion.<\/strong>\n                                        <\/p>\n<p>                                                \u00d7<\/p>\n<p>                                            <strong>Por favor ingrese en e-mail valido.<\/strong>\n                                        <\/p>\n<p>                                                \u00d7<\/p>\n<p>Su mensaje fue enviado \u00a1exitosamente!<\/p>\n<p>Atenderemos su correci\u00f3n cuanto antes<\/p>\n<p>            TV y Espect\u00e1culo<\/p>\n<p>            &gt;<\/p>\n<p>     Noticia<\/p>\n<p>Jueves 18 diciembre de 2025 | 22:42<\/p>\n<p>        <img decoding=\"async\" src=\"https:\/\/www.europesays.com\/es\/wp-content\/uploads\/2025\/08\/1757.jpg\" alt=\"\"\/><\/p>\n<p>        <a class=\"nombre\" href=\"https:\/\/www.biobiochile.cl\/lista\/busca-2020\/autores\/sjerez\" target=\"_blank\" rel=\"nofollow noopener\">Sara Jerez<\/a><\/p>\n<p class=\"cargo\">Periodista cient\u00edfica y colaboradora de Magazine en BioBioChile<\/p>\n<p>            <img decoding=\"async\" src=\"https:\/\/www.europesays.com\/es\/wp-content\/uploads\/2025\/08\/1757.jpg\" alt=\"Foto autor\"\/><\/p>\n<p class=\"nombres\">\n                <a href=\"https:\/\/www.biobiochile.cl\/lista\/autores\/sjerez\" target=\"_blank\" rel=\"nofollow noopener\">Sara Jerez<\/a><\/p>\n<p class=\"cargo\">Periodista cient\u00edfica y colaboradora de Magazine en BioBioChile<\/p>\n<p>                <a href=\"https:\/\/www.biobiochile.cl\/noticias\/espectaculos-y-tv\/cine-y-series\/2025\/12\/18\/mailto:sjerez@biobiochile.cl\" rel=\"nofollow noopener\" target=\"_blank\"><\/a><\/p>\n<p>        <img decoding=\"async\" src=\"https:\/\/www.europesays.com\/es\/wp-content\/uploads\/2025\/08\/1757.jpg\" alt=\"Foto autor\"\/><\/p>\n<p class=\"nombres\">\n<p><a href=\"https:\/\/www.biobiochile.cl\/lista\/autores\/sjerez\" target=\"_blank\" rel=\"nofollow noopener\">Sara Jerez<\/a><\/p>\n<p class=\"cargo\">Periodista cient\u00edfica y colaboradora de Magazine en BioBioChile<\/p>\n<p><a href=\"https:\/\/www.biobiochile.cl\/noticias\/espectaculos-y-tv\/cine-y-series\/2025\/12\/18\/mailto:sjerez@biobiochile.cl\" rel=\"nofollow noopener\" target=\"_blank\"><\/a><\/p>\n<p>            <img decoding=\"async\" class=\"post-image-principal\" src=\"https:\/\/www.europesays.com\/es\/wp-content\/uploads\/2025\/12\/capitan-america.jpg\" alt=\"Capit\u00e1n Am\u00e9rica\"\/><\/p>\n<p>            <a href=\"https:\/\/media.biobiochile.cl\/wp-content\/uploads\/2025\/12\/social-capitan-america.jpg\" target=\"_blank\" rel=\"nofollow noopener\"><\/p>\n<p>            <\/a><\/p>\n<p>                            <img decoding=\"async\" class=\"imagen-icon\" src=\"https:\/\/www.europesays.com\/es\/wp-content\/uploads\/2025\/07\/icon.png\"\/><br \/>\n                             VER RESUMEN<\/p>\n<p>                                Resumen generado con una herramienta de Inteligencia Artificial desarrollada por BioBioChile y revisado por el autor de\u00a0este art\u00edculo.<\/p>\n<p>Chris Evans regresar\u00eda como el Capit\u00e1n Am\u00e9rica en \u00abAvengers: Doomsday\u00bb, con un teaser que se proyect\u00f3 durante el estreno mundial de \u00abAvatar: Fuego y Cenizas\u00bb.  <\/p>\n<p>Todo indica que <strong>Marvel confirm\u00f3 que Chris Evans regresar\u00e1 como el Capit\u00e1n Am\u00e9rica en Avengers: Doomsday<\/strong>, la esperada nueva entrega de la franquicia de superh\u00e9roes.<\/p>\n<p>El retorno del querido personaje, que se especul\u00f3 durante meses, se concret\u00f3 durante el estreno mundial de la pel\u00edcula Avatar: Fuego y Cenizas, seg\u00fan reportan medios especializados.<\/p>\n<p>De acuerdo con <a href=\"https:\/\/variety.com\/2025\/film\/news\/chris-evans-avengers-doomsday-teaser-captain-america-1236609054\/\" rel=\"noopener nofollow\" target=\"_blank\">Variety<\/a>, all\u00ed los cines proyectaron un teaser (adelanto) de la nueva de Avengers, donde aparece el mism\u00edsimo Steve Rogers. Estas im\u00e1genes ya se hab\u00edan filtrado hace unos d\u00edas.<\/p>\n<p>El avance est\u00e1 ambientado en lo que parece ser una granja, donde <strong>se puede ver a Rogers llegando en una motocicleta<\/strong>. Adem\u00e1s, <strong>el personaje aparece junto a un beb\u00e9<\/strong>. <\/p>\n<p>Cabe se\u00f1alar que, este Capit\u00e1n Am\u00e9rica podr\u00eda pertenecer a otro universo y no al que vimos previamente en la saga. Recordemos que, ese Steve Rogers se perdi\u00f3 en Avengers: Endgame, cuando decidi\u00f3 quedarse en el pasado y envejeci\u00f3.<\/p>\n<p><strong>El nuevo Capit\u00e1n Am\u00e9rica en el universo que ya conocemos de los Avengers ser\u00eda Sam Wilson<\/strong>, antes Falcon, interpretado por Anthony Mackie, a quien Rogers dej\u00f3 su escudo.<\/p>\n<p>Al final del adelanto, se lee en pantalla que: <strong>\u201cSteve Rogers regresar\u00e1 para Avengers: Doomsday\u201c<\/strong>. La pel\u00edcula est\u00e1 programada para estrenarse el 18 de diciembre del 2026, exactamente en un a\u00f1o m\u00e1s.<\/p>\n<blockquote class=\"twitter-tweet\">\n<p lang=\"en\" dir=\"ltr\">Captain America ( Chris Evans) really is coming back in Avengers Doomsday \ud83e\udd79<a href=\"https:\/\/twitter.com\/hashtag\/AvengersDoomsday?src=hash&amp;ref_src=twsrc%5Etfw\" rel=\"nofollow noopener\" target=\"_blank\">#AvengersDoomsday<\/a> <a href=\"https:\/\/t.co\/T0gIE8Hh8G\" rel=\"nofollow\">pic.twitter.com\/T0gIE8Hh8G<\/a><\/p>\n<p>\u2014 IAM ABHISHEK.P (@IAM_ABHISHEK_P) <a href=\"https:\/\/twitter.com\/IAM_ABHISHEK_P\/status\/2000631902760562840?ref_src=twsrc%5Etfw\" rel=\"nofollow noopener\" target=\"_blank\">December 15, 2025<\/a><\/p>\n<\/blockquote>\n<p class=\"google-text\">S\u00edguenos en Google News:<\/p>\n<p>                <a href=\"https:\/\/news.google.com\/publications\/CAAqBwgKMOnRrQsw9tzFAw?hl=es-419&amp;gl=CL&amp;ceid=CL%3Aes-419\" target=\"_blank\" rel=\"nofollow noopener\"><br \/>\n                    <img decoding=\"async\" src=\"https:\/\/www.europesays.com\/es\/wp-content\/uploads\/2025\/07\/logo_google_news.png\" alt=\"Logo Google News\"\/><br \/>\n                <\/a><\/p>\n<p>Suscr\u00edbete en nuestro canal de Whatsapp:<\/p>\n<p>                <a href=\"https:\/\/whatsapp.com\/channel\/0029Va59o6M2kNFwxfIND617\" target=\"_blank\" rel=\"nofollow noopener\"><br \/>\n                    <img decoding=\"async\" src=\"https:\/\/www.europesays.com\/es\/wp-content\/uploads\/2025\/07\/logo_whatsapp.png\" alt=\"Logo WhatsApp\"\/><br \/>\n                <\/a><\/p>\n<p>Suscr\u00edbete en nuestro canal de Youtube:<\/p>\n<p>                <a href=\"https:\/\/www.youtube.com\/@BioBioChile\" target=\"_blank\" rel=\"nofollow noopener\"><br \/>\n                    <img decoding=\"async\" src=\"https:\/\/www.europesays.com\/es\/wp-content\/uploads\/2025\/07\/logo_youtube.png\" alt=\"Logo Youtube\"\/><br \/>\n                <\/a><\/p>\n<p>    <a href=\"https:\/\/www.biobiochile.cl\/newsletter\/\" rel=\"nofollow noopener\" target=\"_blank\"><br \/>\n        <img decoding=\"async\" class=\"w-100 my-3\" src=\"https:\/\/www.europesays.com\/es\/wp-content\/uploads\/2025\/07\/escritorio-nota.png\"\/><br \/>\n    <\/a>    <\/p>\n<p>\n  primary:<br \/>\n  espectaculos-y-tv<br \/>\n  espectaculos\n<\/p>\n<p>                    <script async src=\"https:\/\/platform.twitter.com\/widgets.js\" charset=\"utf-8\"><\/script><\/p>\n","protected":false},"excerpt":{"rendered":"ENVIAR Enviando correcci\u00f3n, espere un momento&#8230; \u00d7 Por favor complete todos los campos y haga check para certificar&hellip;\n","protected":false},"author":2,"featured_media":295426,"comment_status":"","ping_status":"","sticky":false,"template":"","format":"standard","meta":{"footnotes":""},"categories":[169],"tags":[70010,50410,70499,177,146,147,25,24,176,2631,175,10140,23,70500],"class_list":{"0":"post-295425","1":"post","2":"type-post","3":"status-publish","4":"format-standard","5":"has-post-thumbnail","7":"category-cine","8":"tag-avengersdoomsday","9":"tag-capitan-america","10":"tag-chirs-evans","11":"tag-cine","12":"tag-entertainment","13":"tag-entretenimiento","14":"tag-es","15":"tag-espana","16":"tag-film","17":"tag-marvel","18":"tag-movies","19":"tag-seleccion-tendencias","20":"tag-spain","21":"tag-steve-rogers"},"share_on_mastodon":{"url":"https:\/\/pubeurope.com\/@es\/115743834281006309","error":""},"_links":{"self":[{"href":"https:\/\/www.europesays.com\/es\/wp-json\/wp\/v2\/posts\/295425","targetHints":{"allow":["GET"]}}],"collection":[{"href":"https:\/\/www.europesays.com\/es\/wp-json\/wp\/v2\/posts"}],"about":[{"href":"https:\/\/www.europesays.com\/es\/wp-json\/wp\/v2\/types\/post"}],"author":[{"embeddable":true,"href":"https:\/\/www.europesays.com\/es\/wp-json\/wp\/v2\/users\/2"}],"replies":[{"embeddable":true,"href":"https:\/\/www.europesays.com\/es\/wp-json\/wp\/v2\/comments?post=295425"}],"version-history":[{"count":0,"href":"https:\/\/www.europesays.com\/es\/wp-json\/wp\/v2\/posts\/295425\/revisions"}],"wp:featuredmedia":[{"embeddable":true,"href":"https:\/\/www.europesays.com\/es\/wp-json\/wp\/v2\/media\/295426"}],"wp:attachment":[{"href":"https:\/\/www.europesays.com\/es\/wp-json\/wp\/v2\/media?parent=295425"}],"wp:term":[{"taxonomy":"category","embeddable":true,"href":"https:\/\/www.europesays.com\/es\/wp-json\/wp\/v2\/categories?post=295425"},{"taxonomy":"post_tag","embeddable":true,"href":"https:\/\/www.europesays.com\/es\/wp-json\/wp\/v2\/tags?post=295425"}],"curies":[{"name":"wp","href":"https:\/\/api.w.org\/{rel}","templated":true}]}}