{"id":295438,"date":"2025-12-19T02:24:12","date_gmt":"2025-12-19T02:24:12","guid":{"rendered":"https:\/\/www.europesays.com\/es\/295438\/"},"modified":"2025-12-19T02:24:12","modified_gmt":"2025-12-19T02:24:12","slug":"la-izquierda-alerta-del-riesgo-de-perder-servicios-publicos-en-extremadura-mientras-vox-recurre-a-la-descalificacion-en-el-debate-a-tres-sin-guardiola","status":"publish","type":"post","link":"https:\/\/www.europesays.com\/es\/295438\/","title":{"rendered":"La izquierda alerta del riesgo de perder servicios p\u00fablicos en Extremadura mientras Vox recurre a la descalificaci\u00f3n en el debate a tres sin Guardiola"},"content":{"rendered":"<p class=\"article-text\">\n        Con la marcada ausencia de la favorita del 21D, la presidenta de la Junta de Extremadura y candidata del PP a la reelecci\u00f3n, Mar\u00eda Guardiola, que rechaz\u00f3 la invitaci\u00f3n de RTVE, el inusual debate a tres entre PSOE, Unidas por Extremadura y Vox que se ha celebrado este jueves a tres d\u00edas de las elecciones extreme\u00f1as ha evidenciado el temor de la izquierda de perder derechos sociales y servicios p\u00fablicos en la regi\u00f3n en el caso de que el domingo las derechas puedan sumar para volver a gobernar la regi\u00f3n. La extrema derecha, en cambio, ha evitado plantear propuestas concretas y se ha centrado en descalificar a sus contrincantes durante el cara a cara.\n    <\/p>\n<p>    <a href=\"https:\/\/www.eldiario.es\/extremadura\/psoe-resigna-campana-imposible-extremadura-candidato-procesado_1_12855602.html\" data-mrf-recirculation=\"saber-mas\" data-dl-event=\"saber-mas\" rel=\"nofollow noopener\" target=\"_blank\"><\/p>\n<p class=\"know-more__title\">El PSOE se resigna en una campa\u00f1a imposible en Extremadura con su candidato procesado<\/p>\n<p>            <img decoding=\"async\" class=\"lazy\" loading=\"lazy\" data-src=\"https:\/\/static.eldiario.es\/clip\/8fcc27ac-b0b5-4efd-9731-a161f00028b0_16-9-aspect-ratio_default_0.jpg\" src=\"data:image\/svg+xml,%3Csvg xmlns=\" http:=\"\" viewbox=\"0 0 880 495\" alt=\"El PSOE se resigna en una campa\u00f1a imposible en Extremadura con su candidato procesado\"\/><\/p>\n<p>                        <\/a><\/p>\n<p class=\"article-text\">\n        \u201cNos estamos jugando el futuro de los servicios p\u00fablicos. Las derechas quieren deteriorar lo que es de todos y darles el negocio a unos pocos\u201d, ha advertido Irene de Miguel, candidata de Unidas por Extremadura, justo al inicio del debate moderado por el periodista Xabier Fortes. \u201cNos jugamos una Extremadura para todos, que los servicios p\u00fablicos sean de calidad y blindar sanidad y la educaci\u00f3n p\u00fablicas\u201d, ha alertado, por su parte, el candidato del PSOE a presidir la Junta, Miguel \u00c1ngel Gallardo.\n    <\/p>\n<p class=\"article-text\">\n        El rechazo de Guardiola a participar en el encuentro ha sido recordado en numerosas ocasiones a lo largo de los m\u00e1s de 75 minutos en los que se ha alargado el cara a cara. Los representantes de la izquierda han considerado precisamente que la presencia de la a\u00fan presidenta era este jueves \u201cm\u00e1s necesaria que nunca\u201d ante el devenir de los \u00faltimos d\u00edas de la campa\u00f1a en los que <a href=\"https:\/\/www.eldiario.es\/extremadura\/guardiola-saca-carta-pucherazo-electoral-desaparece-no-explicar-escandalos-machistas-pp-extremeno_1_12856262.html\" target=\"_blank\" data-mrf-recirculation=\"links-noticia\" class=\"link\" rel=\"nofollow noopener\">han aflorado distintos esc\u00e1ndalos sobre actitudes machistas vinculados al PP<\/a>.\n    <\/p>\n<p class=\"article-text\">\n        Gallardo ha dicho que Guardiola pod\u00eda haber explicado durante el debate \u201cc\u00f3mo ha tenido un conductor condenado por violencia machista\u201d, en alusi\u00f3n al <a href=\"https:\/\/www.eldiario.es\/extremadura\/primo-chofer-guardiola-condenado-coacciones-junta-cesa-publicarse-sistema-viogen_1_12854501.html\" target=\"_blank\" data-mrf-recirculation=\"links-noticia\" class=\"link\" rel=\"nofollow noopener\">ch\u00f3fer cesado el mi\u00e9rcoles<\/a> tras conocerse que hab\u00eda sido condenado hace ocho meses por coacciones a su expareja. El socialista tambi\u00e9n ha mencionado el caso de presunto acoso del alcalde de Navalmoral de la Mata, del PP, a una concejala del municipio <a href=\"https:\/\/www.eldiario.es\/extremadura\/politica\/pongan-etiqueta-trato-machista-haber-lio-audio-dirigente-pp-guardiola-intentando-tapar-caso-acoso_1_12855674.html\" target=\"_blank\" data-mrf-recirculation=\"links-noticia\" class=\"link\" rel=\"nofollow noopener\">desvelado por elDiario.es<\/a>. \u201cLo de Navalmoral nos ha recordado al caso Nevenka\u201d, ha dicho el dirigente socialista, que ha acusado al PP de \u201cdefender al acosador\u201d en lugar de a las v\u00edctimas.\n    <\/p>\n<p class=\"article-text\">\n        Tanto el candidato del PSOE como la de Unidas por Extremadura se han afanado durante la contienda en identificar al desconocido aspirante de Vox, \u00d3scar Fern\u00e1ndez, como el \u201cportavoz\u201d de Guardiola e incluso el \u201ctestaferro\u201d de la dirigente del PP, al dar por hecho que ambas derechas pactar\u00e1n si suman en las elecciones del domingo.\n    <\/p>\n<p class=\"article-text\">\n        El representante de la extrema derecha, visiblemente nervioso, ha optado por la descalificaci\u00f3n y ha agitado la xenofobia durante el debate. Fern\u00e1ndez ha asegurado que sus dos contrincantes en el encuentro son de \u201cdos partidos que cuando han gobernado han sacado a violadores a la calle, han desprotegido a las mujeres y han tra\u00eddo a islamistas para quienes las mujeres son poco m\u00e1s que un mueble o un animal\u201d. Dirigi\u00e9ndose al candidato del PSOE, el dirigente de Vox le ha dicho que los socialistas \u201cm\u00e1s que un partido son una manada\u201d. \u201cSon un peligro para las mujeres, pero especialmente para las suyas\u201d, le ha espetado. Adem\u00e1s, ha pedido a Unidas por Extremadura \u201cpedir perd\u00f3n por sacar a violadores de la c\u00e1rcel o reducir penas a maltratadores\u201d.\u00a0\n    <\/p>\n<p>    La advertencia de De Miguel a Gallardo<\/p>\n<p class=\"article-text\">\n        En el bloque de los posibles pactos postelectorales, Gallardo ha tendido la mano a Unidas por Extremadura. \u201cSolo hay dos caminos, el de PP y Vox o gobernar con una mayor\u00eda progresista. Por encima de nuestras diferencias est\u00e1 Extremadura\u201d, ha dicho. En esa l\u00ednea, ha asegurado que \u201csi hay mayor\u00eda progresista\u201d el 21D se podr\u00e1 \u201cproteger y blindar la sanidad, la educaci\u00f3n y dar esperanza\u201d a las nuevas generaciones.\u00a0\n    <\/p>\n<p class=\"article-text\">\n        De Miguel ha defendido una idea similar aunque con matices. \u201cHay dos alternativas, un bloque reaccionario y conservador y uno progresista\u201d, ha apuntado. Pero, a rengl\u00f3n seguido, ha insinuado que ese acuerdo no podr\u00e1 producirse si la negociaci\u00f3n est\u00e1 encabezada por Gallardo, <a href=\"https:\/\/www.eldiario.es\/extremadura\/psoe-resigna-campana-imposible-extremadura-candidato-procesado_1_12855602.html\" target=\"_blank\" data-mrf-recirculation=\"links-noticia\" class=\"link\" rel=\"nofollow noopener\">imputado por el caso de la contrataci\u00f3n del hermano de Pedro S\u00e1nchez<\/a>. \u201cQuiero liderar un gobierno progresista y algunos tendr\u00e1n que dar un paso a un lado\u201d, ha dicho, antes de dirigirse a Gallardo y afirmar que le produjo \u201cmucho bochorno el aforamiento\u201d del dirigente socialista justo cuando fue imputado. \u201cEl PSOE se merece una reflexi\u00f3n profunda\u201d, le ha espetado, adem\u00e1s de remarcar que hay dirigentes que mantienen una mochila \u201cincompatible para llegar a acuerdos\u201d.\u00a0\n    <\/p>\n<p class=\"article-text\">\n        Los representantes de la izquierda han insistido tambi\u00e9n en la falta de independencia del candidato de Vox. \u201cDa igual lo que diga el se\u00f1or Fern\u00e1ndez, ser\u00e1 lo que diga Abascal\u201d, ha asegurado Irene de Miguel, de cara a lo que pueda hacer la extrema derecha tras el 21D. Y Gallardo, por su parte, ha asegurado que Guardiola \u201cha dejado a su testaferro de Vox para que venga a defenderla\u201d, mientras Fern\u00e1ndez trataba de desvincularse una y otra vez del PP a pesar de que su partido la hizo presidenta en 2023 y gobern\u00f3 con ella hasta que la direcci\u00f3n nacional de Vox decidi\u00f3 romper con los populares, en verano de 2024.\n    <\/p>\n<p class=\"article-text\">\n        De Miguel ha ironizado precisamente con la h\u00edper presencia de Abascal en la campa\u00f1a. \u201cLos que vienen a Extremadura a andar en caballo es que precisamente no vienen a defender a la agricultura familiar, sino al terrateniente\u201d, ha dicho. \u201cAbascal viene a disfrazarse de se\u00f1orito Iv\u00e1n\u201d, ha a\u00f1adido, mientras el portavoz de Vox intentaba cortarle. De Miguel ha pedido a los agricultores extreme\u00f1os \u201cque dejen de escuchar los cantos de sirena de quien solo quiere arruinar el campo\u201d, en alusi\u00f3n a la extrema derecha. Y el candidato de Vox le ha dicho que cada vez que Abascal viaja a Extremadura \u201ces aclamado\u201d por los vecinos.\n    <\/p>\n<p>    Vox llama \u201cm\u00e1s que delincuente\u201d a Gallardo<\/p>\n<p class=\"article-text\">\n        El debate hab\u00eda comenzado con un cruce de reproches entre la izquierda y la extrema derecha. Tanto Miguel \u00c1ngel Gallardo como Irene de Miguel han considerado a \u00d3scar Fern\u00e1ndez como \u201cportavoz\u201d del Gobierno de Guardiola. \u201cEst\u00e1 representada por el se\u00f1or Fern\u00e1ndez, aunque [ambos dirigentes] est\u00e9n en modo Pimpinela\u201d, ha ironizado, por su parte, el socialista Gallardo.\n    <\/p>\n<p>    <a href=\"https:\/\/www.eldiario.es\/extremadura\/guardiola-saca-carta-pucherazo-electoral-desaparece-no-explicar-escandalos-machistas-pp-extremeno_1_12856262.html\" data-mrf-recirculation=\"saber-mas-abajo\" data-dl-event=\"saber-mas-abajo\" rel=\"nofollow noopener\" target=\"_blank\"><\/p>\n<p class=\"know-more__title\">Guardiola saca la carta del pucherazo electoral y desaparece para no explicar los esc\u00e1ndalos machistas en el PP extreme\u00f1o<\/p>\n<p>            <img decoding=\"async\" class=\"lazy\" loading=\"lazy\" data-src=\"https:\/\/static.eldiario.es\/clip\/62eaa15e-24a1-45dc-8284-9c8c49dd3bfa_16-9-aspect-ratio_default_0.jpg\" src=\"data:image\/svg+xml,%3Csvg xmlns=\" http:=\"\" viewbox=\"0 0 880 495\" alt=\"Guardiola saca la carta del pucherazo electoral y desaparece para no explicar los esc\u00e1ndalos machistas en el PP extreme\u00f1o\"\/><\/p>\n<p>                        <\/a><\/p>\n<p class=\"article-text\">\n        El representante de la extrema derecha ha llamado al del PSOE \u201cm\u00e1s que un presunto delincuente\u201d y ha calificado a la de Unidas por Extremadura como \u201crepresentante de la miseria\u201d. \u201cSe le est\u00e1 poniendo cara de vicepresidente si le dan los n\u00fameros\u201d, ha insistido De Miguel, dirigi\u00e9ndose a Fern\u00e1ndez Calle.\n    <\/p>\n","protected":false},"excerpt":{"rendered":"Con la marcada ausencia de la favorita del 21D, la presidenta de la Junta de Extremadura y candidata&hellip;\n","protected":false},"author":2,"featured_media":295439,"comment_status":"","ping_status":"","sticky":false,"template":"","format":"standard","meta":{"footnotes":""},"categories":[8],"tags":[517,7239,7235,17,18,3975,25,24,7234,13,14,11,7238,7237,19,20,7236,9,10,15,16,952,492,23,12,21,22],"class_list":{"0":"post-295438","1":"post","2":"type-post","3":"status-publish","4":"format-standard","5":"has-post-thumbnail","7":"category-espana","8":"tag-actualidad","9":"tag-agro","10":"tag-badajoz","11":"tag-breaking-news","12":"tag-breakingnews","13":"tag-caceres","14":"tag-es","15":"tag-espana","16":"tag-extremadura","17":"tag-featured-news","18":"tag-featurednews","19":"tag-headlines","20":"tag-jesus-conde","21":"tag-jose-l-aroca","22":"tag-latest-news","23":"tag-latestnews","24":"tag-merida","25":"tag-news","26":"tag-noticias","27":"tag-noticias-destacadas","28":"tag-noticiasdestacadas","29":"tag-politica","30":"tag-sociedad","31":"tag-spain","32":"tag-titulares","33":"tag-ultimas-noticias","34":"tag-ultimasnoticias"},"share_on_mastodon":{"url":"https:\/\/pubeurope.com\/@es\/115743861220661754","error":""},"_links":{"self":[{"href":"https:\/\/www.europesays.com\/es\/wp-json\/wp\/v2\/posts\/295438","targetHints":{"allow":["GET"]}}],"collection":[{"href":"https:\/\/www.europesays.com\/es\/wp-json\/wp\/v2\/posts"}],"about":[{"href":"https:\/\/www.europesays.com\/es\/wp-json\/wp\/v2\/types\/post"}],"author":[{"embeddable":true,"href":"https:\/\/www.europesays.com\/es\/wp-json\/wp\/v2\/users\/2"}],"replies":[{"embeddable":true,"href":"https:\/\/www.europesays.com\/es\/wp-json\/wp\/v2\/comments?post=295438"}],"version-history":[{"count":0,"href":"https:\/\/www.europesays.com\/es\/wp-json\/wp\/v2\/posts\/295438\/revisions"}],"wp:featuredmedia":[{"embeddable":true,"href":"https:\/\/www.europesays.com\/es\/wp-json\/wp\/v2\/media\/295439"}],"wp:attachment":[{"href":"https:\/\/www.europesays.com\/es\/wp-json\/wp\/v2\/media?parent=295438"}],"wp:term":[{"taxonomy":"category","embeddable":true,"href":"https:\/\/www.europesays.com\/es\/wp-json\/wp\/v2\/categories?post=295438"},{"taxonomy":"post_tag","embeddable":true,"href":"https:\/\/www.europesays.com\/es\/wp-json\/wp\/v2\/tags?post=295438"}],"curies":[{"name":"wp","href":"https:\/\/api.w.org\/{rel}","templated":true}]}}