{"id":295442,"date":"2025-12-19T02:38:10","date_gmt":"2025-12-19T02:38:10","guid":{"rendered":"https:\/\/www.europesays.com\/es\/295442\/"},"modified":"2025-12-19T02:38:10","modified_gmt":"2025-12-19T02:38:10","slug":"asi-queda-el-casademont-zaragoza-en-la-clasificacion-de-la-euroliga","status":"publish","type":"post","link":"https:\/\/www.europesays.com\/es\/295442\/","title":{"rendered":"As\u00ed queda el Casademont Zaragoza en la clasificaci\u00f3n de la Euroliga"},"content":{"rendered":"<p class=\"paragraph\">El Casademont Zaragoza <a href=\"https:\/\/www.heraldo.es\/noticias\/deportes\/baloncesto\/2025\/12\/18\/partido-casademont-zaragoza-fenerbahce-en-directo-1879673.html\" title=\"Resumen del Partido Casademont Zaragoza-Fenerbahce: resultado, jugadoras destacadas...\" rel=\"nofollow noopener\" target=\"_blank\">cedi\u00f3 este jueves ante el Fenerbahce (64-95), <\/a>en la segunda ronda de la Euroliga, tras un partido que encarril\u00f3 el cuadro turco en los primeros compases debido a su inmenso talento ofensivo.\u00a0En conjunto aragon\u00e9s<b> no pudo contar con la presencia de Carla Leite, <\/b>uno de sus mayores talentos ofensivos.<\/p>\n<p class=\"paragraph\">Adem\u00e1s, <b>el Reyer Venecia<\/b> <b>se impuso con muchas dificultades al DVTK<\/b> (83-81), despu\u00e9s de remontar una desventaja de diez puntos en el \u00faltimo cuarto. Mientras, el Valencia Basket super\u00f3 en Francia al Landes (57-66) con Leo Fiebich (13 tantos) como m\u00e1xima anotadora.\u00a0\u00a0<\/p>\n<p class=\"paragraph\">El conjunto aragon\u00e9s permanece ahora con cuatro victorias y cuatro derrotas en ocho partidos. <b>Lidera la tabla el Fenerbahce, <\/b>que sigue invicto en la presente edici\u00f3n del torneo y se confirma como el principal favorito al t\u00edtulo. Por detr\u00e1s de la escuadra de Miguel M\u00e9ndez se sit\u00faa el Basket Landes, con cinco victorias. El mismo balance presentan el Reyer Venecia y el Valencia Basket -tercer y cuarto clasificado, respectivamente-, mientras que el Casademont es quinto. El colista del grupo es el DVTK, con una sola victoria en 10 encuentros.\u00a0\u00a0<\/p>\n<p class=\"paragraph\">En su anterior compromiso, <b>el Casademont hab\u00eda sorprendido al Valencia Basket (63-70),<\/b> el pasado 9 de diciembre, en el Roig Arena, tras remontar una desventaja de 19 puntos en los \u00faltimos nueve minutos del choque.\u00a0<\/p>\n<p class=\"paragraph\">En la siguiente jornada,<b> el Casademont Zaragoza visitar\u00e1 Hungr\u00eda <\/b>para medirse con el DVTK, en un duelo programado para el 14 de enero. Siete d\u00edas m\u00e1s tarde, el conjunto de Carlos Cantero recibir\u00e1 al Valencia Basket en el pabell\u00f3n Pr\u00edncipe Felipe; luego se desplazar\u00e1 a Estambul, el 28 de nero, para jugar contra el Fenerbahce; y cerrar\u00e1 la segunda fase del torneo ante las h\u00fangaras, el 4 de febrero.\u00a0\u00a0<\/p>\n<p class=\"paragraph\">En la Liga Femenina, el Casademont lidera la clasificaci\u00f3n junto al Girona, <b>ambos con un balance de nueve triunfos y una sola derrota <\/b>en los diez partidos disputados. El equipo de Carlos Cantero visita este domingo la pista del Hozono Global Jairis, en el partido correspondiente a la duod\u00e9cima jornada de la competici\u00f3n regular.\u00a0<\/p>\n","protected":false},"excerpt":{"rendered":"El Casademont Zaragoza cedi\u00f3 este jueves ante el Fenerbahce (64-95), en la segunda ronda de la Euroliga, tras&hellip;\n","protected":false},"author":2,"featured_media":295443,"comment_status":"","ping_status":"","sticky":false,"template":"","format":"standard","meta":{"footnotes":""},"categories":[269],"tags":[299,298,2511,4616,168,25,24,833,3041,23,167,491],"class_list":{"0":"post-295442","1":"post","2":"type-post","3":"status-publish","4":"format-standard","5":"has-post-thumbnail","7":"category-baloncesto","8":"tag-baloncesto","9":"tag-basketball","10":"tag-casademont","11":"tag-clasificacion","12":"tag-deportes","13":"tag-es","14":"tag-espana","15":"tag-euroliga","16":"tag-queda","17":"tag-spain","18":"tag-sports","19":"tag-zaragoza"},"share_on_mastodon":{"url":"https:\/\/pubeurope.com\/@es\/115743916351441384","error":""},"_links":{"self":[{"href":"https:\/\/www.europesays.com\/es\/wp-json\/wp\/v2\/posts\/295442","targetHints":{"allow":["GET"]}}],"collection":[{"href":"https:\/\/www.europesays.com\/es\/wp-json\/wp\/v2\/posts"}],"about":[{"href":"https:\/\/www.europesays.com\/es\/wp-json\/wp\/v2\/types\/post"}],"author":[{"embeddable":true,"href":"https:\/\/www.europesays.com\/es\/wp-json\/wp\/v2\/users\/2"}],"replies":[{"embeddable":true,"href":"https:\/\/www.europesays.com\/es\/wp-json\/wp\/v2\/comments?post=295442"}],"version-history":[{"count":0,"href":"https:\/\/www.europesays.com\/es\/wp-json\/wp\/v2\/posts\/295442\/revisions"}],"wp:featuredmedia":[{"embeddable":true,"href":"https:\/\/www.europesays.com\/es\/wp-json\/wp\/v2\/media\/295443"}],"wp:attachment":[{"href":"https:\/\/www.europesays.com\/es\/wp-json\/wp\/v2\/media?parent=295442"}],"wp:term":[{"taxonomy":"category","embeddable":true,"href":"https:\/\/www.europesays.com\/es\/wp-json\/wp\/v2\/categories?post=295442"},{"taxonomy":"post_tag","embeddable":true,"href":"https:\/\/www.europesays.com\/es\/wp-json\/wp\/v2\/tags?post=295442"}],"curies":[{"name":"wp","href":"https:\/\/api.w.org\/{rel}","templated":true}]}}