{"id":295444,"date":"2025-12-19T02:39:11","date_gmt":"2025-12-19T02:39:11","guid":{"rendered":"https:\/\/www.europesays.com\/es\/295444\/"},"modified":"2025-12-19T02:39:11","modified_gmt":"2025-12-19T02:39:11","slug":"los-posibles-rivales-del-betis-en-los-octavos-de-final-de-la-copa-del-rey","status":"publish","type":"post","link":"https:\/\/www.europesays.com\/es\/295444\/","title":{"rendered":"Los posibles rivales del Betis en los octavos de final de la Copa del Rey"},"content":{"rendered":"<p style=\"\">Han finalizado este jueves el grueso de las eliminatorias de los dieciseisavos de final de la<strong> Copa del Rey<\/strong>, una ronda que ha conseguido superar el Real Betis tras vencer precisamente esta misma noche en la Nueva Condomina &#8211; Estadio Enrique Roca al Real  &#8230; Murcia por 0 a 2. As\u00ed las cosas, el equipo de Manuel <strong>Pellegrini<\/strong> disputar\u00e1 <strong>entre el 13 y el 15 de enero<\/strong> la eliminatoria de <strong>octavos de final<\/strong> para la que conocer\u00e1 a su rival en el <strong>sorteo<\/strong> que se celebrar\u00e1 el <strong>pr\u00f3ximo 7 de enero.<\/strong> Precisamente, el sorteo se celebra ese d\u00eda porque justo el anterior, el d\u00eda 6 de enero, el Rayo Vallecano visitar\u00e1 al Granada para dilucidar quien ser\u00e1 el \u00faltimo equipo que jugar\u00e1 los octavos de final del torneo copero 25-26.<\/p>\n<p class=\"voc-p\" style=\"\">Volvi\u00f3 a haber sorpresas en las eliminatorias de este jueves. Adem\u00e1s del pase del Betis en tierras murcianas, tambi\u00e9n consigui\u00f3 su billete para los octavos de final el Athletic Club en Ourense (0-1, en la pr\u00f3rroga), pero el <strong>Getafe<\/strong>, pr\u00f3ximo rival del Betis en LaLiga, <strong>cay\u00f3 eliminado (3-1) en Burgos.<\/strong><\/p>\n<p class=\"voc-p\" style=\"\">Por lo tanto, en estos momentos y de cara al sorteo del pr\u00f3ximo 7 de enero hay 15 equipos clasificados, <strong>cinco de Segunda divisi\u00f3n y diez de Primera<\/strong>, a expensas de conocer la soluci\u00f3n de la eliminatoria entre el Granada y el Rayo Vallecano.<\/p>\n<p class=\"voc-p\" style=\"\">En los octavos de final, los cuatro equipos de la Supercopa de Espa\u00f1a, <strong>Barcelona, Real Madrid, Atl\u00e9tico de Madrid y Athletic Club<\/strong>, que se clasificaron tambi\u00e9n para esa ronda, volver\u00e1n a tener <strong>ventaja<\/strong> y quedar\u00e1n <strong>emparejados<\/strong> con los equipos que quedan de <strong>inferior categor\u00eda.<\/strong> As\u00ed que en estos momentos, esos cuatro equipos se enfrentar\u00e1n a <strong>cuatro de los cinco conjuntos de Segunda divisi\u00f3n que quedan &#8216;vivos&#8217;. El que quede de Segunda ya se enfrentar\u00e1 a un equipo de Primera, as\u00ed que <\/strong>el resto de equipos de <strong>Primera<\/strong>, entre ellos el Real Betis, <strong>se emparejar\u00e1n entre ellos siendo el local el que salga en primer lugar<\/strong> en el sorteo.<\/p>\n<p class=\"voc-p\" style=\"\">Los equipos clasificados hasta ahora para los octavos de final son los siguientes:<\/p>\n<p class=\"voc-p\" style=\"\"><strong>Primera divisi\u00f3n (10)<\/strong><\/p>\n<p class=\"voc-p\" style=\"\">Barcelona<\/p>\n<p class=\"voc-p\" style=\"\">Real Madrid<\/p>\n<p class=\"voc-p\" style=\"\">Atl\u00e9tico de Madrid<\/p>\n<p class=\"voc-p\" style=\"\">Athletic Club<\/p>\n<p class=\"voc-p\" style=\"\"><strong>Real Betis<\/strong><\/p>\n<p class=\"voc-p\" style=\"\">Alav\u00e9s<\/p>\n<p class=\"voc-p\" style=\"\">Elche<\/p>\n<p class=\"voc-p\" style=\"\">Real Sociedad<\/p>\n<p class=\"voc-p\" style=\"\">Valencia<\/p>\n<p class=\"voc-p\" style=\"\">Osasuna<\/p>\n<p class=\"voc-p\" style=\"\"><strong>Segunda divisi\u00f3n (5)<\/strong><\/p>\n<p class=\"voc-p\" style=\"\">Racing de Santander<\/p>\n<p class=\"voc-p\" style=\"\">Albacete<\/p>\n<p class=\"voc-p\" style=\"\">Cultural Leonesa<\/p>\n<p class=\"voc-p\" style=\"\">Deportivo de La Coru\u00f1a<\/p>\n<p class=\"voc-p\" style=\"\">Burgos<\/p>\n","protected":false},"excerpt":{"rendered":"Han finalizado este jueves el grueso de las eliminatorias de los dieciseisavos de final de la Copa del&hellip;\n","protected":false},"author":2,"featured_media":295445,"comment_status":"","ping_status":"","sticky":false,"template":"","format":"standard","meta":{"footnotes":""},"categories":[268],"tags":[291,2493,168,25,24,1058,280,282,20828,3488,5330,1669,281,23,167],"class_list":{"0":"post-295444","1":"post","2":"type-post","3":"status-publish","4":"format-standard","5":"has-post-thumbnail","7":"category-futbol","8":"tag-betis","9":"tag-copa","10":"tag-deportes","11":"tag-es","12":"tag-espana","13":"tag-final","14":"tag-football","15":"tag-futbol","16":"tag-octavos","17":"tag-posibles","18":"tag-rey","19":"tag-rivales","20":"tag-soccer","21":"tag-spain","22":"tag-sports"},"share_on_mastodon":{"url":"https:\/\/pubeurope.com\/@es\/115743920258385299","error":""},"_links":{"self":[{"href":"https:\/\/www.europesays.com\/es\/wp-json\/wp\/v2\/posts\/295444","targetHints":{"allow":["GET"]}}],"collection":[{"href":"https:\/\/www.europesays.com\/es\/wp-json\/wp\/v2\/posts"}],"about":[{"href":"https:\/\/www.europesays.com\/es\/wp-json\/wp\/v2\/types\/post"}],"author":[{"embeddable":true,"href":"https:\/\/www.europesays.com\/es\/wp-json\/wp\/v2\/users\/2"}],"replies":[{"embeddable":true,"href":"https:\/\/www.europesays.com\/es\/wp-json\/wp\/v2\/comments?post=295444"}],"version-history":[{"count":0,"href":"https:\/\/www.europesays.com\/es\/wp-json\/wp\/v2\/posts\/295444\/revisions"}],"wp:featuredmedia":[{"embeddable":true,"href":"https:\/\/www.europesays.com\/es\/wp-json\/wp\/v2\/media\/295445"}],"wp:attachment":[{"href":"https:\/\/www.europesays.com\/es\/wp-json\/wp\/v2\/media?parent=295444"}],"wp:term":[{"taxonomy":"category","embeddable":true,"href":"https:\/\/www.europesays.com\/es\/wp-json\/wp\/v2\/categories?post=295444"},{"taxonomy":"post_tag","embeddable":true,"href":"https:\/\/www.europesays.com\/es\/wp-json\/wp\/v2\/tags?post=295444"}],"curies":[{"name":"wp","href":"https:\/\/api.w.org\/{rel}","templated":true}]}}