{"id":295460,"date":"2025-12-19T02:50:18","date_gmt":"2025-12-19T02:50:18","guid":{"rendered":"https:\/\/www.europesays.com\/es\/295460\/"},"modified":"2025-12-19T02:50:18","modified_gmt":"2025-12-19T02:50:18","slug":"los-sindicatos-aceptan-la-ultima-oferta-de-telefonica-y-aprueban-un-ere-para-4-539-trabajadores","status":"publish","type":"post","link":"https:\/\/www.europesays.com\/es\/295460\/","title":{"rendered":"Los sindicatos aceptan la \u00faltima oferta de Telef\u00f3nica y aprueban un ERE para 4.539 trabajadores"},"content":{"rendered":"<p class=\"article-text\">\n        Telef\u00f3nica vuelve a cerrar un ERE pactado con los sindicatos. Tras un mes de negociaciones, Telef\u00f3nica y los sindicatos mayoritarios han alcanzado un acuerdo definitivo para ejecutar el plan de ajuste laboral de la compa\u00f1\u00eda y renovar el marco de relaciones laborales para lo que resta de d\u00e9cada. Seg\u00fan han confirmado fuentes sindicales, las asambleas han refrendado este jueves los siete Expedientes de Regulaci\u00f3n de Empleo (ERE) planteados por la direcci\u00f3n, as\u00ed como la pr\u00f3rroga de los tres convenios colectivos. La firma oficial que sellar\u00e1 la paz social tendr\u00e1 lugar el pr\u00f3ximo lunes 22 de diciembre.\n    <\/p>\n<p>    <a href=\"https:\/\/www.eldiario.es\/tecnologia\/juego-serpiente-inteligencia-artificial-nokia-ericsson-son-invitadas-secretas-nueva-revolucion_1_12820964.html\" data-mrf-recirculation=\"saber-mas\" data-dl-event=\"saber-mas\" rel=\"nofollow noopener\" target=\"_blank\"><\/p>\n<p class=\"know-more__title\">Del juego de la serpiente a la inteligencia artificial: Nokia y Ericsson son las invitadas secretas de la nueva revoluci\u00f3n<\/p>\n<p>            <img decoding=\"async\" class=\"lazy\" loading=\"lazy\" data-src=\"https:\/\/static.eldiario.es\/clip\/1a7a3275-8f91-4818-bfda-f40065c5fd82_16-9-aspect-ratio_default_0.jpg\" src=\"data:image\/svg+xml,%3Csvg xmlns=\" http:=\"\" viewbox=\"0 0 880 495\" alt=\"Del juego de la serpiente a la inteligencia artificial: Nokia y Ericsson son las invitadas secretas de la nueva revoluci\u00f3n\"\/><\/p>\n<p>                        <\/a><\/p>\n<p class=\"article-text\">\n        El acuerdo final implica la salida de 4.539 en el conjunto del grupo, tras rebajar ese jueves en otras 15 personas la afectaci\u00f3n en Movistar+, la \u00faltima divisi\u00f3n en recibir la oferta definitiva de la compa\u00f1\u00eda.\n    <\/p>\n<p class=\"article-text\">\n        El grueso del recorte recaer\u00e1 finalmente sobre el bloque principal de la operadora, que asumir\u00e1n 3.765 salidas m\u00ednimas, la mayor\u00eda en Telef\u00f3nica de Espa\u00f1a (2.925), seguida de M\u00f3viles (720) y Soluciones (120). Por su parte, las divisiones globales afrontar\u00e1n 599 bajas \u2014con la matriz TSA (301) como la m\u00e1s afectada, junto a Innovaci\u00f3n (186) y Global Solutions (112)\u2014, mientras que la televisi\u00f3n de pago, Movistar+, ajustar\u00e1 su plantilla en 175 personas\n    <\/p>\n<p class=\"article-text\">\n        UGT, cuya asamblea ya ha ratificado por completo el acuerdo, ha calificado el resultado de \u201c\u00e9xito rotundo\u201d. El sindicato destaca la extensi\u00f3n de la jornada laboral de 36 horas semanales a todo el grupo, en el marco de la renegociaci\u00f3n del convenio colectivo que ha tenido lugar de manera paralela a la del ERE. Hasta ahora, este beneficio estaba limitado a las empresas principales, pero el pacto lo ha homogeneizado al resto de la plantilla y marcado, seg\u00fan el sindicato, \u201cun verdadero hito en el conjunto de las empresas espa\u00f1olas\u201d.\n    <\/p>\n<p class=\"article-text\">\n        Fuentes de CCOO, el otro sindicato mayoritario junto a Sumados-Fetico, explican a elDiario.es que la militancia est\u00e1 llevando a cabo la votaci\u00f3n durante la tarde de este jueves. Los resultados de las provincias que van llegando reflejan que una \u201cabrumadora mayor\u00eda de los afiliados est\u00e1n a favor de la firma\u201d. Tanto como CCOO como Sumados-Fetico tienen planeado anunciar la aprobaci\u00f3n este viernes.\n    <\/p>\n<p>    Voluntariedad y relevo generacional<\/p>\n<p class=\"article-text\">\n        Los sindicatos defienden tambi\u00e9n el \u00e9xito de haber mantenido el principio de \u201cvoluntariedad total\u201d a trav\u00e9s de planes de prejubilaci\u00f3n para los mayores de 54 a\u00f1os, con rentas que alcanzan el 68% del salario regulador y el mantenimiento de las cotizaciones a la Seguridad Social. Para los no prejubilables que decidan salir, se han pactado indemnizaciones superiores a las del sector y primas por voluntariedad.\n    <\/p>\n<p class=\"article-text\">\n        Destacan a su vez que el acuerdo incluye la regeneraci\u00f3n de la plantilla. Los sindicatos han forzado un compromiso expl\u00edcito de creaci\u00f3n de empleo: Telef\u00f3nica deber\u00e1 realizar nuevas contrataciones equivalentes a entre el 10% y el 15% de las salidas, dependiendo de la sociedad. Una medida destinada a rejuvenecer las plantillas y evitar la descapitalizaci\u00f3n de talento en \u00e1reas clave.\n    <\/p>\n<p>    <a href=\"https:\/\/www.eldiario.es\/tecnologia\/teleco-rumana-digi-nacionaliza-asalto-definitivo-mercado-espanol_1_12833291.html\" data-mrf-recirculation=\"saber-mas-abajo\" data-dl-event=\"saber-mas-abajo\" rel=\"nofollow noopener\" target=\"_blank\"><\/p>\n<p class=\"know-more__title\">La teleco rumana Digi se &#8216;nacionaliza&#8217; para su asalto definitivo al mercado espa\u00f1ol<\/p>\n<p>            <img decoding=\"async\" class=\"lazy\" loading=\"lazy\" data-src=\"https:\/\/static.eldiario.es\/clip\/3688f0f2-6bd2-4378-91aa-47f173fb318e_16-9-aspect-ratio_default_0.jpg\" src=\"data:image\/svg+xml,%3Csvg xmlns=\" http:=\"\" viewbox=\"0 0 880 495\" alt=\"La teleco rumana Digi se 'nacionaliza' para su asalto definitivo al mercado espa\u00f1ol\"\/><\/p>\n<p>                        <\/a><\/p>\n<p class=\"article-text\">\n        Con la firma del lunes, la direcci\u00f3n encabezada por Marc Murtra, logra v\u00eda libre para <a href=\"https:\/\/www.eldiario.es\/tecnologia\/telefonica-abre-nueva-etapa-centrada-ia-ciberseguridad-reduce-mitad-dividendo-2026_1_12737735.html\" target=\"_blank\" data-mrf-recirculation=\"links-noticia\" class=\"link\" rel=\"nofollow noopener\">su plan estrat\u00e9gico<\/a> con el benepl\u00e1cito de los representantes de los trabajadores, cumpliendo as\u00ed la exigencia del Gobierno de que no hubiera medidas traum\u00e1ticas en la compa\u00f1\u00eda. El Estado es el principal accionista de Telef\u00f3nica a trav\u00e9s de la SEPI, que posee un 10%.\n    <\/p>\n","protected":false},"excerpt":{"rendered":"Telef\u00f3nica vuelve a cerrar un ERE pactado con los sindicatos. Tras un mes de negociaciones, Telef\u00f3nica y los&hellip;\n","protected":false},"author":2,"featured_media":295461,"comment_status":"","ping_status":"","sticky":false,"template":"","format":"standard","meta":{"footnotes":""},"categories":[80],"tags":[2627,70508,70507,57440,82,95,94,17205,25,24,6046,3905,23,1826,4479,1885],"class_list":{"0":"post-295460","1":"post","2":"type-post","3":"status-publish","4":"format-standard","5":"has-post-thumbnail","7":"category-economia","8":"tag-2627","9":"tag-70508","10":"tag-aceptan","11":"tag-aprueban","12":"tag-business","13":"tag-economia","14":"tag-economy","15":"tag-ere","16":"tag-es","17":"tag-espana","18":"tag-oferta","19":"tag-sindicatos","20":"tag-spain","21":"tag-telefonica","22":"tag-trabajadores","23":"tag-ultima"},"share_on_mastodon":{"url":"https:\/\/pubeurope.com\/@es\/115743963571257289","error":""},"_links":{"self":[{"href":"https:\/\/www.europesays.com\/es\/wp-json\/wp\/v2\/posts\/295460","targetHints":{"allow":["GET"]}}],"collection":[{"href":"https:\/\/www.europesays.com\/es\/wp-json\/wp\/v2\/posts"}],"about":[{"href":"https:\/\/www.europesays.com\/es\/wp-json\/wp\/v2\/types\/post"}],"author":[{"embeddable":true,"href":"https:\/\/www.europesays.com\/es\/wp-json\/wp\/v2\/users\/2"}],"replies":[{"embeddable":true,"href":"https:\/\/www.europesays.com\/es\/wp-json\/wp\/v2\/comments?post=295460"}],"version-history":[{"count":0,"href":"https:\/\/www.europesays.com\/es\/wp-json\/wp\/v2\/posts\/295460\/revisions"}],"wp:featuredmedia":[{"embeddable":true,"href":"https:\/\/www.europesays.com\/es\/wp-json\/wp\/v2\/media\/295461"}],"wp:attachment":[{"href":"https:\/\/www.europesays.com\/es\/wp-json\/wp\/v2\/media?parent=295460"}],"wp:term":[{"taxonomy":"category","embeddable":true,"href":"https:\/\/www.europesays.com\/es\/wp-json\/wp\/v2\/categories?post=295460"},{"taxonomy":"post_tag","embeddable":true,"href":"https:\/\/www.europesays.com\/es\/wp-json\/wp\/v2\/tags?post=295460"}],"curies":[{"name":"wp","href":"https:\/\/api.w.org\/{rel}","templated":true}]}}