{"id":295466,"date":"2025-12-19T03:04:10","date_gmt":"2025-12-19T03:04:10","guid":{"rendered":"https:\/\/www.europesays.com\/es\/295466\/"},"modified":"2025-12-19T03:04:10","modified_gmt":"2025-12-19T03:04:10","slug":"antonio-morales-tira-de-ironia-y-devuelve-a-lope-afonso-su-dardo","status":"publish","type":"post","link":"https:\/\/www.europesays.com\/es\/295466\/","title":{"rendered":"Antonio Morales tira de iron\u00eda y devuelve a Lope Afonso su dardo"},"content":{"rendered":"<p class=\"ft-text ft-helper-closenews\">Vuelan los <strong>dardos envenenados entre los Cabildos de Gran Canaria y de Tenerife<\/strong> a ra\u00edz de la decisi\u00f3n del primero de <strong>renunciar a traer la <\/strong><a class=\"ft-link ft-link--decoration\" href=\"https:\/\/www.laprovincia.es\/deportes-canarias\/2025\/11\/28\/pogacar-pena-gran-canaria-haya-124232730.html\" rel=\"nofollow noopener\" target=\"_blank\"><strong>Vuelta a Espa\u00f1a <\/strong><\/a><strong>en 2026<\/strong>, con motivo de la participaci\u00f3n confirmada del equipo<strong> Israel-Premier Tech<\/strong>, a pesar de su decisi\u00f3n de cambiar de nacionalidad y de nombre y posteriormente ser vendido a la<strong> empresa NSN,<\/strong> propiedad del futbolista Andr\u00e9s Iniesta, pasando a correr bajo bandera Suiza y con el nombre NSN-Never Say Never.<\/p>\n<p class=\"ft-text\">La decisi\u00f3n desat\u00f3 una ola de cr\u00edticas desde la isla vecina, encabezadas por el vicepresidente del Cabildo de Tenerife, <strong>Lope Afonso<\/strong>, que catalog\u00f3 las explicaciones de sus vecinos como \u00abuna <strong>excusa de mal pagador<\/strong>\u00bb, dejando entrever que est\u00e1n trabajando para intentar traer en solitario en 2027 la ronda espa\u00f1ola a su isla, proponiendo un final de etapa en el Teide.<\/p>\n<p class=\"ft-text\"><strong>Antonio Morales<\/strong>, presidente del Cabildo de Gran Canaria, en un<strong> tono m\u00e1s ir\u00f3nico que de costumbre<\/strong>, recogi\u00f3 esas palabras para devolver un dardo envenenado hacia el vicepresidente del Cabildo de Tenerife: \u00abMe han llegado rumores del se\u00f1or Lope Afonso relami\u00e9ndose las heridas una y otra vez por los distintos medios de comunicaci\u00f3n de Tenerife. Lo siento, no quer\u00eda hacer tanto da\u00f1o an\u00edmico al se\u00f1or L\u00f3pez Afonso, pero como hemos dicho siempre por encima de todo est\u00e1n los derechos humanos, las libertades y no pod\u00edamos compartir desde Gran Canaria una Vuelta ciclista que iba a generar aqu\u00ed confrontaci\u00f3n, cierres de carreteras, &#8230;, para eso no \u00edbamos a traer aqu\u00ed un espect\u00e1culo deportivo, lo traemos para que se disfrute de los paisajes y del ciclismo, no para generar enfrentamientos. <strong>El Cabildo de Gran Canaria es muy buen pagador <\/strong>y tenemos una muy<strong> buena relaci\u00f3n con la organizaci\u00f3n de la Vuelta<\/strong> -Unipublic-. Si el se\u00f1or Lope Afonso, quiere llevarla a Tenerife solo, como malos pagadores igual les podemos prestar y financiar una parte de los recursos que necesitan para que pueda hacerlo. La idea es que podamos hacerlo juntos, como siempre, unidas las islas, para que tengamos la Vuelta si puede ser en el 2027, mejor\u00bb.<\/p>\n<p class=\"ft-text\">A pesar de que la decisi\u00f3n del Cabildo no era la esperada por parte de la organizaci\u00f3n de la carrera, Morales afirm\u00f3 que en todo momento se ha mantenido \u00abuna comprensi\u00f3n, un di\u00e1logo fluido y unas relaciones buenas y abiertas entre las dos partes\u00bb.<\/p>\n<p>Puerta abierta a 2027 o 2028<\/p>\n<p class=\"ft-text\">A falta de confirmaci\u00f3n oficial del recorrido de la Vuelta a Espa\u00f1a en 2027, el propio presidente de los grancanarios se mostr\u00f3 abierto a poder traer la ronda espa\u00f1ola a Gran Canaria y hacerlo de forma conjunta con Tenerife, aunque todo apunta a que todas las etapas estar\u00edan en principio ya repartidas. A pesar de eso se mostr\u00f3 optimista y abierto a intentarlo. Sin embargo, todo apunta al <strong>2028 como el a\u00f1o del posible retorno de la prueba al archipi\u00e9lago canario<\/strong>, para lo que ya se han producido los primeros contactos.<\/p>\n<p data-close=\"closedContent\" class=\"subscribeHideForDisplay\">Suscr\u00edbete para seguir leyendo<\/p>\n","protected":false},"excerpt":{"rendered":"Vuelan los dardos envenenados entre los Cabildos de Gran Canaria y de Tenerife a ra\u00edz de la decisi\u00f3n&hellip;\n","protected":false},"author":2,"featured_media":295467,"comment_status":"","ping_status":"","sticky":false,"template":"","format":"standard","meta":{"footnotes":""},"categories":[273],"tags":[1247,39296,39297,43024,313,312,168,17798,25,24,1897,37168,3643,4126,9251,23,167,1370,5347],"class_list":{"0":"post-295466","1":"post","2":"type-post","3":"status-publish","4":"format-standard","5":"has-post-thumbnail","7":"category-ciclismo","8":"tag-antonio","9":"tag-antonio-morales","10":"tag-cabildo-de-gran-canaria","11":"tag-cabildo-de-tenerife","12":"tag-ciclismo","13":"tag-cycling","14":"tag-deportes","15":"tag-devuelve","16":"tag-es","17":"tag-espana","18":"tag-gran-canaria","19":"tag-ironia","20":"tag-isla","21":"tag-morales","22":"tag-ronda","23":"tag-spain","24":"tag-sports","25":"tag-tenerife","26":"tag-tira"},"share_on_mastodon":{"url":"https:\/\/pubeurope.com\/@es\/115744018471925227","error":""},"_links":{"self":[{"href":"https:\/\/www.europesays.com\/es\/wp-json\/wp\/v2\/posts\/295466","targetHints":{"allow":["GET"]}}],"collection":[{"href":"https:\/\/www.europesays.com\/es\/wp-json\/wp\/v2\/posts"}],"about":[{"href":"https:\/\/www.europesays.com\/es\/wp-json\/wp\/v2\/types\/post"}],"author":[{"embeddable":true,"href":"https:\/\/www.europesays.com\/es\/wp-json\/wp\/v2\/users\/2"}],"replies":[{"embeddable":true,"href":"https:\/\/www.europesays.com\/es\/wp-json\/wp\/v2\/comments?post=295466"}],"version-history":[{"count":0,"href":"https:\/\/www.europesays.com\/es\/wp-json\/wp\/v2\/posts\/295466\/revisions"}],"wp:featuredmedia":[{"embeddable":true,"href":"https:\/\/www.europesays.com\/es\/wp-json\/wp\/v2\/media\/295467"}],"wp:attachment":[{"href":"https:\/\/www.europesays.com\/es\/wp-json\/wp\/v2\/media?parent=295466"}],"wp:term":[{"taxonomy":"category","embeddable":true,"href":"https:\/\/www.europesays.com\/es\/wp-json\/wp\/v2\/categories?post=295466"},{"taxonomy":"post_tag","embeddable":true,"href":"https:\/\/www.europesays.com\/es\/wp-json\/wp\/v2\/tags?post=295466"}],"curies":[{"name":"wp","href":"https:\/\/api.w.org\/{rel}","templated":true}]}}