{"id":295468,"date":"2025-12-19T03:06:12","date_gmt":"2025-12-19T03:06:12","guid":{"rendered":"https:\/\/www.europesays.com\/es\/295468\/"},"modified":"2025-12-19T03:06:12","modified_gmt":"2025-12-19T03:06:12","slug":"el-equipo-ha-hecho-un-gran-trabajo-y-quiero-resaltar-a-belen","status":"publish","type":"post","link":"https:\/\/www.europesays.com\/es\/295468\/","title":{"rendered":"\u201cEl equipo ha hecho un gran trabajo y quiero resaltar a Bel\u00e9n\u201d"},"content":{"rendered":"<p class=\"paragraph-atom &#10;        A-500-300-700-N A-550-300-700-N--md  \">Anna Monta\u00f1ana festejaba con rabia la victoria ante Emlak Konut y el pase a la siguiente ronda de la Eurocup. La entrenadora pon\u00eda en valor la madurez de sus jugadoras y tambi\u00e9n el partido de Bel\u00e9n Arrojo.<\/p>\n<p class=\"paragraph-atom &#10;        A-500-300-700-N A-550-300-700-N--md  \"><strong>Valoraci\u00f3n.<\/strong> \u201cEstamos muy contentas porque hemos sacado un emparejamiento muy complicado. Es incre\u00edble que nos haya tocado este equipo y tanto all\u00ed como aqu\u00ed hemos ganado. Creo que el equipo ha hecho un gran trabajo y quiero resaltar a Bel\u00e9n, que ha hecho un trabajazo incre\u00edble y muchas veces su trabajo no se ve en las estad\u00edsticas\u201d.<\/p>\n<p class=\"paragraph-atom &#10;        A-500-300-700-N A-550-300-700-N--md  \"><strong>Criterio arbitral.<\/strong> \u201cEs verdad que nosotras apretamos mucho y queremos llevar a los equipos al l\u00edmite. Hemos hecho muchas veces muy buenas defensas que nos han penalizado con faltas. Nos ha penalizado bastante entrar en bonus en los inicios de los cuartos, ya nos pas\u00f3 en Turqu\u00eda\u201d.<\/p>\n<p class=\"paragraph-atom &#10;        A-500-300-700-N A-550-300-700-N--md  \"><strong>Madurez del equipo en los momentos dif\u00edciles.<\/strong> \u201cEs un paso muy importante. Lo vemos, lo veis y a todos los niveles. Y hay que d\u00e1rselo al equipo, que est\u00e1 trabajando desde el d\u00eda 1 en querer mejorar. Y tambi\u00e9n hay que premiarlo\u201d.<\/p>\n<p class=\"paragraph-atom &#10;        A-500-300-700-N A-550-300-700-N--md  \"><strong>\u00bfHay opciones de ganar la Eurocup?<\/strong> \u201cTreintaidosavos, imag\u00ednate lo que nos queda. A partir de ma\u00f1ana solo pensamos en Ferrol, que nos va a exigir lo mismo y queremos seguir en la misma l\u00ednea\u201d.<\/p>\n","protected":false},"excerpt":{"rendered":"Anna Monta\u00f1ana festejaba con rabia la victoria ante Emlak Konut y el pase a la siguiente ronda de&hellip;\n","protected":false},"author":2,"featured_media":295469,"comment_status":"","ping_status":"","sticky":false,"template":"","format":"standard","meta":{"footnotes":""},"categories":[269],"tags":[299,298,168,622,25,24,3956,13838,43640,23,167,2752],"class_list":{"0":"post-295468","1":"post","2":"type-post","3":"status-publish","4":"format-standard","5":"has-post-thumbnail","7":"category-baloncesto","8":"tag-baloncesto","9":"tag-basketball","10":"tag-deportes","11":"tag-equipo","12":"tag-es","13":"tag-espana","14":"tag-gran","15":"tag-hecho","16":"tag-montanana","17":"tag-spain","18":"tag-sports","19":"tag-trabajo"},"share_on_mastodon":{"url":"https:\/\/pubeurope.com\/@es\/115744026433340170","error":""},"_links":{"self":[{"href":"https:\/\/www.europesays.com\/es\/wp-json\/wp\/v2\/posts\/295468","targetHints":{"allow":["GET"]}}],"collection":[{"href":"https:\/\/www.europesays.com\/es\/wp-json\/wp\/v2\/posts"}],"about":[{"href":"https:\/\/www.europesays.com\/es\/wp-json\/wp\/v2\/types\/post"}],"author":[{"embeddable":true,"href":"https:\/\/www.europesays.com\/es\/wp-json\/wp\/v2\/users\/2"}],"replies":[{"embeddable":true,"href":"https:\/\/www.europesays.com\/es\/wp-json\/wp\/v2\/comments?post=295468"}],"version-history":[{"count":0,"href":"https:\/\/www.europesays.com\/es\/wp-json\/wp\/v2\/posts\/295468\/revisions"}],"wp:featuredmedia":[{"embeddable":true,"href":"https:\/\/www.europesays.com\/es\/wp-json\/wp\/v2\/media\/295469"}],"wp:attachment":[{"href":"https:\/\/www.europesays.com\/es\/wp-json\/wp\/v2\/media?parent=295468"}],"wp:term":[{"taxonomy":"category","embeddable":true,"href":"https:\/\/www.europesays.com\/es\/wp-json\/wp\/v2\/categories?post=295468"},{"taxonomy":"post_tag","embeddable":true,"href":"https:\/\/www.europesays.com\/es\/wp-json\/wp\/v2\/tags?post=295468"}],"curies":[{"name":"wp","href":"https:\/\/api.w.org\/{rel}","templated":true}]}}