{"id":295514,"date":"2025-12-19T03:48:28","date_gmt":"2025-12-19T03:48:28","guid":{"rendered":"https:\/\/www.europesays.com\/es\/295514\/"},"modified":"2025-12-19T03:48:28","modified_gmt":"2025-12-19T03:48:28","slug":"la-comision-especial-de-pleno-de-capitalidad-conoce-las-lineas-estrategica-y-principales-contenidos-del-libro-de-candidatura-de-jerez-2031","status":"publish","type":"post","link":"https:\/\/www.europesays.com\/es\/295514\/","title":{"rendered":"La Comisi\u00f3n Especial de Pleno de Capitalidad conoce las l\u00edneas estrat\u00e9gica y principales contenidos del libro de candidatura de Jerez 2031"},"content":{"rendered":"<p>El Ayuntamiento de Jerez ha acogido hoy <strong>un encuentro de la Comisi\u00f3n Especial de Pleno de Capitalidad d<\/strong>onde el equipo de trabajo de la candidatura de Jerez 2031, Capital Europea de la Cultura, <strong>ha presentado las l\u00edneas estrat\u00e9gicas y los principales programas que integran el libro de candidatura<\/strong> o bid book, a los representantes de los grupos pol\u00edticos de la Corporaci\u00f3n Municipal. Se trata de un encuentro que <strong>destaca por su valor institucional <\/strong>y que ha permitido a los distintos grupos conocer de primera mano los avances t\u00e9cnicos e hitos alcanzados ante el reto provincial de alcanzar el t\u00edtulo europeo.<\/p>\n<p>Por parte del Gobierno Municipal, la sesi\u00f3n ha contado con la presencia del delegado de Cultura, Grandes Eventos, Patrimonio Hist\u00f3rico y Capitalidad, Francisco Zurita; el teniente de alcaldesa de Turismo, Antonio Real; y la delegada de Urbanismo, Bel\u00e9n de la Cuadra. <strong>Durante la convocatoria se ha realizado adem\u00e1s una exposici\u00f3n detallada de los principales trabajo<\/strong>s acometidos por parte de las instituciones que conforman el Consejo Rector, Ayuntamiento de Jerez, Diputaci\u00f3n Provincial de C\u00e1diz, Universidad de C\u00e1diz y C\u00e1mara de Comercio, as\u00ed como la cronolog\u00eda de acciones de impulso en los \u00e1mbitos local, provincial, nacional e internacional.<\/p>\n<p>En el desarrollo de la comisi\u00f3n han intervenido la directora de Presidencia, Eva Antona, el coordinador de la programaci\u00f3n, Antonio Javier Gonz\u00e1lez, el responsable de comunicaci\u00f3n de la candidatura, Francisco Perujo, el coordinador de programaci\u00f3n art\u00edstica, Ramiro Villapadierna, y el director de la asistencia t\u00e9cnica de Daleph, Miguel Ballesteros.<\/p>\n<p>Por su parte, el equipo de Jerez 2031 h<strong>a subrayado de forma especial que todo el documento t\u00e9cnico es el resultado de un intenso trabajo basado en la participaci\u00f3n de la ciudadan\u00eda, <\/strong>integrando las propuestas y proyectos abordados a lo largo de un proceso participativo abierto que constituye el motor de la candidatura.\u00a0 Cabe resaltar que esta exposici\u00f3n subraya el car\u00e1cter integrador y la gobernanza del proceso de trabajo.<\/p>\n","protected":false},"excerpt":{"rendered":"El Ayuntamiento de Jerez ha acogido hoy un encuentro de la Comisi\u00f3n Especial de Pleno de Capitalidad donde&hellip;\n","protected":false},"author":2,"featured_media":295515,"comment_status":"","ping_status":"","sticky":false,"template":"","format":"standard","meta":{"footnotes":""},"categories":[8],"tags":[17,18,25,24,13,14,11,19,20,9,10,15,16,23,12,21,22],"class_list":{"0":"post-295514","1":"post","2":"type-post","3":"status-publish","4":"format-standard","5":"has-post-thumbnail","7":"category-espana","8":"tag-breaking-news","9":"tag-breakingnews","10":"tag-es","11":"tag-espana","12":"tag-featured-news","13":"tag-featurednews","14":"tag-headlines","15":"tag-latest-news","16":"tag-latestnews","17":"tag-news","18":"tag-noticias","19":"tag-noticias-destacadas","20":"tag-noticiasdestacadas","21":"tag-spain","22":"tag-titulares","23":"tag-ultimas-noticias","24":"tag-ultimasnoticias"},"share_on_mastodon":{"url":"https:\/\/pubeurope.com\/@es\/115744191512636640","error":""},"_links":{"self":[{"href":"https:\/\/www.europesays.com\/es\/wp-json\/wp\/v2\/posts\/295514","targetHints":{"allow":["GET"]}}],"collection":[{"href":"https:\/\/www.europesays.com\/es\/wp-json\/wp\/v2\/posts"}],"about":[{"href":"https:\/\/www.europesays.com\/es\/wp-json\/wp\/v2\/types\/post"}],"author":[{"embeddable":true,"href":"https:\/\/www.europesays.com\/es\/wp-json\/wp\/v2\/users\/2"}],"replies":[{"embeddable":true,"href":"https:\/\/www.europesays.com\/es\/wp-json\/wp\/v2\/comments?post=295514"}],"version-history":[{"count":0,"href":"https:\/\/www.europesays.com\/es\/wp-json\/wp\/v2\/posts\/295514\/revisions"}],"wp:featuredmedia":[{"embeddable":true,"href":"https:\/\/www.europesays.com\/es\/wp-json\/wp\/v2\/media\/295515"}],"wp:attachment":[{"href":"https:\/\/www.europesays.com\/es\/wp-json\/wp\/v2\/media?parent=295514"}],"wp:term":[{"taxonomy":"category","embeddable":true,"href":"https:\/\/www.europesays.com\/es\/wp-json\/wp\/v2\/categories?post=295514"},{"taxonomy":"post_tag","embeddable":true,"href":"https:\/\/www.europesays.com\/es\/wp-json\/wp\/v2\/tags?post=295514"}],"curies":[{"name":"wp","href":"https:\/\/api.w.org\/{rel}","templated":true}]}}