{"id":295561,"date":"2025-12-19T04:59:11","date_gmt":"2025-12-19T04:59:11","guid":{"rendered":"https:\/\/www.europesays.com\/es\/295561\/"},"modified":"2025-12-19T04:59:11","modified_gmt":"2025-12-19T04:59:11","slug":"los-posibles-rivales-del-betis-en-octavos-se-conocen-ya-nueve-de-diez-y-cuando-sera-el-sorteo","status":"publish","type":"post","link":"https:\/\/www.europesays.com\/es\/295561\/","title":{"rendered":"Los posibles rivales del Betis en octavos: se conocen ya nueve de diez y cu\u00e1ndo ser\u00e1 el sorteo"},"content":{"rendered":"<p>Los verdiblancos eluden a los cuatro de la Supercopa, que quedar\u00e1n emparejados con otros cuatro de los 5-6 de Segunda que quedar\u00e1n<\/p>\n<p class=\"parrafo\">El <strong>Real Betis<\/strong>, que este <strong>jueves 18 de diciembre<\/strong> <a href=\"https:\/\/www.estadiodeportivo.com\/futbol\/copa-del-rey\/murcia-betis-pega-sufre-templa-manda-20251218-524129.html\" target=\"_blank\" class=\"intext-link\" rel=\"nofollow noopener\">eliminaba no sin cierto sufrimiento<\/a> al <strong>Real Murcia<\/strong> de <strong>Primera RFEF<\/strong>, se ha clasificado para los octavos de final de la <strong>Copa del Rey<\/strong> y no ha protagonizado ninguna de <a href=\"https:\/\/www.estadiodeportivo.com\/futbol\/copa-del-rey\/copa-del-rey-2026-directo-partidos-resultados-hoy-dieciseisavos-final-athletic-getafe-buscan-clasificacion-20251218-524105.html\" target=\"_blank\" class=\"intext-link\" rel=\"nofollow noopener\">las muchas sorpresas<\/a> (quiz\u00e1s s\u00ed un amago de susto, como el que se llevaron <strong>Real Madrid<\/strong>, <strong>CA Osasuna<\/strong> y, en menor medida, el <strong>FC Barcelona<\/strong>) de una ronda en la que se despidieron varios iguales de <strong>Primera divisi\u00f3n <\/strong>(como su eterno rival, el <strong>Sevilla FC<\/strong>, \u00e9ste cayendo ante un oponente de la misma categor\u00eda como el <strong>Deportivo Alav\u00e9s<\/strong>), destacando el <strong>Villarreal CF<\/strong>, el <strong>RC Celta de Vigo<\/strong>, el <strong>RCD Mallorca<\/strong>, el <strong>Levante UD<\/strong> y su pr\u00f3ximo rival liguero, el <strong>Getafe CF<\/strong>.<\/p>\n<p><img decoding=\"async\" src=\"https:\/\/www.europesays.com\/es\/wp-content\/uploads\/2025\/12\/26812366-31dd-4257-8bde-2ecd210b6763_800x1000.jpeg\" loading=\"lazy\"\/>Cu\u00e1ndo ser\u00e1 el sorteo de octavos de la Copa del Rey y cu\u00e1ndo se juega la siguiente ronda<\/p>\n<p class=\"parrafo\">El <strong>sal\u00f3n Luis Aragon\u00e9s<\/strong> de la madrile\u00f1a <strong>Ciudad del F\u00fatbol de Las Rozas<\/strong> acoger\u00e1 el pr\u00f3ximo <strong>mi\u00e9rcoles 7 de enero de 2026<\/strong> a partir de las <strong>13:00 horas<\/strong> el sorteo de los octavos de final de la <strong>Copa del Rey<\/strong>, cuyos ocho emparejamientos se celebrar\u00e1n entre el <strong>martes 13<\/strong> y el <strong>jueves 15<\/strong> del mes venidero, a continuaci\u00f3n de la <strong>Supercopa de Espa\u00f1a<\/strong>, cuya final se disputa el <strong>domingo 11-E<\/strong> en <strong>Arabia Saud\u00ed<\/strong>, por lo que los dos afortunados cumplir\u00e1n el tr\u00e1mite copero seguramente el <strong>15-E<\/strong> por tema de descansos.<\/p>\n<p><img decoding=\"async\" src=\"https:\/\/www.europesays.com\/es\/wp-content\/uploads\/2025\/12\/695d1f58-2b40-402a-8207-20b6bb5d0079_800x534.jpeg\" loading=\"lazy\"\/>Las normas del sorteo de 1\/8 de Copa: condicionado por cuarta eliminatoria seguida<\/p>\n<p class=\"parrafo\">Por primera vez, los cuatro que disputar\u00e1n la <strong>Supercopa<\/strong> nacional (<strong>Real Madrid<\/strong>, <strong>FC Barcelona<\/strong>, <strong>Atl\u00e9tico de Madrid<\/strong> y <strong>Athletic Club<\/strong>), que ya estuvieron exentos en las dos primeras eliminatorias y debutaron estos dieciseisavos de final con preferencia de rival (los supervivientes de <strong>Segunda RFEF<\/strong> y\/o <strong>Primera RFEF<\/strong>), ir\u00e1n en un bombo que les asegura cuatro oponentes de la divisi\u00f3n m\u00e1s baja (<strong>Segunda<\/strong>), por lo que solamente podr\u00e1n medirse con <strong>Cultural Leonesa<\/strong>, <strong>Racing de Santander<\/strong>, <strong>Deportivo de La Coru\u00f1a<\/strong>, <strong>Albacete Balompi\u00e9<\/strong> y <strong>Burgos CF<\/strong>, m\u00e1s el <strong>Granada CF<\/strong> si da la sorpresa ante el <strong>Rayo<\/strong>). \u00c9stos ir\u00e1n en otro bombo, como el resto de <strong>Primera divisi\u00f3n<\/strong>, que, antes de cruzarse entre ellos, dirimir\u00e1n si se les adjudica el sobrante (o los dos sobrantes) de la <strong>Divisi\u00f3n de Plata<\/strong>.<\/p>\n<p><img decoding=\"async\" src=\"https:\/\/www.europesays.com\/es\/wp-content\/uploads\/2025\/12\/168a2cc2-b486-44d9-84ce-bd437903dbc6_800x1199.jpeg\" loading=\"lazy\"\/><a class=\"elementos-rel-t2\" href=\"https:\/\/www.estadiodeportivo.com\/futbol\/betis\/pellegrini-contento-con-despertar-tiempo-segunda-parte-tuvimos-balon-cambio-todo-20251218-524146.html\" title=\"Pellegrini, contento con el despertar a tiempo: &quot;En la segunda parte tuvimos el bal\u00f3n y cambi\u00f3 todo&quot;\" rel=\"nofollow noopener\" target=\"_blank\"><\/p>\n<p class=\"titular titulo-4\">Pellegrini, contento con el despertar a tiempo: \u00abEn la segunda parte tuvimos el bal\u00f3n y cambi\u00f3 todo\u00bb<\/p>\n<p><img decoding=\"async\" src=\"https:\/\/www.europesays.com\/es\/wp-content\/uploads\/2025\/12\/720e83f4-53f4-4414-9ec3-d8dd88c69880_320x180.jpeg\" alt=\"Pellegrini, contento con el despertar a tiempo: &quot;En la segunda parte tuvimos el bal\u00f3n y cambi\u00f3 todo&quot;\"\/><\/a><a class=\"elementos-rel-t2\" href=\"https:\/\/www.estadiodeportivo.com\/futbol\/copa-del-rey\/copa-del-rey-2026-directo-partidos-resultados-hoy-dieciseisavos-final-athletic-getafe-buscan-clasificacion-20251218-524105.html\" title=\"Resultados Copa del Rey 2026 | Equipos clasificados para octavos de final de la Copa del Rey: El Athletic sufre para pasar y el Getafe cae eliminado\" rel=\"nofollow noopener\" target=\"_blank\"><\/p>\n<p class=\"titular titulo-4\">Resultados Copa del Rey 2026 | Equipos clasificados para octavos de final de la Copa del Rey: El Athletic sufre para pasar y el Getafe cae eliminado<\/p>\n<p><img decoding=\"async\" src=\"https:\/\/www.europesays.com\/es\/wp-content\/uploads\/2025\/12\/f170252d-414e-4df5-a8ad-9e978158c89c_320x180.jpeg\" alt=\"Resultados Copa del Rey 2026 | Equipos clasificados para octavos de final de la Copa del Rey: El Athletic sufre para pasar y el Getafe cae eliminado\"\/><\/a><a class=\"elementos-rel-t2\" href=\"https:\/\/www.estadiodeportivo.com\/futbol\/real-madrid\/xabi-alonso-tras-susto-copero-han-sido-estas-cosas-que-pasan-copa-20251218-524079.html\" title=\"Xabi Alonso, tras el susto copero: &quot;Han sido estas cosas que pasan en la Copa&quot;\" rel=\"nofollow noopener\" target=\"_blank\"><\/p>\n<p class=\"titular titulo-4\">Xabi Alonso, tras el susto copero: \u00abHan sido estas cosas que pasan en la Copa\u00bb<\/p>\n<p><img decoding=\"async\" src=\"https:\/\/www.europesays.com\/es\/wp-content\/uploads\/2025\/12\/bad758b3-6638-4d29-a011-16081aac19f0_320x180.jpeg\" alt=\"Xabi Alonso, tras el susto copero: &quot;Han sido estas cosas que pasan en la Copa&quot;\"\/><\/a>Cu\u00e1les son los posibles rivales del Betis en octavos<\/p>\n<p class=\"parrafo\">El <strong>Real Betis<\/strong> no conoce a\u00fan a sus diez posibles oponentes, ya que el encuentro de la <strong>Conference League<\/strong> de este jueves en la capital de <strong>Espa\u00f1a<\/strong> entre el <strong>Rayo Vallecano<\/strong> y el <strong>Drita<\/strong> kosovar (<a href=\"https:\/\/www.estadiodeportivo.com\/futbol\/conference-league\/rayo-vallecano-drita-rayo-paso-gigante-hace-historia-europa-20251218-524138.html\" target=\"_blank\" class=\"intext-link\" rel=\"nofollow noopener\">3-0<\/a>) propici\u00f3 que el choque de la <strong>Copa del Rey<\/strong> entre los franjirrojos y el <strong>Granada CF<\/strong> en el <strong>Nuevo Los C\u00e1rmenes<\/strong> se aplazara hasta las <strong>19:00 horas<\/strong> del pr\u00f3ximo <strong>martes 6 de enero de 2026<\/strong>. El que gane podr\u00e1 medirse con los verdiblancos, teniendo en cuenta que el sorteo de octavos ser\u00e1 teledirigido. As\u00ed, <strong>Madrid<\/strong>, <strong>Bar\u00e7a<\/strong>, <strong>Atl\u00e9tico<\/strong> y <strong>Athletic<\/strong>, los cuatro participantes en la <strong>Supercopa de Espa\u00f1a<\/strong>, se aseguran jugar contra uno de <strong>Segunda<\/strong>, por lo que no podr\u00e1n cruzarse a\u00fan con los de <strong>Pellegrini<\/strong>. El que no resulte agraciado entre <strong>Cultural y Deportiva Leonesa<\/strong>, <strong>Racing Club de Santander<\/strong>, <strong>RC Deportivo de La Coru\u00f1a<\/strong>, <strong>Albacete Balompi\u00e9<\/strong> y <strong>Burgos CF<\/strong> (los dos, si pasan los nazar\u00edes) s\u00ed podr\u00eda quedar emparejado con los hispalenses, como los otros cuatro de la m\u00e1xima categor\u00eda (<strong>Real Sociedad<\/strong>, <strong>Elche CF<\/strong>, <strong>CA Osasuna<\/strong> y <strong>Valencia CF<\/strong>), cinco si se clasifica el <strong>Rayo<\/strong>.<\/p>\n","protected":false},"excerpt":{"rendered":"Los verdiblancos eluden a los cuatro de la Supercopa, que quedar\u00e1n emparejados con otros cuatro de los 5-6&hellip;\n","protected":false},"author":2,"featured_media":295562,"comment_status":"","ping_status":"","sticky":false,"template":"","format":"standard","meta":{"footnotes":""},"categories":[268],"tags":[1941,168,25,24,284,280,282,286,281,23,167],"class_list":{"0":"post-295561","1":"post","2":"type-post","3":"status-publish","4":"format-standard","5":"has-post-thumbnail","7":"category-futbol","8":"tag-copa-del-rey","9":"tag-deportes","10":"tag-es","11":"tag-espana","12":"tag-estadio-deportivo","13":"tag-football","14":"tag-futbol","15":"tag-real-betis-balompie","16":"tag-soccer","17":"tag-spain","18":"tag-sports"},"share_on_mastodon":{"url":"https:\/\/pubeurope.com\/@es\/115744471183785284","error":""},"_links":{"self":[{"href":"https:\/\/www.europesays.com\/es\/wp-json\/wp\/v2\/posts\/295561","targetHints":{"allow":["GET"]}}],"collection":[{"href":"https:\/\/www.europesays.com\/es\/wp-json\/wp\/v2\/posts"}],"about":[{"href":"https:\/\/www.europesays.com\/es\/wp-json\/wp\/v2\/types\/post"}],"author":[{"embeddable":true,"href":"https:\/\/www.europesays.com\/es\/wp-json\/wp\/v2\/users\/2"}],"replies":[{"embeddable":true,"href":"https:\/\/www.europesays.com\/es\/wp-json\/wp\/v2\/comments?post=295561"}],"version-history":[{"count":0,"href":"https:\/\/www.europesays.com\/es\/wp-json\/wp\/v2\/posts\/295561\/revisions"}],"wp:featuredmedia":[{"embeddable":true,"href":"https:\/\/www.europesays.com\/es\/wp-json\/wp\/v2\/media\/295562"}],"wp:attachment":[{"href":"https:\/\/www.europesays.com\/es\/wp-json\/wp\/v2\/media?parent=295561"}],"wp:term":[{"taxonomy":"category","embeddable":true,"href":"https:\/\/www.europesays.com\/es\/wp-json\/wp\/v2\/categories?post=295561"},{"taxonomy":"post_tag","embeddable":true,"href":"https:\/\/www.europesays.com\/es\/wp-json\/wp\/v2\/tags?post=295561"}],"curies":[{"name":"wp","href":"https:\/\/api.w.org\/{rel}","templated":true}]}}