{"id":295577,"date":"2025-12-19T05:11:09","date_gmt":"2025-12-19T05:11:09","guid":{"rendered":"https:\/\/www.europesays.com\/es\/295577\/"},"modified":"2025-12-19T05:11:09","modified_gmt":"2025-12-19T05:11:09","slug":"el-artico-se-acerca-a-un-punto-critico-deshielo-record-rios-oxidados-y-una-tundra-que-verdea","status":"publish","type":"post","link":"https:\/\/www.europesays.com\/es\/295577\/","title":{"rendered":"El \u00c1rtico se acerca a un punto cr\u00edtico: deshielo r\u00e9cord, r\u00edos \u201coxidados\u201d y una tundra que verdea"},"content":{"rendered":"<p>El \u00c1rtico, el term\u00f3metro del planeta, est\u00e1 dando se\u00f1ales de alarma sin precedentes. Seg\u00fan el <a href=\"https:\/\/wmo.int\/media\/news\/arctic-report-card-marks-20-years-amid-record-warming-2025\" rel=\"nofollow noopener\" target=\"_blank\">Arctic Report Card 2025<\/a>, un informe respaldado por 112 cient\u00edficos de 13 pa\u00edses, la regi\u00f3n se est\u00e1 calentando a un ritmo vertiginoso, transformando su paisaje helado en un entorno m\u00e1s c\u00e1lido, h\u00famedo e impredecible, con consecuencias que se extienden mucho m\u00e1s all\u00e1 del C\u00edrculo Polar.<\/p>\n<p>Deshielo acelerado y paisajes que desaparecen<\/p>\n<p>El informe documenta <strong>p\u00e9rdidas de hielo hist\u00f3ricas<\/strong>. Los glaciares del \u00c1rtico escandinavo y de Svalbard sufrieron la mayor p\u00e9rdida neta anual de hielo jam\u00e1s registrada entre 2023 y 2024.<\/p>\n<p>La <strong>Capa de Hielo de Groenlandia perdi\u00f3 129.000 millones de toneladas de hielo en 2025<\/strong>, una cifra que, aunque inferior al promedio anual de las \u00faltimas dos d\u00e9cadas, confirma una tendencia de p\u00e9rdida neta a largo plazo. En Alaska, los glaciares han perdido una media de <strong>38 metros de espesor vertical<\/strong> desde mediados del siglo XX, reduciendo de forma generalizada la altitud de las superficies heladas.<\/p>\n<p>Este retroceso glaciar sigue siendo un factor clave del <strong>aumento del nivel del mar<\/strong>, con impactos que van desde la amenaza a las reservas de agua dulce en comunidades \u00e1rticas hasta un mayor riesgo de inundaciones, deslizamientos de tierra y tsunamis que afectan a personas, infraestructuras y l\u00edneas costeras.<\/p>\n<p>Menos nieve, pese a inviernos m\u00e1s<strong>\u00a0<\/strong>cargados<\/p>\n<p>El informe subraya una aparente paradoja: durante la temporada de nieve 2024\/25, la acumulaci\u00f3n fue superior a la media en amplias zonas del \u00c1rtico y se mantuvo elevada hasta mayo. Sin embargo, en junio la extensi\u00f3n de la cubierta nival cay\u00f3 por debajo de los valores normales, en l\u00ednea con lo observado durante los \u00faltimos 15 a\u00f1os.<\/p>\n<p>Hoy, la <strong>extensi\u00f3n de nieve en junio es aproximadamente la mitad de la registrada hace seis d\u00e9cadas<\/strong>, una se\u00f1al clara de un cambio estructural en el sistema clim\u00e1tico \u00e1rtico.<\/p>\n<p>R\u00edos que se \u201coxidan\u201d y se ti\u00f1en de naranja<\/p>\n<p>Uno de los fen\u00f3menos m\u00e1s llamativos documentados por el informe es el de los <strong>\u201cr\u00edos oxidados\u201d<\/strong>. En m\u00e1s de 200 cuencas hidrogr\u00e1ficas de Alaska, el deshielo del permafrost ha liberado hierro y otros elementos que han te\u00f1ido de color naranja r\u00edos y arroyos anteriormente pr\u00edstinos.<\/p>\n<p>El aumento de la acidez y la presencia de metales potencialmente t\u00f3xicos est\u00e1n <strong>deteriorando la calidad del agua<\/strong>, comprometiendo los h\u00e1bitats acu\u00e1ticos y acelerando la p\u00e9rdida de biodiversidad.<\/p>\n<p>Un \u00c1rtico m\u00e1s verde\u2026 y m\u00e1s inestable<\/p>\n<p>Detectado por primera vez a finales de los a\u00f1os noventa, el <strong>\u201cenverdecimiento del \u00c1rtico\u201d<\/strong> contin\u00faa intensific\u00e1ndose. En 2025, la tundra \u00e1rtica alcanz\u00f3 su <strong>tercer nivel m\u00e1s alto de verdor m\u00e1ximo<\/strong> desde que existen registros satelitales, prolongando una serie de valores r\u00e9cord o casi r\u00e9cord iniciada en 2020.<\/p>\n<p>Este proceso tiene efectos de gran alcance sobre los ecosistemas, las condiciones del permafrost y los medios de vida de las poblaciones \u00e1rticas, adem\u00e1s de influir en el <strong>ciclo global del carbono<\/strong> y en el clima planetario.<\/p>\n<p>Un sistema en transici\u00f3n acelerada<\/p>\n<p>En su vig\u00e9simo aniversario, el Arctic Report Card destaca transformaciones estructurales en curso: la <strong>\u201catlantificaci\u00f3n\u201d<\/strong>, que empuja aguas m\u00e1s c\u00e1lidas y salinas hacia el norte; la expansi\u00f3n de <strong>especies boreales<\/strong> en ecosistemas tradicionalmente \u00e1rticos; y la creciente movilizaci\u00f3n de metales asociada al deshielo del suelo permanentemente congelado.<\/p>\n<p>\u201cCalor r\u00e9cord, m\u00ednimos hist\u00f3ricos de hielo marino, glaciares en retirada, calentamiento continuado del oc\u00e9ano y eventos extremos sin precedentes est\u00e1n redefiniendo esta regi\u00f3n\u201d, se\u00f1ala el informe.<\/p>\n<p>Respaldado por la <a href=\"https:\/\/www.noaa.gov\/\" title=\"National Oceanic and Atmospheric Administration home\" rel=\"nofollow noopener\" target=\"_blank\">National Oceanic and Atmospheric Administration<\/a> (NOAA) y con revisi\u00f3n independiente facilitada por el Arctic Monitoring and Assessment Programme (AMAP), el Arctic Report Card insiste en la necesidad de <strong>observaciones cient\u00edficas sostenidas y alianzas de investigaci\u00f3n s\u00f3lidas<\/strong>, incluidas las lideradas por comunidades e instituciones ind\u00edgenas.<\/p>\n<p>La advertencia final es inequ\u00edvoca: <strong>lo que ocurre en el \u00c1rtico no se queda en el \u00c1rtico<\/strong>. Los cambios en la regi\u00f3n que se calienta m\u00e1s r\u00e1pido del planeta ya est\u00e1n influyendo en el sistema clim\u00e1tico global, los oc\u00e9anos y la estabilidad ambiental de todo el mundo.<\/p>\n","protected":false},"excerpt":{"rendered":"El \u00c1rtico, el term\u00f3metro del planeta, est\u00e1 dando se\u00f1ales de alarma sin precedentes. Seg\u00fan el Arctic Report Card&hellip;\n","protected":false},"author":2,"featured_media":295578,"comment_status":"","ping_status":"","sticky":false,"template":"","format":"standard","meta":{"footnotes":""},"categories":[42],"tags":[17,18,13,14,11,61,62,63,64,19,20,9,10,15,16,12,21,22,65,66,67],"class_list":{"0":"post-295577","1":"post","2":"type-post","3":"status-publish","4":"format-standard","5":"has-post-thumbnail","7":"category-internacional","8":"tag-breaking-news","9":"tag-breakingnews","10":"tag-featured-news","11":"tag-featurednews","12":"tag-headlines","13":"tag-internacional","14":"tag-international","15":"tag-international-news","16":"tag-internationalnews","17":"tag-latest-news","18":"tag-latestnews","19":"tag-news","20":"tag-noticias","21":"tag-noticias-destacadas","22":"tag-noticiasdestacadas","23":"tag-titulares","24":"tag-ultimas-noticias","25":"tag-ultimasnoticias","26":"tag-world","27":"tag-world-news","28":"tag-worldnews"},"share_on_mastodon":{"url":"https:\/\/pubeurope.com\/@es\/115744517938691493","error":""},"_links":{"self":[{"href":"https:\/\/www.europesays.com\/es\/wp-json\/wp\/v2\/posts\/295577","targetHints":{"allow":["GET"]}}],"collection":[{"href":"https:\/\/www.europesays.com\/es\/wp-json\/wp\/v2\/posts"}],"about":[{"href":"https:\/\/www.europesays.com\/es\/wp-json\/wp\/v2\/types\/post"}],"author":[{"embeddable":true,"href":"https:\/\/www.europesays.com\/es\/wp-json\/wp\/v2\/users\/2"}],"replies":[{"embeddable":true,"href":"https:\/\/www.europesays.com\/es\/wp-json\/wp\/v2\/comments?post=295577"}],"version-history":[{"count":0,"href":"https:\/\/www.europesays.com\/es\/wp-json\/wp\/v2\/posts\/295577\/revisions"}],"wp:featuredmedia":[{"embeddable":true,"href":"https:\/\/www.europesays.com\/es\/wp-json\/wp\/v2\/media\/295578"}],"wp:attachment":[{"href":"https:\/\/www.europesays.com\/es\/wp-json\/wp\/v2\/media?parent=295577"}],"wp:term":[{"taxonomy":"category","embeddable":true,"href":"https:\/\/www.europesays.com\/es\/wp-json\/wp\/v2\/categories?post=295577"},{"taxonomy":"post_tag","embeddable":true,"href":"https:\/\/www.europesays.com\/es\/wp-json\/wp\/v2\/tags?post=295577"}],"curies":[{"name":"wp","href":"https:\/\/api.w.org\/{rel}","templated":true}]}}