{"id":295581,"date":"2025-12-19T05:25:26","date_gmt":"2025-12-19T05:25:26","guid":{"rendered":"https:\/\/www.europesays.com\/es\/295581\/"},"modified":"2025-12-19T05:25:26","modified_gmt":"2025-12-19T05:25:26","slug":"scariolo-la-defensa-sobre-hifi-ha-funcionado","status":"publish","type":"post","link":"https:\/\/www.europesays.com\/es\/295581\/","title":{"rendered":"Scariolo: \u201cLa defensa sobre Hifi ha funcionado\u201d"},"content":{"rendered":"<p class=\"\"><b>Sergio Scariolo<\/b>, entrenador del <b>Real Madrid<\/b>, consider\u00f3 que el encuentro de la Euroliga en el que su equipo se impuso por 95-90 al Par\u00eds Basketball \u201chabr\u00e1 encantado al espectador\u201d que haya acudido al Movistar Arena y consider\u00f3 que fue \u201cuna victoria de equipo importante\u201d. <\/p>\n<p class=\"\">\u201cHa sido un partido que habr\u00e1 encantado al espectador, con dos equipos que se han enfrentado con velocidad, con intensidad, con energ\u00eda, con car\u00e1cter, con jugadas espectaculares y de gran determinaci\u00f3n tambi\u00e9n, con esfuerzos importantes. Es una victoria de equipo importante contra un rival que ha jugado hoy muy bien, que ha tenido una respuesta enorme de energ\u00eda, de ritmo y de acierto. La defensa sobre Hifi ha funcionado y estamos contentos, pero con un equipo de esta calidad y de este talento hay otros frentes que se han abierto\u201d, dijo en rueda de prensa. <\/p>\n<p class=\"\">\u201cHa habido una muy buena afluencia de p\u00fablico y creo que han disfrutado de un buen partido, que han visto a su equipo luchar y pelear, no rendirse y no perder lucidez cuando el tanteo hab\u00eda abierto una peque\u00f1a brecha. Sab\u00edamos que contra un equipo que juega este ritmo ten\u00edamos que esper\u00e1rnoslo y no ponernos nerviosos. Es importante que, a pesar de venir de un partido bastante duro y de tantos partidos seguidos hemos encontrado en el final, las energ\u00edas para correr cuando ten\u00edamos que correr, para defender, para luchar, para tirarnos a los balones sueltos\u201d, a\u00f1adi\u00f3. <\/p>\n<p class=\"\">Scariolo dio por bueno el papel de Usman Garuba en el \u00faltimo cuarto: \u201cEs un jugador capaz de impactar en la unidad de tiempo corta, porque tiene que producir mucha energ\u00eda y es muy dif\u00edcil hacerlo durante, no s\u00e9, ocho minutos seguidos. Es imposible. Para nosotros es importante que Usman y \u00c1lex siempre est\u00e9n ah\u00ed porque el plan que estamos llevando a cabo con Edy Tavares est\u00e1 funcionando. Tenemos un jugador no castigado, relativamente fresco, que intentamos mantener a costa de correr alg\u00fan riesgo\u201d. <\/p>\n<p class=\"\">Adem\u00e1s reconoci\u00f3 que la ausencia de Andr\u00e9s Feliz fue por decisi\u00f3n t\u00e9cnica: \u201cTenemos muchos jugadores en ese rol que tenemos que rotar en funci\u00f3n de muchos factores, est\u00e1 claro que con cuatro escoltas no podemos jugar. Tenemos un recurso \u00fatil, esta noche lo ha sido especialmente, que es poner a jugar a Campazzo y a Maledon juntos. Los minutos son los que son y los jugadores son los que son. Rotar\u00e1n, alguna vez uno no jugar\u00e1, otra vez dos no jugar\u00e1n y otra vez jugar\u00e1n tres de ellos\u201d.<\/p>\n<p>Noticias relacionadas<\/p>\n<p class=\"\"><b>\u00a1Tus opiniones importan!<\/b> <\/p>\n<p class=\"\">Comenta en los art\u00edculos y suscr\u00edbete gratis a nuestra <a href=\"https:\/\/asfan.as.com\/newsletters\/\" target=\"_blank\" rel=\"nofollow noopener\" title=\"https:\/\/asfan.as.com\/newsletters\/\">newsletter<\/a> y a las alertas informativas en la <a href=\"https:\/\/as.com\/aplicacion-de-as-n\/\" target=\"_blank\" rel=\"nofollow noopener\" title=\"https:\/\/as.com\/aplicacion-de-as-n\/\">App<\/a> o el canal de <a href=\"https:\/\/www.whatsapp.com\/channel\/0029VaAasdA7j6g745nz9M10\" target=\"_blank\" rel=\"nofollow noopener\" title=\"https:\/\/www.whatsapp.com\/channel\/0029VaAasdA7j6g745nz9M10\">WhatsApp<\/a>. \u00bfBuscas licenciar contenido? Haz clic <a href=\"https:\/\/profesional.elpais.com\/soluciones-sindicacion?utm_medium=interno&amp;utm_source=crosslinking&amp;utm_campaign=sindicacion_as_pie_articulos\" target=\"_blank\" rel=\"nofollow noopener\" title=\"https:\/\/profesional.elpais.com\/soluciones-sindicacion?utm_medium=interno&amp;utm_source=crosslinking&amp;utm_campaign=sindicacion_as_pie_articulos\">aqu\u00ed<\/a>.<\/p>\n","protected":false},"excerpt":{"rendered":"Sergio Scariolo, entrenador del Real Madrid, consider\u00f3 que el encuentro de la Euroliga en el que su equipo&hellip;\n","protected":false},"author":2,"featured_media":295582,"comment_status":"","ping_status":"","sticky":false,"template":"","format":"standard","meta":{"footnotes":""},"categories":[269],"tags":[299,298,168,25,24,23,167],"class_list":{"0":"post-295581","1":"post","2":"type-post","3":"status-publish","4":"format-standard","5":"has-post-thumbnail","7":"category-baloncesto","8":"tag-baloncesto","9":"tag-basketball","10":"tag-deportes","11":"tag-es","12":"tag-espana","13":"tag-spain","14":"tag-sports"},"share_on_mastodon":{"url":"https:\/\/pubeurope.com\/@es\/115744572916349116","error":""},"_links":{"self":[{"href":"https:\/\/www.europesays.com\/es\/wp-json\/wp\/v2\/posts\/295581","targetHints":{"allow":["GET"]}}],"collection":[{"href":"https:\/\/www.europesays.com\/es\/wp-json\/wp\/v2\/posts"}],"about":[{"href":"https:\/\/www.europesays.com\/es\/wp-json\/wp\/v2\/types\/post"}],"author":[{"embeddable":true,"href":"https:\/\/www.europesays.com\/es\/wp-json\/wp\/v2\/users\/2"}],"replies":[{"embeddable":true,"href":"https:\/\/www.europesays.com\/es\/wp-json\/wp\/v2\/comments?post=295581"}],"version-history":[{"count":0,"href":"https:\/\/www.europesays.com\/es\/wp-json\/wp\/v2\/posts\/295581\/revisions"}],"wp:featuredmedia":[{"embeddable":true,"href":"https:\/\/www.europesays.com\/es\/wp-json\/wp\/v2\/media\/295582"}],"wp:attachment":[{"href":"https:\/\/www.europesays.com\/es\/wp-json\/wp\/v2\/media?parent=295581"}],"wp:term":[{"taxonomy":"category","embeddable":true,"href":"https:\/\/www.europesays.com\/es\/wp-json\/wp\/v2\/categories?post=295581"},{"taxonomy":"post_tag","embeddable":true,"href":"https:\/\/www.europesays.com\/es\/wp-json\/wp\/v2\/tags?post=295581"}],"curies":[{"name":"wp","href":"https:\/\/api.w.org\/{rel}","templated":true}]}}