{"id":295586,"date":"2025-12-19T05:34:22","date_gmt":"2025-12-19T05:34:22","guid":{"rendered":"https:\/\/www.europesays.com\/es\/295586\/"},"modified":"2025-12-19T05:34:22","modified_gmt":"2025-12-19T05:34:22","slug":"las-11-series-de-la-semana-recuperan-fallout-se-mudan-con-emily-in-paris-e-invocan-a-los-magos-de-waverly-place","status":"publish","type":"post","link":"https:\/\/www.europesays.com\/es\/295586\/","title":{"rendered":"Las 11 series de la semana recuperan &#8216;Fallout&#8217;, se mudan con &#8216;Emily in Paris&#8217; e invocan a &#8216;Los magos de Waverly Place&#8217;"},"content":{"rendered":"<p class=\"article-text\">\n        Las nuevas temporadas de <strong>Fallout<\/strong> y <strong>Emily in Paris<\/strong> son las principales novedades de ficci\u00f3n de la semana del <strong>15 al 21 de diciembre<\/strong>, que est\u00e1 marcada por la escasez de contenidos en las principales plataformas de streaming.\n    <\/p>\n<p>    <a href=\"https:\/\/www.eldiario.es\/vertele\/series\/prime-video-cambio-protagonista-nueva-serie-malena-alterio-elena-anaya-frente-cochinas-alvaro-mel_1_12856655.html\" data-mrf-recirculation=\"saber-mas\" data-dl-event=\"saber-mas\" rel=\"nofollow noopener\" target=\"_blank\"><\/p>\n<p class=\"know-more__title\">Cambio de protagonista en la nueva serie de Prime Video: Malena Alterio por Elena Anaya al frente de &#8216;Cochinas&#8217;<\/p>\n<p>            <img decoding=\"async\" class=\"lazy\" loading=\"lazy\" data-src=\"https:\/\/static.eldiario.es\/clip\/903a905d-1e55-4d17-87b1-e0a380400064_16-9-aspect-ratio_default_0.jpg\" src=\"data:image\/svg+xml,%3Csvg xmlns=\" http:=\"\" viewbox=\"0 0 880 495\" alt=\"Cambio de protagonista en la nueva serie de Prime Video: Malena Alterio por Elena Anaya al frente de 'Cochinas'\"\/><\/p>\n<p>                        <\/a><\/p>\n<p class=\"article-text\">\n        Compuesta por ocho cap\u00edtulos, la segunda temporada de <strong>Fallout <\/strong>\u2013protagonizada por Ella Purnell, Walton Goggins y Aaron Moten\u2013 lleg\u00f3 a <strong>Prime Video <\/strong>el pasado mi\u00e9rcoles, m\u00e1s de a\u00f1o y medio despu\u00e9s del lanzamiento de la primera tanda.\n    <\/p>\n<p class=\"article-text\">\n        Tambi\u00e9n han tenido que esperar una larga temporada los fans de <strong>Emily in Paris<\/strong>, que desde septiembre de 2024 esperaban poder acompa\u00f1ar a Emily Cooper en sus nuevas andanzas. Esta vez ocurren en Roma, lejos de la capital francesa, lo que representa un verdadero acontecimiento para su protagonista. La quinta temporada de la serie lleg\u00f3 a <strong>Netflix <\/strong>este jueves 18 de diciembre.\n    <\/p>\n<p class=\"article-text\">\n        Y es <strong>Disney+<\/strong> quien aporta otro conocido t\u00edtulo a la lista de series de la semana. El mi\u00e9rcoles se estren\u00f3 aqu\u00ed la segunda temporada de <strong>Vuelven los magos de Waverly Place<\/strong>, la secuela de la exitosa serie adolescente protagonizada por Selena G\u00f3mez y emitida por Disney Channel entre 2007 y 2012. En esta continuaci\u00f3n, David Henrie retoma su papel como Justin Russo, y G\u00f3mez reaparecer\u00e1 en la parte final de la temporada.\n    <\/p>\n<p class=\"article-text\">\n        Repasamos a continuaci\u00f3n las 11 series que ver\u00e1n la luz entre el 15 y el 21 de diciembre en plataformas como <strong>Netflix<\/strong>, <strong>Disney+<\/strong>, <strong>Amazon Prime Video<\/strong>, <strong>SkyShotime <\/strong>y <strong>Movistar Plus+<\/strong>.\n    <\/p>\n<p>    &#8216;Su peor pesadilla&#8217;\u00a0(SkyShowtime, 15 diciembre)<\/p>\n<p class=\"article-text\">\n        <strong>As\u00ed es la serie: <\/strong>All Her Fault (Su peor pesadilla), adaptaci\u00f3n de la exitosa novela de Andrea Mara, arranca con una situaci\u00f3n aterradora que acaba desenterrando los secretos m\u00e1s profundos de una comunidad. Cuando Marissa Irvi ne (Sarah Snook) llega al n\u00famero 1800 de Crescent Hollow Road a recoger a su hijo peque\u00f1o Milo a casa de un amigo con el que hab\u00eda quedado a a jugar, la mujer que abre la puerta no es alguien a quien ella reconozca: el la no tiene a Milo y nunca ha o\u00eddo hablar de \u00e9l. Y as\u00ed comienza la peor pesadilla de cualquier madre. Dakota Fanning, Jake Lacy y Michael Pe\u00f1a conforman el reparto.\n    <\/p>\n<p>    &#8216;Bright minds&#8217; T6\u00a0(COSMO, 15 diciembre)<\/p>\n<p class=\"article-text\">\n        <strong>As\u00ed es la serie:<\/strong> En la sexta temporada de Bright minds, Rapha\u00eblle debe rehacer su vida y redefinir su relaci\u00f3n con Astrid y Nico tras sufrir un envenenamiento que casi le cuesta la vida. Astrid, m\u00e1s volcada que nunca en apoyar a su amiga, descubre que alguien la sigue: un misterioso desconocido vinculado a la familia de su novio Tetsuo pone en jaque su relaci\u00f3n. En el \u00e1mbito profesional, Astrid y Rapha\u00eblle se enfrentar\u00e1n a enigmas tan ins\u00f3litos como perturbadores: parapsicolog\u00eda, fetiches africanos, teor\u00edas matem\u00e1ticas revolucionarias, juicios \u00e9picos, guillotinas y hasta la sombra del diablo.\n    <\/p>\n<p>    &#8216;Trigger Point&#8217; T3 (Movistar Plus+, 16 diciembre)<\/p>\n<p class=\"article-text\">\n        <strong>As\u00ed es la serie: <\/strong>Movistar Plus+ estren\u00f3 la tercera temporada de este thriller polic\u00edaco el 16 de diciembre. En la serie, Lana Washington y su equipo investigan una amenaza de bomba que pronto se revela como el inicio de una siniestra venganza: alguien tiene en la mira a individuos y exige venganza. Trabajando junto a la Unidad Antiterrorista de la Polic\u00eda, el Escuadr\u00f3n de Desactivaci\u00f3n de Explosivos trabaja a contrarreloj para encontrar al atacante antes de que se cobre su pr\u00f3xima v\u00edctima.\n    <\/p>\n<p>    &#8216;El Ni\u00f1ero&#8217; T3\u00a0(Netflix, 17 diciembre)<\/p>\n<p class=\"article-text\">\n        <strong>As\u00ed es la serie:<\/strong> Netflix estren\u00f3 el 17 de diciembre la tercera temporada de la serie mexicana El Ni\u00f1ero, en la que los caminos de Gabriel y Jimena vuelven a cruzarse, con m\u00e1s pasi\u00f3n e intriga de lo que podr\u00edan imaginar. \u00bfLe dar\u00e1n otra oportunidad al amor o lo perder\u00e1n todo?\n    <\/p>\n<p>    &#8216;Fallout&#8217; T2 (Amazon Prime Video, 17 diciembre)<\/p>\n<p class=\"article-text\">\n        <strong>As\u00ed es la serie:\u00a0<\/strong>La nueva temporada retoma la trama tras el \u00e9pico final de la primera entrega y lleva al p\u00fablico a un viaje a trav\u00e9s del p\u00e1ramo de Mojave hasta la ciudad postapocal\u00edptica de New Vegas. Basada en una de las m\u00e1s grandes sagas de videojuegos de todos los tiempos,\u00a0Fallout\u00a0es la historia de los que tienen y los que no, en un mundo donde ya casi no queda nada por tener. Doscientos a\u00f1os despu\u00e9s del apocalipsis, los apacibles habitantes de lujosos refugios nucleares se ven obligados a regresar al infierno irradiado que sus antepasados dejaron atr\u00e1s, y se sorprenden al descubrir el universo incre\u00edblemente complejo, delirantemente extra\u00f1o y extremadamente violento que los espera.\n    <\/p>\n<p>    &#8216;Vuelven los magos de Waverly Place&#8217; T2 (Disney+, 17 de diciembre)<\/p>\n<p class=\"article-text\">\n        <strong>As\u00ed es la serie:<\/strong> El 17 de diciembre se estrena en Disney+ la serie juvenil Vuelven los magos de Waverly Place, en la que Billie, una joven y poderosa maga, es enviada a vivir al mundo de los mortales con el \u00fanico profesor mago que puede ayudarla a controlar sus poderes: Justin Russo.\n    <\/p>\n<p>    &#8216;Emily in Paris&#8217; T5 (Netflix, 18 diciembre)<\/p>\n<p class=\"article-text\">\n        <strong>As\u00ed es la serie:\u00a0<\/strong>Emily, a la que han nombrado responsable de la Agence Grateau en Roma, se enfrenta a desaf\u00edos profesionales y sentimentales mientras aprende a moverse por una ciudad nueva. Sin embargo, cuando todo parece encajar, una mala decisi\u00f3n en el trabajo desata un efecto domin\u00f3 que sacude su vida personal y profesional. En un intento de recuperar la estabilidad, se apoya en su estilo de vida franc\u00e9s hasta que un gran secreto pone en peligro una de sus relaciones m\u00e1s estrechas. Emily aborda el conflicto con honestidad y sale del problema con v\u00ednculos m\u00e1s profundos, una visi\u00f3n m\u00e1s clara y una mayor predisposici\u00f3n a abrazar nuevas posibilidades.\n    <\/p>\n<p>    &#8216;El dentista&#8217;\u00a0(Movistar Plus+, 18 diciembre)<\/p>\n<p class=\"article-text\">\n        <strong>As\u00ed es la serie: <\/strong>Mediante las t\u00e9cnicas de odontolog\u00eda forense,\u00a0Nolasco Black\u00a0analizar\u00e1 las circunstancias del asesinato de\u00a0varias\u00a0mujeres: una prostituta que cautiva a todos sus clientes, una enfermera con los ojos de distinto color, una curandera considerada una santa\u00a0y una equilibrista ciega. El dentista se enfrentar\u00e1 as\u00ed a John Williams, o como le han denominado: Jack el Destripador.<strong>\u00a0<\/strong>La lucha de estas dos inteligencias se convertir\u00e1 en una partida de ajedrez\u00a0en la que no solo est\u00e1n en juego las muertes de mujeres inocentes, sino una violencia y una locura que podr\u00edan dar pie a oscuridades monstruosas.\u00a0\n    <\/p>\n<p>    &#8216;Human Specimens&#8217;\u00a0(Amazon Prime Video, 18 diciembre)<\/p>\n<p class=\"article-text\">\n        <strong>As\u00ed es la serie: <\/strong>La nueva serie japonesa de Amazon Prime Video se llama Human Specimens y es la adaptaci\u00f3n de una novela de Kanae Minato, c\u00e9lebre escritora de historias de misterio y autora del superventas internacional Confessions, que fue adaptado en la aclamada pel\u00edcula que represent\u00f3 a Jap\u00f3n en la 83.\u00aa edici\u00f3n de los Premios \u00d3scar. Human Specimens es otra oscura historia que sigue al profesor Shir\u00f4 Sakaki, investigador de mariposas, quien confiesa haber convertido a seis ni\u00f1os, incluyendo a su propio hijo, en \u201cespec\u00edmenes humanos\u201d.\n    <\/p>\n<blockquote class=\"instagram-media\" data-instgrm-version=\"14\" data-instgrm-permalink=\"https:\/\/www.instagram.com\/reel\/DQ7kYO5kaaQ\/\" data-instgrm-captioned=\"\"\/>\n<p>    &#8216;Doce citas antes de Navidad&#8217;\u00a0(Movistar Plus+, 20 diciembre)<\/p>\n<p class=\"article-text\">\n        <strong>As\u00ed es la serie: <\/strong>Kate, dise\u00f1adora de estampados textiles, vive en el pintoresco pueblo de Blexford, Inglaterra, con Mac, su padre divorciado\u00a0y convaleciente\u00a0tras un accidente de moto. Sin que Kate lo sepa,\u00a0su mejor amiga, Laura, la inscribe en \u201cLas 12 citas de Navidad\u201d, un programa que propone experiencias rom\u00e1nticas\u00a0para encontrar pareja antes de las fiestas. Kate termina por contagiarse del esp\u00edritu del programa y se sorprende al conocer a alguien que le devuelve las ganas de vivir. Sin embargo, su madre reaparece inesperadamente y sus vacaciones navide\u00f1as\u00a0dan un vuelco total, ya que\u00a0Mac podr\u00eda estar iniciando un romance con Evelyn, una viuda del pueblo que poco a poco lo ayuda a salir de su casa y abrir su coraz\u00f3n.\n    <\/p>\n<p>    <a href=\"https:\/\/www.eldiario.es\/vertele\/noticias\/eduardo-casanova-anuncia-vih-documental-evole-atresmedia-rompo-silencio-desagradable_1_12856058.html\" data-mrf-recirculation=\"saber-mas-abajo\" data-dl-event=\"saber-mas-abajo\" rel=\"nofollow noopener\" target=\"_blank\"><\/p>\n<p class=\"know-more__title\">Eduardo Casanova anuncia que tiene VIH en un documental de \u00c9vole y Atresmedia: \u201cRompo este silencio tan desagradable\u201d\n<\/p>\n<p>            <img decoding=\"async\" class=\"lazy\" loading=\"lazy\" data-src=\"https:\/\/static.eldiario.es\/clip\/62edaf46-7b92-4992-a4f6-b69fd0b250b4_16-9-aspect-ratio_default_0.jpg\" src=\"data:image\/svg+xml,%3Csvg xmlns=\" http:=\"\" viewbox=\"0 0 880 495\" alt=\"Eduardo Casanova anuncia que tiene VIH en un documental de \u00c9vole y Atresmedia: &quot;Rompo este silencio tan desagradable&quot;\"\/><\/p>\n<p>                        <\/a><\/p>\n<p>    &#8216;D\u00edas de ceniza&#8217; (Movistar Plus+, 21 diciembre)<\/p>\n<p class=\"article-text\">\n        <strong>As\u00ed es la serie: <\/strong>Movistar Plus+ trae a Espa\u00f1a el 21 de diciembre la serie irlandesa D\u00edas de ceniza, un drama rom\u00e1ntico sobre una profesora cat\u00f3lica que se relaciona con un abogado protestante que defiende a miembros del IRA. En medio de las tensiones que atraviesa el pa\u00eds (estamos en la d\u00e9cada de 1970), no ser\u00e1 nada f\u00e1cil para ellos mantener esa amistad.\n    <\/p>\n<p>                                    <script async src=\"\/\/www.instagram.com\/embed.js\"><\/script><\/p>\n","protected":false},"excerpt":{"rendered":"Las nuevas temporadas de Fallout y Emily in Paris son las principales novedades de ficci\u00f3n de la semana&hellip;\n","protected":false},"author":2,"featured_media":295587,"comment_status":"","ping_status":"","sticky":false,"template":"","format":"standard","meta":{"footnotes":""},"categories":[171],"tags":[9122,1052,35329,1053,70545,146,147,25,24,24820,1051,13086,773,805,23,57840,214],"class_list":{"0":"post-295586","1":"post","2":"type-post","3":"status-publish","4":"format-standard","5":"has-post-thumbnail","7":"category-tv","8":"tag-9122","9":"tag-1052","10":"tag-diciembre","11":"tag-domingo","12":"tag-emily-in-paris-netflix","13":"tag-entertainment","14":"tag-entretenimiento","15":"tag-es","16":"tag-espana","17":"tag-fallout","18":"tag-lunes","19":"tag-prime-video","20":"tag-semana","21":"tag-series","22":"tag-spain","23":"tag-temporada-2","24":"tag-tv"},"share_on_mastodon":{"url":"https:\/\/pubeurope.com\/@es\/115744608300664312","error":""},"_links":{"self":[{"href":"https:\/\/www.europesays.com\/es\/wp-json\/wp\/v2\/posts\/295586","targetHints":{"allow":["GET"]}}],"collection":[{"href":"https:\/\/www.europesays.com\/es\/wp-json\/wp\/v2\/posts"}],"about":[{"href":"https:\/\/www.europesays.com\/es\/wp-json\/wp\/v2\/types\/post"}],"author":[{"embeddable":true,"href":"https:\/\/www.europesays.com\/es\/wp-json\/wp\/v2\/users\/2"}],"replies":[{"embeddable":true,"href":"https:\/\/www.europesays.com\/es\/wp-json\/wp\/v2\/comments?post=295586"}],"version-history":[{"count":0,"href":"https:\/\/www.europesays.com\/es\/wp-json\/wp\/v2\/posts\/295586\/revisions"}],"wp:featuredmedia":[{"embeddable":true,"href":"https:\/\/www.europesays.com\/es\/wp-json\/wp\/v2\/media\/295587"}],"wp:attachment":[{"href":"https:\/\/www.europesays.com\/es\/wp-json\/wp\/v2\/media?parent=295586"}],"wp:term":[{"taxonomy":"category","embeddable":true,"href":"https:\/\/www.europesays.com\/es\/wp-json\/wp\/v2\/categories?post=295586"},{"taxonomy":"post_tag","embeddable":true,"href":"https:\/\/www.europesays.com\/es\/wp-json\/wp\/v2\/tags?post=295586"}],"curies":[{"name":"wp","href":"https:\/\/api.w.org\/{rel}","templated":true}]}}