{"id":295600,"date":"2025-12-19T05:43:34","date_gmt":"2025-12-19T05:43:34","guid":{"rendered":"https:\/\/www.europesays.com\/es\/295600\/"},"modified":"2025-12-19T05:43:34","modified_gmt":"2025-12-19T05:43:34","slug":"el-pp-citara-a-zapatero-en-la-comision-de-investigacion-del-senado-por-el-caso-koldo","status":"publish","type":"post","link":"https:\/\/www.europesays.com\/es\/295600\/","title":{"rendered":"El PP citar\u00e1 a Zapatero en la comisi\u00f3n de investigaci\u00f3n del Senado por el &#8216;caso Koldo&#8217;"},"content":{"rendered":"<p class=\"article-text\">\n        La portavoz del PP en el Senado, Alicia Garc\u00eda, ha anunciado este jueves que su grupo citar\u00e1 al expresidente del Gobierno, Jos\u00e9 Luis Rodr\u00edguez Zapatero, en la comisi\u00f3n de investigaci\u00f3n sobre el &#8216;caso Koldo&#8217;. \u201cTendr\u00e1 que explicar su papel en el rescate de Plus Ultra, si particip\u00f3 directa o indirectamente en el &#8216;chivatazo&#8217; y si supo que iba a haber detenciones\u201d en el marco de la investigaci\u00f3n de la Polic\u00eda Nacional sobre un posible blanqueo de capitales en la aerol\u00ednea.\n    <\/p>\n<p>    <a href=\"https:\/\/www.eldiario.es\/politica\/pp-necesita-juez-peinado-ajustar-cuentas-zapatero_129_12852398.html\" data-mrf-recirculation=\"saber-mas\" data-dl-event=\"saber-mas\" rel=\"nofollow noopener\" target=\"_blank\"><\/p>\n<p class=\"know-more__title\">El PP necesita un juez como Peinado para ajustar cuentas con Zapatero<\/p>\n<p>            <img decoding=\"async\" class=\"lazy\" loading=\"lazy\" data-src=\"https:\/\/static.eldiario.es\/clip\/56297c7e-7790-4703-b358-564911f14fbe_16-9-aspect-ratio_default_0.jpg\" src=\"data:image\/svg+xml,%3Csvg xmlns=\" http:=\"\" viewbox=\"0 0 880 495\" alt=\"El PP necesita un juez como Peinado para ajustar cuentas con Zapatero\"\/><\/p>\n<p>                        <\/a><\/p>\n<p class=\"article-text\">\n        El PP se acoge a una informaci\u00f3n publicada por &#8216;El Debate&#8217; sobre un encuentro entre Zapatero y el empresario Julio Mart\u00ednez, detenido por su supuesta implicaci\u00f3n en el blanqueo de capitales que, seg\u00fan la UDEF, se produjo en la aerol\u00ednea venezolana gracias al pr\u00e9stamo p\u00fablico.\n    <\/p>\n<p class=\"article-text\">\n        El expresidente del Gobierno ha reconocido haberse visto con Mart\u00ednez, pero ha negado que fuera una \u201creuni\u00f3n\u201d ni mucho menos <a href=\"https:\/\/www.eldiario.es\/politica\/zapatero-niega-acusaciones-feijoo-calumnioso-insinuar-adverti-julio-martinez-detencion_1_12849568.html\" target=\"_blank\" data-mrf-recirculation=\"links-noticia\" class=\"link\" rel=\"nofollow noopener\">que se hubiera producido ning\u00fan \u201cchivatazo\u201d<\/a> sobre la operaci\u00f3n policial que se desencaden\u00f3 72 horas despu\u00e9s. Zapatero ha asegurado a elDiario.es a trav\u00e9s de su entorno que Mart\u00ednez y \u00e9l eran \u201camigos\u201d y que quedaban habitualmente para practicar deporte.\n    <\/p>\n<p class=\"article-text\">\n        Garc\u00eda ha anunciado la citaci\u00f3n 24 horas despu\u00e9s de que la pidiera en p\u00fablico la presidenta de Madrid, Isabel D\u00edaz Ayuso, <a href=\"https:\/\/www.eldiario.es\/politica\/pp-necesita-juez-peinado-ajustar-cuentas-zapatero_129_12852398.html\" target=\"_blank\" data-mrf-recirculation=\"links-noticia\" class=\"link\" rel=\"nofollow noopener\">reclamara a su partido que convocara a Zapatero<\/a>. \u201cEs el perejil de todas las salsas, le vemos en muchas noticias, cada vez m\u00e1s llamativas y ser\u00eda bueno que diese explicaciones en Congreso y Senado, si va a hacer concesiones que comprometen la seguridad de toda Espa\u00f1a\u201d, dijo. \u201cNo s\u00e9 qu\u00e9 puede haber, pero ser\u00eda buena una comparecencia para que se pueda trabajar con la m\u00e1xima transparencia. Est\u00e1n comprometidos los intereses de Espa\u00f1a entera\u201d, zanj\u00f3 la presidenta madrile\u00f1a.\n    <\/p>\n<p class=\"article-text\">\n        Un d\u00eda despu\u00e9s, la direcci\u00f3n nacional del PP ha asumido la petici\u00f3n y ha anunciado que citar\u00e1 a Zapatero. Eso s\u00ed, no se sabe todav\u00eda cu\u00e1ndo, pero no en lo que resta de 2025.\n    <\/p>\n<p class=\"article-text\">\n        Tal y como ha explicado Garc\u00eda en una rueda de prensa, Zapatero no forma parte de la lista de comparecientes aprobada por los miembros de la comisi\u00f3n de investigaci\u00f3n. As\u00ed, primero deber\u00e1 reunirse la mesa de la propia comisi\u00f3n y aprobar un nuevo plan de trabajo que incluya al expresidente entre los posibles convocados.\n    <\/p>\n<p>    <a href=\"https:\/\/www.eldiario.es\/politica\/zapatero-niega-acusaciones-feijoo-calumnioso-insinuar-adverti-julio-martinez-detencion_1_12849568.html\" data-mrf-recirculation=\"saber-mas-abajo\" data-dl-event=\"saber-mas-abajo\" rel=\"nofollow noopener\" target=\"_blank\"><\/p>\n<p class=\"know-more__title\">Zapatero niega las acusaciones de Feij\u00f3o: \u201cEs calumnioso insinuar que advert\u00ed a Julio Mart\u00ednez de su detenci\u00f3n\u201d<\/p>\n<p>            <img decoding=\"async\" class=\"lazy\" loading=\"lazy\" data-src=\"https:\/\/static.eldiario.es\/clip\/8a9159e7-d8db-4abf-9048-b388ad9a043f_16-9-aspect-ratio_default_0.jpg\" src=\"data:image\/svg+xml,%3Csvg xmlns=\" http:=\"\" viewbox=\"0 0 880 495\" alt=\"Zapatero niega las acusaciones de Feij\u00f3o: &quot;Es calumnioso insinuar que advert\u00ed a Julio Mart\u00ednez de su detenci\u00f3n&quot;\"\/><\/p>\n<p>                        <\/a><\/p>\n<p class=\"article-text\">\n        El PP tiene mayor\u00eda absoluta en la C\u00e1mara y tambi\u00e9n en la comisi\u00f3n, por lo que no habr\u00e1 problema en aprobar el nuevo plan de trabajo. Ser\u00e1 entonces cuando el Senado podr\u00e1 citar oficialmente a Zapatero.\n    <\/p>\n","protected":false},"excerpt":{"rendered":"La portavoz del PP en el Senado, Alicia Garc\u00eda, ha anunciado este jueves que su grupo citar\u00e1 al&hellip;\n","protected":false},"author":2,"featured_media":295601,"comment_status":"","ping_status":"","sticky":false,"template":"","format":"standard","meta":{"footnotes":""},"categories":[8],"tags":[17,18,6985,70549,7553,25,24,13,14,11,1294,4164,19,20,9,10,15,16,956,6912,23,12,21,22,7472],"class_list":{"0":"post-295600","1":"post","2":"type-post","3":"status-publish","4":"format-standard","5":"has-post-thumbnail","7":"category-espana","8":"tag-breaking-news","9":"tag-breakingnews","10":"tag-caso","11":"tag-citara","12":"tag-comision","13":"tag-es","14":"tag-espana","15":"tag-featured-news","16":"tag-featurednews","17":"tag-headlines","18":"tag-investigacion","19":"tag-koldo","20":"tag-latest-news","21":"tag-latestnews","22":"tag-news","23":"tag-noticias","24":"tag-noticias-destacadas","25":"tag-noticiasdestacadas","26":"tag-pp","27":"tag-senado","28":"tag-spain","29":"tag-titulares","30":"tag-ultimas-noticias","31":"tag-ultimasnoticias","32":"tag-zapatero"},"share_on_mastodon":{"url":"https:\/\/pubeurope.com\/@es\/115744643656369377","error":""},"_links":{"self":[{"href":"https:\/\/www.europesays.com\/es\/wp-json\/wp\/v2\/posts\/295600","targetHints":{"allow":["GET"]}}],"collection":[{"href":"https:\/\/www.europesays.com\/es\/wp-json\/wp\/v2\/posts"}],"about":[{"href":"https:\/\/www.europesays.com\/es\/wp-json\/wp\/v2\/types\/post"}],"author":[{"embeddable":true,"href":"https:\/\/www.europesays.com\/es\/wp-json\/wp\/v2\/users\/2"}],"replies":[{"embeddable":true,"href":"https:\/\/www.europesays.com\/es\/wp-json\/wp\/v2\/comments?post=295600"}],"version-history":[{"count":0,"href":"https:\/\/www.europesays.com\/es\/wp-json\/wp\/v2\/posts\/295600\/revisions"}],"wp:featuredmedia":[{"embeddable":true,"href":"https:\/\/www.europesays.com\/es\/wp-json\/wp\/v2\/media\/295601"}],"wp:attachment":[{"href":"https:\/\/www.europesays.com\/es\/wp-json\/wp\/v2\/media?parent=295600"}],"wp:term":[{"taxonomy":"category","embeddable":true,"href":"https:\/\/www.europesays.com\/es\/wp-json\/wp\/v2\/categories?post=295600"},{"taxonomy":"post_tag","embeddable":true,"href":"https:\/\/www.europesays.com\/es\/wp-json\/wp\/v2\/tags?post=295600"}],"curies":[{"name":"wp","href":"https:\/\/api.w.org\/{rel}","templated":true}]}}