{"id":295610,"date":"2025-12-19T06:02:15","date_gmt":"2025-12-19T06:02:15","guid":{"rendered":"https:\/\/www.europesays.com\/es\/295610\/"},"modified":"2025-12-19T06:02:15","modified_gmt":"2025-12-19T06:02:15","slug":"temporada-de-invierno-crunchyroll-2026","status":"publish","type":"post","link":"https:\/\/www.europesays.com\/es\/295610\/","title":{"rendered":"Temporada de invierno Crunchyroll 2026"},"content":{"rendered":"<p>\t\t\t\t\t\t\t\t\t\t\t\t\t\t\t\t\t\t\t\t\t\t\t\t\t\t\t\t\t\t\t\t<img decoding=\"async\" itemprop=\"image\" src=\"data:image\/svg+xml,%3Csvg%20xmlns=\" http:=\"\" data-lazy-src=\"https:\/\/ramenparados.com\/wp-content\/uploads\/2025\/11\/JUJUTSU-KAISEN-Season-3-\u00a9-Gege-Akutami_Shueisha-JUJUTSU-KAISEN-Project-Teaser-Trailer-Still-4_1920x1080_thumbnail-1000x600.jpg\"\/><\/p>\n<p>\n\t\t\t\t\t\t\t\t\t\t\tTemporada de invierno Crunchyroll 2026\n\t\t\t\t\t\t\t\t\t\t<\/p>\n<p>\t\t\t\t\t\t\t\t\t\t\t\t\t<img loading=\"lazy\" decoding=\"async\" alt=\"Avatar de Desconocido\" src=\"data:image\/svg+xml,%3Csvg%20xmlns=\" http:=\"\" class=\"avatar avatar-social-login avatar-120 photo\" height=\"120\" width=\"120\" data-lazy-src=\"https:\/\/www.europesays.com\/es\/wp-content\/uploads\/2025\/12\/1766124095_386_photo.jpg\"\/>\t\t\t\t\t\t\t\t\t\t\t\t<\/p>\n<p>Nos acercamos al final del a\u00f1o y, con ello, a un nuevo invierno. Eso significa que va siendo buen momento para sacar las mantitas, hacerse un caf\u00e9 o un chocolate calentito y sentarse en el sof\u00e1 a ver anime como si no hubiera un ma\u00f1ana. Desde <a href=\"https:\/\/ramenparados.com\/empresa\/crunchyroll\/\" rel=\"nofollow noopener\" target=\"_blank\"><strong>Crunchyroll<\/strong><\/a> lo quieren poner f\u00e1cil emitiendo en <strong>simulcast<\/strong> una gran cantidad de t\u00edtulos de esta <a href=\"https:\/\/ramenparados.com\/tag\/temporada-anime-invierno-2026\/\" rel=\"nofollow noopener\" target=\"_blank\"><strong>temporada de anime de invierno<\/strong><\/a>, entre los que se encuentran series tan esperadas como <strong><a href=\"https:\/\/ramenparados.com\/anime\/dead-account\/\" rel=\"nofollow noopener\" target=\"_blank\">Dead Account<\/a><\/strong>, <strong><a href=\"https:\/\/ramenparados.com\/anime\/seihantai-na-kimi-to-boku\/\" rel=\"nofollow noopener\" target=\"_blank\">You and I Are Polar Opposites<\/a><\/strong> o secuelas de la altura de la tercera temporada de <strong><a href=\"https:\/\/ramenparados.com\/anime\/jujutsu-kaisen-shimetsu-kaiyuu\/\" rel=\"nofollow noopener\" target=\"_blank\">Jujutsu Kaisen<\/a><\/strong>, la segunda de <strong><a href=\"https:\/\/ramenparados.com\/anime\/frieren-tras-finalizar-el-viaje-temporada-2\/\" rel=\"nofollow noopener\" target=\"_blank\">Frieren: Tras finalizar el viaje<\/a><\/strong> o <strong><a href=\"https:\/\/ramenparados.com\/anime\/trigun-stargaze\/\" rel=\"nofollow noopener\" target=\"_blank\">Trigun Stargaze<\/a><\/strong>. El listado completo, a continuaci\u00f3n.\n<\/p>\n<p><a href=\"https:\/\/ramenparados.com\/anime\/tamon-kun-ima-docchi\/\" rel=\"nofollow noopener\" target=\"_blank\"><strong>Tamon\u2019s B-Side<\/strong><\/a>\n<\/p>\n<p><img fetchpriority=\"high\" decoding=\"async\" class=\"aligncenter size-large wp-image-470748\" src=\"data:image\/svg+xml,%3Csvg%20xmlns=\" http:=\"\" alt=\"\" width=\"620\" height=\"931\" data-lazy- data-lazy- data-lazy-src=\"https:\/\/www.europesays.com\/es\/wp-content\/uploads\/2025\/12\/TamonsBSide_kv-682x1024.jpg\"\/>\n<\/p>\n<p>T\u00edtulo original: Tamon-kun Ima Docchi!?<br \/>Estudio: J.C. Staff<br \/>Fecha de estreno: 31 de diciembre<br \/>Disponibilidad: En todo el mundo, excepto Jap\u00f3n, China, Hong Kong, Corea, Macao, Mongolia y Taiw\u00e1n\n<\/p>\n<p>Utage Kinoshita es una estudiante de instituto que trabaja a media jornada como empleada dom\u00e9stica. Ha consagrado su vida a su idol favorito, Tamon Fukuhara, del grupo F\/ACE. \u00a1Pero un d\u00eda Utage acaba trabajando en la casa de Tamon! All\u00ed descubre que, cuando no est\u00e1 sobre el escenario, no tiene nada que ver con su imagen de idol salvaje. Es un chico melanc\u00f3lico e introvertido sin confianza en s\u00ed mismo, pero Utage se enamora de \u00e9l de todos modos\n<\/p>\n<p><a href=\"https:\/\/ramenparados.com\/anime\/yusha-party-o-oidasareta-kiyo-binbo\/\" rel=\"nofollow noopener\" target=\"_blank\"><strong>Jack-of-All-Trades, Party of None<\/strong><\/a>\n<\/p>\n<p><img loading=\"lazy\" decoding=\"async\" class=\"aligncenter size-full wp-image-470750\" src=\"data:image\/svg+xml,%3Csvg%20xmlns=\" http:=\"\" alt=\"\" width=\"463\" height=\"694\" data-lazy- data-lazy- data-lazy-src=\"https:\/\/www.europesays.com\/es\/wp-content\/uploads\/2025\/12\/Jack-of-All-Trades_KV.jpg\"\/>\n<\/p>\n<p>T\u00edtulo original: Yuusha Party o Oidasareta Kiyoubinbou<br \/>Estudio: Animation studio42<br \/>Fecha de estreno: 31 de diciembre<br \/>Disponibilidad: Am\u00e9rica del Norte, Am\u00e9rica Central, Am\u00e9rica del Sur, Europa, \u00c1frica, Ocean\u00eda, Oriente Medio, CEI, sudeste asi\u00e1tico e India\n<\/p>\n<p>Traicionado por su amigo de la infancia y expulsado del Grupo de H\u00e9roes, Orhun Dura, que en su d\u00eda fue su leal hechicero, es tachado por sus antiguos compa\u00f1eros de \u00abaprendiz de todo, maestro de nada\u00bb. Solo, se propone abrirse un nuevo camino como aventurero en solitario. Su viaje le deparar\u00e1 combates espectaculares, rivales mortales y aliados inesperados, y lograr\u00e1 superar todas las expectativas. \u00a1Comienza el gran regreso en solitario!\n<\/p>\n<p><a href=\"https:\/\/ramenparados.com\/anime\/the-outcast-temporada-6\/\" rel=\"nofollow noopener\" target=\"_blank\"><strong>The Outcast \u2013 Temporada 6<\/strong><\/a>\n<\/p>\n<p><img loading=\"lazy\" decoding=\"async\" class=\"aligncenter size-full wp-image-470756\" src=\"data:image\/svg+xml,%3Csvg%20xmlns=\" http:=\"\" alt=\"\" width=\"390\" height=\"694\" data-lazy- data-lazy- data-lazy-src=\"https:\/\/www.europesays.com\/es\/wp-content\/uploads\/2025\/12\/Outcast6_kv.jpg\"\/>\n<\/p>\n<p>T\u00edtulo original: Yi Ren Zhi Xia 6<br \/>Estudio: Qiyuan Yinghua<br \/>Fecha de estreno: 2 de enero<br \/>Disponibilidad: En todo el mundo, excepto China\n<\/p>\n<p>El protagonista, Cho Soran, lleva una vida de lo m\u00e1s normal como estudiante universitario\u2026 hasta que se ve envuelto en un terrible incidente ocurrido en una peque\u00f1a aldea. Mientras atraviesa un cementerio, Cho Soran es atacado por zombis y, cuando ya cree que todo ha terminado, una misteriosa chica armada con una espada aparece de la nada, lo salva y desaparece sin dejar rastro.\n<\/p>\n<p><a href=\"https:\/\/ramenparados.com\/anime\/sentenced-to-be-a-hero\/\" rel=\"nofollow noopener\" target=\"_blank\"><strong>Sentenced to Be a Hero<\/strong><\/a>\n<\/p>\n<p><img loading=\"lazy\" decoding=\"async\" class=\"aligncenter size-full wp-image-452625\" src=\"data:image\/svg+xml,%3Csvg%20xmlns=\" http:=\"\" alt=\"\" width=\"626\" height=\"945\" data-lazy- data-lazy- data-lazy-src=\"https:\/\/www.europesays.com\/es\/wp-content\/uploads\/2025\/12\/Sentenced-to-Be-a-Hero-CR.jpg\"\/>\n<\/p>\n<p>T\u00edtulo original: Yuusha-kei ni Shosu: Choubatsu Yuusha 9004 Tai Keimu Kiroku<br \/>Estudio: Studio Kai<br \/>Fecha de estreno: 3 de enero<br \/>Disponibilidad: Am\u00e9rica del Norte, Am\u00e9rica Central, Am\u00e9rica del Sur, Europa, \u00c1frica, Ocean\u00eda, Oriente Medio, CEI, sudeste asi\u00e1tico y subcontinente indio\n<\/p>\n<p>En un mundo donde el hero\u00edsmo es un castigo, Xylo Forbartz, un asesino de diosas condenado, lucha contra hordas interminables de abominaciones monstruosas como parte de la Unidad de H\u00e9roes Penales 9004. La muerte no es una escapatoria, solo un ciclo de resurrecci\u00f3n y combate implacable. Pero cuando Xylo se encuentra con una nueva y misteriosa diosa, su improbable alianza desencadena una rebeli\u00f3n que podr\u00eda romper las cadenas del castigo eterno.\n<\/p>\n<p><a href=\"https:\/\/ramenparados.com\/anime\/fate-strange-fake\/\" rel=\"nofollow noopener\" target=\"_blank\"><strong>Fate\/strange Fake<\/strong><\/a>\n<\/p>\n<p><img loading=\"lazy\" decoding=\"async\" class=\"aligncenter size-large wp-image-428853\" src=\"data:image\/svg+xml,%3Csvg%20xmlns=\" http:=\"\" alt=\"\" width=\"620\" height=\"877\" data-lazy- data-lazy- data-lazy-src=\"https:\/\/www.europesays.com\/es\/wp-content\/uploads\/2025\/12\/FateStrangeFake_visual01-724x1024.jpg\"\/>\n<\/p>\n<p>T\u00edtulo original: Fate\/Strange Fake<br \/>Estudio: A-1 Pictures<br \/>Fecha de estreno: 3 de enero<br \/>Disponibilidad: Am\u00e9rica del Norte, Am\u00e9rica Central, Am\u00e9rica del Sur, Europa, \u00c1frica, Ocean\u00eda, Oriente Medio, CEI y subcontinente indio\n<\/p>\n<p>A\u00f1os despu\u00e9s de la Quinta Guerra del Santo Grial en Jap\u00f3n, empiezan a circular rumores sobre la aparici\u00f3n de un nuevo Santo Grial en Estados Unidos. Masters y Servants se re\u00fanen en la ciudad de Snowfield mientras el campo de batalla comienza a tomar forma. Se alza el tel\u00f3n y la humanidad, junto a sus h\u00e9roes, entra en escena, mientras secretos y sombras anuncian una nueva Guerra del Santo Grial.\n<\/p>\n<p><a href=\"https:\/\/ramenparados.com\/anime\/hana-kimi\/\" rel=\"nofollow noopener\" target=\"_blank\"><strong>Hana-Kimi<\/strong><\/a>\n<\/p>\n<p><img loading=\"lazy\" decoding=\"async\" class=\"aligncenter size-full wp-image-470777\" src=\"data:image\/svg+xml,%3Csvg%20xmlns=\" http:=\"\" alt=\"\" width=\"463\" height=\"694\" data-lazy- data-lazy- data-lazy-src=\"https:\/\/www.europesays.com\/es\/wp-content\/uploads\/2025\/12\/Hana-Kimi_kv2.jpg\"\/>\n<\/p>\n<p>T\u00edtulo original: Hanazakari no Kimitachi e<br \/>Estudio: Signal.MD<br \/>Fecha de estreno: 4 de enero<br \/>Disponibilidad: En todo el mundo, excepto China, Jap\u00f3n, Corea y Mongolia\n<\/p>\n<p>Mizuki Ashiya tiene una misi\u00f3n: disfrazarse de chico y apuntarse a un internado masculino para conocer a su \u00eddolo, la estrella del salto de altura Izumi Sano. \u00a1Pero tras infiltrarse con \u00e9xito en el colegio, descubre que ha dejado s\u00fabitamente el deporte! Ahora Mizuki deber\u00e1 esquivar las sospechas, proteger su tapadera y, de alguna forma, alcanzar al chico por el que ha recorrido todo este camino, \u00a1todo mientras sobrevive al caos de un dormitorio solo de chicos!\n<\/p>\n<p><a href=\"https:\/\/ramenparados.com\/anime\/mf-ghost-3rd-season\/\" rel=\"nofollow noopener\" target=\"_blank\"><strong>MF GHOST \u2013 Temporada 3<\/strong><\/a>\n<\/p>\n<p><img loading=\"lazy\" decoding=\"async\" class=\"aligncenter size-large wp-image-461224\" src=\"data:image\/svg+xml,%3Csvg%20xmlns=\" http:=\"\" alt=\"\" width=\"620\" height=\"877\" data-lazy- data-lazy- data-lazy-src=\"https:\/\/www.europesays.com\/es\/wp-content\/uploads\/2025\/12\/mceu-27118628511758041633591-724x1024.jpg\"\/>\n<\/p>\n<p>T\u00edtulo original: MF Ghost 3rd Season<br \/>Estudio: Felix Film<br \/>Fecha de estreno: 4 de enero<br \/>Disponibilidad: Am\u00e9rica del Norte, Am\u00e9rica Central, Am\u00e9rica del Sur, Europa, \u00c1frica, Ocean\u00eda, Oriente Medio, CEI, subcontinente indio y sudeste asi\u00e1tico\n<\/p>\n<p>202X d. C., un futuro m\u00e1s all\u00e1 de Initial D. Los veh\u00edculos aut\u00f3nomos se utilizan ampliamente en Jap\u00f3n, y las carreteras p\u00fablicas se emplean para carreras automovil\u00edsticas. En tal \u00e9poca, la competici\u00f3n llamada MFG se ha vuelto popular en todo el mundo. Porsche, Ferrari, Lamborghini\u2026 Los participantes est\u00e1n invitados a competir con sus veh\u00edculos m\u00e1s r\u00e1pidos. Uno de los participantes, reci\u00e9n salido de una prestigiosa escuela de carreras brit\u00e1nica, Kanata Rivington, regresa a Jap\u00f3n con un objetivo muy claro en mente.\n<\/p>\n<p><a href=\"https:\/\/ramenparados.com\/anime\/goumon-baito-kun-no-nichijou\/\" rel=\"nofollow noopener\" target=\"_blank\"><strong>The Daily Life of a Part-time Torturer<\/strong><\/a>\n<\/p>\n<p><img loading=\"lazy\" decoding=\"async\" class=\"aligncenter size-full wp-image-470793\" src=\"data:image\/svg+xml,%3Csvg%20xmlns=\" http:=\"\" alt=\"\" width=\"491\" height=\"694\" data-lazy- data-lazy- data-lazy-src=\"https:\/\/www.europesays.com\/es\/wp-content\/uploads\/2025\/12\/Part-timeTorturer_kv.jpg\"\/>\n<\/p>\n<p>T\u00edtulo original: Goumon Baito-kun no Nichijou<br \/>Estudio: diomedea<br \/>Fecha de estreno: 4 de enero<br \/>Disponibilidad: En todo el mundo, excepto Jap\u00f3n, China, Corea, Mongolia y Timor Oriental\n<\/p>\n<p>En una sociedad donde la tortura es legal, y adem\u00e1s un gran negocio, Spirytus domina el sector con pericia, estilo y un sorprendente esp\u00edritu de equipo. Los empleados a tiempo parcial Cero, Shiu, Mikke y Hugh se enfrentan a las \u00absesiones con clientes\u00bb, a los enredos de oficina e incluso a alg\u00fan que otro asesino infiltrado\u2026 \u00a1siempre con una sonrisa! La vida en Spirytus demuestra que, incluso en un mundo lleno de dolor, el trabajo puede ser inesperadamente divertido.\n<\/p>\n<p><a href=\"https:\/\/ramenparados.com\/anime\/ikoku-nikki\/\" rel=\"nofollow noopener\" target=\"_blank\"><strong>Journal with Witch<\/strong><\/a>\n<\/p>\n<p><img loading=\"lazy\" decoding=\"async\" class=\"aligncenter size-full wp-image-469050\" src=\"data:image\/svg+xml,%3Csvg%20xmlns=\" http:=\"\" alt=\"\" width=\"632\" height=\"896\" data-lazy- data-lazy- data-lazy-src=\"https:\/\/www.europesays.com\/es\/wp-content\/uploads\/2025\/12\/Ikoku-Nikki-poster.jpg\"\/>\n<\/p>\n<p>T\u00edtulo original: Ikoku Nikki<br \/>Estudio: Shuka<br \/>Fecha de estreno: 4 de enero<br \/>Disponibilidad: Am\u00e9rica del Norte, Am\u00e9rica Central, Am\u00e9rica del Sur, Europa, \u00c1frica, Ocean\u00eda, Oriente Medio, CEI, subcontinente indio y sudeste asi\u00e1tico\n<\/p>\n<p>La solitaria novelista Makio Koudai siempre ha preferido la compa\u00f1\u00eda de los libros, pero cuando su hermana y su cu\u00f1ado fallecen, Makio se convierte por sorpresa en la tutora de su sobrina de 15 a\u00f1os, Asa Takumi. A medida que superan el dolor, las diferencias de personalidad y los retos de vivir juntas, las dos van abriendo poco a poco sus corazones la una a la otra, descubriendo la calidez, la comprensi\u00f3n y el significado de la familia.\n<\/p>\n<p><a href=\"https:\/\/ramenparados.com\/anime\/kunon-the-sorcerer-can-see\/\" rel=\"nofollow noopener\" target=\"_blank\"><strong>Kunon the Sorcerer Can See<\/strong><\/a>\n<\/p>\n<p><img loading=\"lazy\" decoding=\"async\" class=\"aligncenter size-large wp-image-463363\" src=\"data:image\/svg+xml,%3Csvg%20xmlns=\" http:=\"\" alt=\"\" width=\"620\" height=\"930\" data-lazy- data-lazy- data-lazy-src=\"https:\/\/www.europesays.com\/es\/wp-content\/uploads\/2025\/12\/Kunon-sorcerer-visual1-683x1024.jpg\"\/>\n<\/p>\n<p>T\u00edtulo original: Majutsushi Kunon wa Mieteiru<br \/>Estudio: Platinum Vision<br \/>Fecha de estreno: 4 de enero<br \/>Disponibilidad: En todo el mundo excepto Jap\u00f3n y China\n<\/p>\n<p>Kunon, un joven con discapacidad visual, se ha propuesto crear un nuevo par de ojos por medio de la magia del agua. Tras solo cinco meses aprendiendo artes m\u00e1gicas, Kunon super\u00f3 a su propio mentor y perfeccion\u00f3 su talento mientras intentaba lograr una haza\u00f1a nunca antes vista. Est\u00e1 a punto de comenzar una historia fant\u00e1stica sobre un joven genio invidente que descubre el mundo gracias a su curiosidad e inter\u00e9s por la magia.\n<\/p>\n<p><a href=\"https:\/\/ramenparados.com\/anime\/my-hero-academia-vigilantes-temporada-2\/\" rel=\"nofollow noopener\" target=\"_blank\"><strong>My Hero Academia: Vigilantes Temporada 2<\/strong><\/a>\n<\/p>\n<p><img loading=\"lazy\" decoding=\"async\" class=\"aligncenter size-large wp-image-470390\" src=\"data:image\/svg+xml,%3Csvg%20xmlns=\" http:=\"\" alt=\"\" width=\"620\" height=\"876\" data-lazy- data-lazy- data-lazy-src=\"https:\/\/www.europesays.com\/es\/wp-content\/uploads\/2025\/12\/my-hero-academia-vigilantes-1-725x1024.jpeg\"\/>\n<\/p>\n<p>T\u00edtulo original: Vigilante: Boku no Hero Academia Illegals<br \/>Estudio: Bones Film<br \/>Fecha de estreno: 5 de enero<br \/>Disponibilidad: Am\u00e9rica del Norte, Am\u00e9rica Central, Am\u00e9rica del Sur, Europa, \u00c1frica, Ocean\u00eda, Oriente Medio, CEI, subcontinente indio y sudeste asi\u00e1tico\n<\/p>\n<p>Koichi Haimawari es un estudiante aburrido que aspiraba a ser un h\u00e9roe pero abandon\u00f3 su sue\u00f1o. Aunque el 80% de la poblaci\u00f3n mundial tenga poderes sobrehumanos llamados Dones, pocos son elegidos para convertirse en h\u00e9roes y proteger a las personas. \u00a1Todo cambia para Koichi cuando \u00e9l y Pop\u2606Step son salvados por el vigilante Knuckleduster y son reclutados para convertirse en vigilantes!\n<\/p>\n<p><a href=\"https:\/\/ramenparados.com\/anime\/golden-kamuy-final-chapter\/\" rel=\"nofollow noopener\" target=\"_blank\"><strong>Golden Kamuy Final Season<\/strong><\/a>\n<\/p>\n<p><img loading=\"lazy\" decoding=\"async\" class=\"aligncenter size-full wp-image-382099\" src=\"data:image\/svg+xml,%3Csvg%20xmlns=\" http:=\"\" alt=\"\" width=\"696\" height=\"986\" data-lazy- data-lazy- data-lazy-src=\"https:\/\/www.europesays.com\/es\/wp-content\/uploads\/2025\/12\/Golden-Kamuy-the-final-chapter.jpg\"\/>\n<\/p>\n<p>T\u00edtulo original: Golden Kamuy Saishuushou<br \/>Estudio: Brains Base<br \/>Fecha de estreno: 5 de enero<br \/>Disponibilidad: Am\u00e9rica del Norte, Am\u00e9rica Central, Am\u00e9rica del Sur, Europa, \u00c1frica, Ocean\u00eda, Oriente Medio y CEI\n<\/p>\n<p>En el imponente norte de Hokkaido, en la turbulenta era Meiji tard\u00eda, un soldado de la posguerra llamado Sugimoto, tambi\u00e9n conocido como \u00abSugimoto el Inmortal\u00bb, necesitaba una gran suma de dinero para un prop\u00f3sito concreto\u2026 Lo que le esperaba a Sugimoto, que se sum\u00f3 a la fiebre del oro de Hokkaido con el sue\u00f1o de hacer fortuna, era un mapa tatuado que conduc\u00eda a un tesoro escondido basado en pistas inscritas en los cuerpos de los convictos de la prisi\u00f3n de Abashiri. La magn\u00edfica naturaleza de Hokkaido frente a los despiadados convictos y el encuentro con una inocente chica ainu, Ashirpa. \u00a1Comienza la lucha por la supervivencia en la b\u00fasqueda del tesoro escondido!\n<\/p>\n<p><a href=\"https:\/\/ramenparados.com\/anime\/kirei-ni-shite-moraemasu-ka\/\" rel=\"nofollow noopener\" target=\"_blank\"><strong>Wash It All Away<\/strong><\/a>\n<\/p>\n<p><img loading=\"lazy\" decoding=\"async\" class=\"aligncenter size-full wp-image-453084\" src=\"data:image\/svg+xml,%3Csvg%20xmlns=\" http:=\"\" alt=\"\" width=\"632\" height=\"894\" data-lazy- data-lazy- data-lazy-src=\"https:\/\/www.europesays.com\/es\/wp-content\/uploads\/2025\/12\/Kirei-ni-shite-moraemasu-ka-key.jpg\"\/>\n<\/p>\n<p>T\u00edtulo original: Kirei ni Shite Moraemasu ka.<br \/>Estudio: Okuruto Noboru<br \/>Fecha de estreno: 5 de enero<br \/>Disponibilidad: En todo el mundo excepto Jap\u00f3n, China y Corea\n<\/p>\n<p>Desde hace dos a\u00f1os, Wakana Kinme dirige un servicio de lavander\u00eda en la ciudad costera de Atami. Limpiezas Kinme es un negocio muy querido y los habitantes del lugar admiran la dedicaci\u00f3n de Wakana a su oficio. Entre amistades con los vecinos y visitas a los ba\u00f1os termales, va construyendo una vida plena. Aunque Wakana no recuerda nada de su propio pasado, su trabajo como limpiadora protege los recuerdos impregnados en los objetos m\u00e1s preciados de sus clientes.\n<\/p>\n<p><a href=\"https:\/\/ramenparados.com\/anime\/you-cant-be-in-a-rom-com-with-your-childhood-friends\/\" rel=\"nofollow noopener\" target=\"_blank\"><strong>You Can\u2019t Be In a Rom-Com with Your Childhood Friends!<\/strong><\/a>\n<\/p>\n<p><img loading=\"lazy\" decoding=\"async\" class=\"aligncenter size-large wp-image-470809\" src=\"data:image\/svg+xml,%3Csvg%20xmlns=\" http:=\"\" alt=\"\" width=\"620\" height=\"877\" data-lazy- data-lazy- data-lazy-src=\"https:\/\/www.europesays.com\/es\/wp-content\/uploads\/2025\/12\/YouCantBeInARomCom_kv-724x1024.jpg\"\/>\n<\/p>\n<p>T\u00edtulo original: Osananajimi to wa Lovecome ni Naranai<br \/>Estudio: Tezuka Productions<br \/>Fecha de estreno: 5 de enero<br \/>Disponibilidad: Am\u00e9rica del Norte, Am\u00e9rica Central, Am\u00e9rica del Sur, Europa, \u00c1frica, Ocean\u00eda, Oriente Medio y CEI\n<\/p>\n<p>Eeyuu, un estudiante de instituto, tiene un problema: \u00a1Shio y Akari, sus dos amigas de la infancia y compa\u00f1eras de clase, se han vuelto guap\u00edsimas! Ellas no tienen ninguna intenci\u00f3n oculta, pero si descubrieran que ahora que han crecido \u00e9l las considera sexualmente atractivas\u2026 \u00a1ser\u00eda bochornoso! Por otro lado, las dos amigas de la infancia tambi\u00e9n tienen sus propios secretos\u2026\u00a1Es demasiado tentador! \u00a1Y muy complicado! S\u00ed, cierto, \u00a1pero nada mejor que una amiga de la infancia! Una comedia rom\u00e1ntica dulce y enrevesada con un tri\u00e1ngulo amoroso.\n<\/p>\n<p><a href=\"https:\/\/ramenparados.com\/anime\/mayonaka-heart-tune\/\" rel=\"nofollow noopener\" target=\"_blank\"><strong>Tune In to the Midnight Heart<\/strong><\/a>\n<\/p>\n<p><img loading=\"lazy\" decoding=\"async\" class=\"aligncenter size-full wp-image-446338\" src=\"data:image\/svg+xml,%3Csvg%20xmlns=\" http:=\"\" alt=\"\" width=\"620\" height=\"895\" data-lazy- data-lazy- data-lazy-src=\"https:\/\/www.europesays.com\/es\/wp-content\/uploads\/2025\/12\/mayonaka-heart-tune-anime.jpg\"\/>\n<\/p>\n<p>T\u00edtulo original: Mayonaka Heart Tune<br \/>Estudio: Gekkou<br \/>Fecha de estreno: 6 de enero<br \/>Disponibilidad: Am\u00e9rica del Norte, Am\u00e9rica Central, Am\u00e9rica del Sur, Europa, \u00c1frica, Ocean\u00eda, Oriente Medio, CEI, subcontinente indio y sudeste asi\u00e1tico\n<\/p>\n<p>Cuando Arisu Yamabuki se encontraba solo por las noches, tumbado en la cama, hallaba consuelo en la voz de una locutora de radio conocida como Apollo. Sin embargo, un d\u00eda dej\u00f3 de emitir sin dar ninguna explicaci\u00f3n. Pasaron los a\u00f1os y Arisu, ahora estudiante de segundo curso de instituto, decide emprender la b\u00fasqueda de Apollo, pues hay algo importante que quiere decirle. No sabe c\u00f3mo es ni cu\u00e1l es su verdadero nombre, pero logra seguir algunas pistas que lo conducen al club de radiodifusi\u00f3n de su instituto. All\u00ed conoce a cuatro chicas que comparten un mismo sue\u00f1o: conseguir un trabajo en el que puedan sacar el m\u00e1ximo partido a sus voces. \u00bfQui\u00e9n es en realidad Apollo? \u00bfY qu\u00e9 destino aguarda a los sue\u00f1os de esas cuatro j\u00f3venes?\n<\/p>\n<p><a href=\"https:\/\/ramenparados.com\/anime\/maou-no-musume-wa-yasashi-sugiru\/\" rel=\"nofollow noopener\" target=\"_blank\"><strong>The Demon King\u2019s Daughter is Too Kind!!<\/strong><\/a>\n<\/p>\n<p><img loading=\"lazy\" decoding=\"async\" class=\"aligncenter size-full wp-image-470811\" src=\"data:image\/svg+xml,%3Csvg%20xmlns=\" http:=\"\" alt=\"\" width=\"491\" height=\"694\" data-lazy- data-lazy- data-lazy-src=\"https:\/\/www.europesays.com\/es\/wp-content\/uploads\/2025\/12\/DemonKingsDaughter_kv.jpg\"\/>\n<\/p>\n<p>T\u00edtulo original: Maou no Musume wa Yasashi Sugiru!!<br \/>Estudio: EMT Squared<br \/>Fecha de estreno: 6 de enero<br \/>Disponibilidad: En todo el mundo excepto Jap\u00f3n, China y Corea\n<\/p>\n<p>Temido anta\u00f1o como el soberano de todos los demonios, el Rey Demonio Ahriman aspira a conquistar el mundo\u2026 hasta que una fuerza inesperada se interpone en su camino: \u00a1su hija, Dou! Demasiado bondadosa para el caos y demasiado dulce para la guerra, Dou conquista los corazones de demonios, humanos e incluso \u00e1ngeles. Decidida a restaurar el orgullo demon\u00edaco, Jahi, la ayudante de Ahriman, jura entrenar a Dou para que se convierta en una aut\u00e9ntica demonio. Pero \u00bfpodr\u00e1 Jahi hacerle frente a la compasi\u00f3n infinita de Dou?\n<\/p>\n<p><a href=\"https:\/\/ramenparados.com\/anime\/yusha-party-ni-kawaii-ko-ga-itanode-kokuhaku-shite-mita\/\" rel=\"nofollow noopener\" target=\"_blank\"><strong>There was a Cute Girl in the Hero\u2019s Party, so I Tried Confessing to Her<\/strong><\/a>\n<\/p>\n<p><img loading=\"lazy\" decoding=\"async\" class=\"aligncenter size-full wp-image-465816\" src=\"data:image\/svg+xml,%3Csvg%20xmlns=\" http:=\"\" alt=\"\" width=\"725\" height=\"1024\" data-lazy- data-lazy- data-lazy-src=\"https:\/\/www.europesays.com\/es\/wp-content\/uploads\/2025\/12\/there-was-a-cute-girl-in-the-heros-party-anime-enero-2026-1.jpg\"\/>\n<\/p>\n<p>T\u00edtulo original: Yuusha Party ni Kawaii Ko ga Ita no de, Kokuhaku Shite Mita.<br \/>Estudio: Gekkou<br \/>Fecha de estreno: 6 de enero<br \/>Disponibilidad: Am\u00e9rica del Norte, Am\u00e9rica Central, Am\u00e9rica del Sur, Europa, \u00c1frica, Ocean\u00eda, Oriente Medio, CEI, sudeste asi\u00e1tico y subcontinente indio\n<\/p>\n<p>Reencarnado como un demonio de rango medio, Youki ten\u00eda una sola misi\u00f3n: aplastar al grupo del h\u00e9roe. Pero todo se va al traste cuando ve a Cecilia, la sacerdotisa del equipo\u2026 y se enamora perdidamente. Ahora, este demonio embobado est\u00e1 decidido a confesar sus sentimientos, aunque eso signifique traicionar al Rey Demonio. \u00bfPodr\u00e1 florecer el amor entre dos enemigos jurados?\n<\/p>\n<p><a href=\"https:\/\/ramenparados.com\/anime\/isekai-office-worker\/\" rel=\"nofollow noopener\" target=\"_blank\"><strong>Isekai Office Worker: The Other World\u2019s Books Depend on the Bean Counter<\/strong><\/a>\n<\/p>\n<p><img loading=\"lazy\" decoding=\"async\" class=\"aligncenter size-large wp-image-463335\" src=\"data:image\/svg+xml,%3Csvg%20xmlns=\" http:=\"\" alt=\"\" width=\"620\" height=\"930\" data-lazy- data-lazy- data-lazy-src=\"https:\/\/www.europesays.com\/es\/wp-content\/uploads\/2025\/12\/IsekaiOfficeWorker_visual-683x1024.jpg\"\/>\n<\/p>\n<p>T\u00edtulo original: Isekai no Sata wa Shachiku Shidai<br \/>Estudio: Studio DEEN<br \/>Fecha de estreno: 6 de enero<br \/>Disponibilidad: Am\u00e9rica del Norte, Am\u00e9rica Central, Am\u00e9rica del Sur, Europa, \u00c1frica, Ocean\u00eda, Oriente Medio, CEI, sudeste asi\u00e1tico y subcontinente indio\n<\/p>\n<p>Seiichirou Kondou se ve involucrado por error en un ritual de invocaci\u00f3n y es transportado a un mundo paralelo llamado Reino de Romany. Acostumbrado a trabajar d\u00eda y noche, exige un empleo y acaba uni\u00e9ndose al Departamento Real de Contabilidad. Tras sobrevivir por los pelos a los efectos casi mortales de un t\u00f3nico gracias a la magia, Seiichirou se pone bajo el cuidado de Aresh, capit\u00e1n de la Tercera Orden Real y conocido como el Pr\u00edncipe de Hielo.\n<\/p>\n<p><a href=\"https:\/\/ramenparados.com\/anime\/shiboyugi-playing-death-games-to-put-food-on-the-table\/\" rel=\"nofollow noopener\" target=\"_blank\"><strong>SHIBOYUGI: Playing Death Games to Put Food on the Table<\/strong><\/a>\n<\/p>\n<p><img loading=\"lazy\" decoding=\"async\" class=\"aligncenter size-full wp-image-470817\" src=\"data:image\/svg+xml,%3Csvg%20xmlns=\" http:=\"\" alt=\"\" width=\"384\" height=\"544\" data-lazy- data-lazy- data-lazy-src=\"https:\/\/www.europesays.com\/es\/wp-content\/uploads\/2025\/12\/Shiboyugi_kv.jpg\"\/>\n<\/p>\n<p>T\u00edtulo original: Shibou Yuugi de Meshi o Kuu.<br \/>Estudio: Studio DEEN<br \/>Fecha de estreno: 7 de enero<br \/>Disponibilidad: En todo el mundo, excepto Jap\u00f3n, China, Corea, Mongolia y Timor Oriental\n<\/p>\n<p>Yuki despierta en una mansi\u00f3n desconocida, vestida con un uniforme de criada y tendida sobre una cama lujosa. Pronto descubre a otras cinco chicas, todas ataviadas igual que ella. Se trata de la Casa Fantasma, y la \u00fanica forma de sobrevivir es superar las trampas que les aguardan: juegos mortales repletos de cerbatanas, sierras circulares, habitaciones cerradas y armas. La situaci\u00f3n es desesperada y aterradora para todas\u2026 salvo para Yuki. Y es que, al fin y al cabo, esto es su profesi\u00f3n con tan solo diecisiete a\u00f1os. \u00bfTe parece extra\u00f1o? A ella tambi\u00e9n. Pero hay gente as\u00ed: personas que se ganan la vida participando en juegos mortales.\n<\/p>\n<p><a href=\"https:\/\/ramenparados.com\/anime\/easygoing-territory-defense-by-the-optimistic-lord\/\" rel=\"nofollow noopener\" target=\"_blank\"><strong>Easygoing Territory Defense by the Optimistic Lord<\/strong><\/a>\n<\/p>\n<p><img loading=\"lazy\" decoding=\"async\" class=\"aligncenter size-full wp-image-470820\" src=\"data:image\/svg+xml,%3Csvg%20xmlns=\" http:=\"\" alt=\"\" width=\"491\" height=\"694\" data-lazy- data-lazy- data-lazy-src=\"https:\/\/www.europesays.com\/es\/wp-content\/uploads\/2025\/12\/EasygoingTerritoryDefense_kv.jpg\"\/>\n<\/p>\n<p>T\u00edtulo original: Okiraku Ryoushu no Tanoshii Ryouchi Bouei: Seisan-kei Majutsu de Namonaki Mura o Saikyou no Jousai Toshi ni<br \/>Estudio: NAZ<br \/>Fecha de estreno: 7 de enero<br \/>Disponibilidad: En todo el mundo, excepto Jap\u00f3n, China, Corea, Mongolia y Timor Oriental\n<\/p>\n<p>Reencarnado como el cuarto hijo de un marqu\u00e9s, Van fue en su d\u00eda aclamado como un ni\u00f1o prodigio\u2026 hasta que lo exiliaron a una aldea perdida por poseer magia de Producci\u00f3n, un tipo de magia considerado in\u00fatil en ese mundo. Pero cuando usa ese supuesto \u00abdon in\u00fatil\u00bb para crear armas, herramientas y maravillas inimaginables, la aldea empieza a prosperar. Lo que comenz\u00f3 como un destierro se convierte as\u00ed en el inicio de una nueva vida\u2026 y de una aventura capaz de cambiar el mundo.\n<\/p>\n<p><a href=\"https:\/\/ramenparados.com\/anime\/a-gentle-nobles-vacation-recommendation\/\" rel=\"nofollow noopener\" target=\"_blank\"><strong>A Gentle Noble\u2019s Vacation Recommendation<\/strong><\/a>\n<\/p>\n<p><img loading=\"lazy\" decoding=\"async\" class=\"aligncenter size-full wp-image-463324\" src=\"data:image\/svg+xml,%3Csvg%20xmlns=\" http:=\"\" alt=\"\" width=\"676\" height=\"960\" data-lazy- data-lazy- data-lazy-src=\"https:\/\/www.europesays.com\/es\/wp-content\/uploads\/2025\/12\/GentleNoblesVacation_visual2.jpg\"\/>\n<\/p>\n<p>T\u00edtulo original: Odayaka Kizoku no Kyuuka no Susume.<br \/>Estudio: SynergySP<br \/>Fecha de estreno: 7 de enero<br \/>Disponibilidad: Am\u00e9rica del Norte, Am\u00e9rica Central, Am\u00e9rica del Sur, Europa, \u00c1frica, Ocean\u00eda, Oriente Medio, CEI y subcontinente indio\n<\/p>\n<p>Lizel, un joven y brillante canciller de una poderosa naci\u00f3n en un reino fant\u00e1stico, aparece de pronto en otro mundo\u2026 \u00a1a mitad de una conversaci\u00f3n, nada menos! Sin inmutarse, decide tom\u00e1rselo como unas vacaciones y convertirse en aventurero. Junto a Gil, un lobo solitario de primer rango, Lizel pone en juego su ingenio, su carisma y su intelecto para desenvolverse en esta nueva tierra. As\u00ed comienzan las peculiares y desenfadadas aventuras de un noble fuera de servicio.\n<\/p>\n<p><strong><a href=\"https:\/\/ramenparados.com\/anime\/an-adventurers-daily-grind-at-age-29\/\" rel=\"nofollow noopener\" target=\"_blank\">An Adventurer\u2019s Daily Grind at Age 29<\/a><\/strong>\n<\/p>\n<p><img loading=\"lazy\" decoding=\"async\" class=\"aligncenter size-full wp-image-470823\" src=\"data:image\/svg+xml,%3Csvg%20xmlns=\" http:=\"\" alt=\"\" width=\"463\" height=\"694\" data-lazy- data-lazy- data-lazy-src=\"https:\/\/www.europesays.com\/es\/wp-content\/uploads\/2025\/12\/AdventurersDailyGrindAge29_kv.jpg\"\/>\n<\/p>\n<p>T\u00edtulo original: 29-sai Dokushin Chuuken Boukensha no Nichijou<br \/>Estudio: HORNETS<br \/>Fecha de estreno: 7 de enero<br \/>Disponibilidad: En todo el mundo excepto Jap\u00f3n y China\n<\/p>\n<p>Nacido y criado en los suburbios, el aventurero Hajime Shinonome, de 29 a\u00f1os, lleva ahora una vida tranquila en la aldea de Komai. Pero sus d\u00edas apacibles cambian cuando descubre a Lirui, una ni\u00f1a abandonada, siendo atacada por un slime. Conmovido por su desesperaci\u00f3n y recordando su propio pasado, la lleva de vuelta al pueblo. As\u00ed, Hajime y Lirui comienzan un nuevo cap\u00edtulo lleno de desaf\u00edos inesperados y d\u00edas serenos.\n<\/p>\n<p><a href=\"https:\/\/ramenparados.com\/anime\/jujutsu-kaisen-shimetsu-kaiyuu\/\" rel=\"nofollow noopener\" target=\"_blank\"><strong>Jujutsu Kaisen -Shimetsu Kaiy\u016b-<\/strong><\/a>\n<\/p>\n<p><img loading=\"lazy\" decoding=\"async\" class=\"aligncenter size-full wp-image-470825\" src=\"data:image\/svg+xml,%3Csvg%20xmlns=\" http:=\"\" alt=\"\" width=\"463\" height=\"694\" data-lazy- data-lazy- data-lazy-src=\"https:\/\/www.europesays.com\/es\/wp-content\/uploads\/2025\/12\/JujutsuKaisen3_kv.jpg\"\/>\n<\/p>\n<p>T\u00edtulo original: Jujutsu Kaisen -Shimetsu Kaiy\u016b-<br \/>Estudio: MAPPA<br \/>Fecha de estreno: 8 de enero<br \/>Disponibilidad: Am\u00e9rica del Norte, Am\u00e9rica Central, Am\u00e9rica del Sur, Europa, \u00c1frica, Ocean\u00eda, Oriente Medio, India, sudeste asi\u00e1tico y CEI\n<\/p>\n<p>Yuji Itadori es un chico con una fuerza f\u00edsica formidable, aunque vive una vida de estudiante completamente normal. Un d\u00eda, para salvar a un compa\u00f1ero que fue atacado por maldiciones, se come el dedo de Ryomen Sukuna, llevando la maldici\u00f3n a su propia alma. Desde entonces, comparte su cuerpo con Ryomen Sukuna. Guiado por el hechicero m\u00e1s poderoso, Satoru Gojo, Itadori es admitido en la Escuela T\u00e9cnica de Hechicer\u00eda de Tokio, una organizaci\u00f3n que lucha contra las maldiciones\u2026 y as\u00ed comienza una historia heroica de un chico que se convierte en una maldici\u00f3n para exorcizar una maldici\u00f3n, una vida que nunca podr\u00e1 abandonar.\n<\/p>\n<p><a href=\"https:\/\/ramenparados.com\/anime\/eris-no-seihai\/\" rel=\"nofollow noopener\" target=\"_blank\"><strong>The Holy Grail of Eris<\/strong><\/a>\n<\/p>\n<p><img loading=\"lazy\" decoding=\"async\" class=\"aligncenter size-full wp-image-470826\" src=\"data:image\/svg+xml,%3Csvg%20xmlns=\" http:=\"\" alt=\"\" width=\"493\" height=\"694\" data-lazy- data-lazy- data-lazy-src=\"https:\/\/www.europesays.com\/es\/wp-content\/uploads\/2025\/12\/HolyGrailEris_kv.jpg\"\/>\n<\/p>\n<p>T\u00edtulo original: Eris no Seihai<br \/>Estudio: Ashi Productions<br \/>Fecha de estreno: 8 de enero<br \/>Disponibilidad: Am\u00e9rica del Norte, Am\u00e9rica Central, Am\u00e9rica del Sur, Europa, \u00c1frica, Ocean\u00eda, Oriente Medio, CEI, subcontinente indio y sudeste asi\u00e1tico\n<\/p>\n<p>Traicionada por la amante de su prometido y condenada a una ejecuci\u00f3n p\u00fablica, Constance Grail, la discreta hija de un vizconde conocida por su honradez, se enfrenta a una muerte segura\u2026 hasta que una voz misteriosa le ofrece una salida. Scarlett Castiel, una noble a la que todos cre\u00edan muerta, podr\u00eda ser su \u00fanica esperanza. Juntas, estas aliadas improbables destapan una oscura conspiraci\u00f3n que se oculta en el coraz\u00f3n de la alta sociedad, un mundo donde la traici\u00f3n, los secretos y el ansia de poder chocan sin piedad.\n<\/p>\n<p><a href=\"https:\/\/ramenparados.com\/anime\/anyway-im-falling-in-love-with-you-temporada-2\/\" rel=\"nofollow noopener\" target=\"_blank\"><strong>Anyway, I\u2019m Falling in Love with You \u2013 Temporada 2<\/strong><\/a>\n<\/p>\n<p><img loading=\"lazy\" decoding=\"async\" class=\"aligncenter size-large wp-image-459220\" src=\"data:image\/svg+xml,%3Csvg%20xmlns=\" http:=\"\" alt=\"\" width=\"620\" height=\"877\" data-lazy- data-lazy- data-lazy-src=\"https:\/\/www.europesays.com\/es\/wp-content\/uploads\/2025\/12\/Dose-Koishite-Shimaunda-724x1024.jpeg\"\/>\n<\/p>\n<p>T\u00edtulo original: Douse, Koishite Shimaunda<br \/>Estudio: Typhoon Graphics<br \/>Fecha de estreno: 8 de enero<br \/>Disponibilidad: Am\u00e9rica del Norte, Am\u00e9rica Central, Am\u00e9rica del Sur, Europa, \u00c1frica, Ocean\u00eda, Oriente Medio, CEI, sudeste asi\u00e1tico y subcontinente indio\n<\/p>\n<p>Despu\u00e9s del desastroso decimos\u00e9ptimo cumplea\u00f1os de Mizuho y de la aparici\u00f3n de una enfermedad desconocida, todo parece ir de mal en peor. Al menos hasta que Kizuki le pide salir. Ese gesto anima a Shin a confesar tambi\u00e9n sus sentimientos por ella, dejando a Mizuho a\u00fan m\u00e1s confundida. Y cuando Airu y Syugo se enfrentan a sus propios dilemas amorosos, la relaci\u00f3n entre estos cinco amigos de la infancia empieza a resquebrajarse\n<\/p>\n<p><a href=\"https:\/\/ramenparados.com\/anime\/roll-over-and-die\/\" rel=\"nofollow noopener\" target=\"_blank\"><strong>Roll Over and Die<\/strong><\/a>\n<\/p>\n<p><img loading=\"lazy\" decoding=\"async\" class=\"aligncenter size-full wp-image-458310\" src=\"data:image\/svg+xml,%3Csvg%20xmlns=\" http:=\"\" alt=\"\" width=\"565\" height=\"800\" data-lazy- data-lazy- data-lazy-src=\"https:\/\/www.europesays.com\/es\/wp-content\/uploads\/2025\/12\/RollOverAndDie_visual.jpg\"\/>\n<\/p>\n<p>T\u00edtulo original: Omae Gotoki ga Maou ni Kateru to Omou na\u00bb to Yuusha Party o Tsuihou Sareta node, Outo de Kimama ni Kurashitai<br \/>Estudio: ACGT<br \/>Fecha de estreno: 8 de enero<br \/>Disponibilidad: Am\u00e9rica del Norte, Am\u00e9rica Central, Am\u00e9rica del Sur, Europa, \u00c1frica, Ocean\u00eda, Oriente Medio, CEI, sudeste asi\u00e1tico y subcontinente indio\n<\/p>\n<p>Flum ha sido elegida por Dios para formar parte del grupo del h\u00e9roe, pese a tener todas sus estad\u00edsticas a cero. Su \u00fanica baza es la habilidad \u00abReversi\u00f3n\u00bb, que ni ella misma termina de comprender. Como era de esperar, resulta in\u00fatil en combate, pero se niega a rendirse y sigue haciendo todo lo que est\u00e1 en su mano por el bien del grupo. Jean, uno de sus compa\u00f1eros, un genio y afamado sabio, no pierde ocasi\u00f3n de humillarla y acaba vendi\u00e9ndola como esclava. Ni siquiera as\u00ed dejan de tratarla como una in\u00fatil: es despreciada, perseguida y, finalmente, arrojada a los monstruos como cebo para diversi\u00f3n de su amo. Ante ella solo quedan dos opciones: empu\u00f1ar la espada maldita que condena a muerte a todo aquel que la blande, o ser devorada por las bestias. En el instante en que decide luchar, da comienzo la verdadera \u00abreversi\u00f3n\u00bb de su vida\u2026\n<\/p>\n<p><a href=\"https:\/\/ramenparados.com\/anime\/the-invisible-man-and-his-soon-to-be-wife\/\" rel=\"nofollow noopener\" target=\"_blank\"><strong>The Invisible Man and His Soon-to-Be Wife<\/strong><\/a>\n<\/p>\n<p><img loading=\"lazy\" decoding=\"async\" aria-describedby=\"caption-attachment-464236\" class=\"size-large wp-image-464236\" src=\"data:image\/svg+xml,%3Csvg%20xmlns=\" http:=\"\" alt=\"\" width=\"620\" height=\"872\" data-lazy- data-lazy- data-lazy-src=\"https:\/\/www.europesays.com\/es\/wp-content\/uploads\/2025\/12\/El-hombre-invisible-y-su-futura-esposa-visual_1-728x1024.jpg\"\/><\/p>\n<p id=\"caption-attachment-464236\" class=\"wp-caption-text\">\u00a9 \u5ca9\u98db\u732b\uff0f\u53cc\u8449\u793e\u30fb\u300c\u900f\u660e\u7537\u3068\u4eba\u9593\u5973\u300d\u88fd\u4f5c\u59d4\u54e1\u4f1a<\/p>\n<p>T\u00edtulo original: Toumei Otoko to Ningen Onna: Sonouchi Fuufu ni Naru Futari<br \/>Estudio: project No.9<br \/>Fecha de estreno: 8 de enero<br \/>Disponibilidad: Am\u00e9rica del Norte, Am\u00e9rica Central, Am\u00e9rica del Sur, Europa, \u00c1frica, Ocean\u00eda, Oriente Medio, CEI, sudeste asi\u00e1tico y subcontinente indio\n<\/p>\n<p>Akira Tounome es un caballero invisible que dirige una agencia de detectives, y Shizuka Yakou es una joven ciega de temperamento amable que trabaja all\u00ed. Shizuka siempre es capaz de encontrar a Akira, incluso cuando \u00e9l se vuelve completamente invisible. A medida que se acercan d\u00eda tras d\u00eda, entre ambos empieza a florecer el amor. \u00a1Est\u00e1 a punto de comenzar una comedia rom\u00e1ntica tierna\u2026 y deliciosamente desesperante!\n<\/p>\n<p><a href=\"https:\/\/ramenparados.com\/anime\/fire-force-temporada-3\/\" rel=\"nofollow noopener\" target=\"_blank\"><strong>Fire Force \u2013 Temporada 3 \u2013 Parte 2<\/strong><\/a>\n<\/p>\n<p><img loading=\"lazy\" decoding=\"async\" class=\"aligncenter size-full wp-image-470832\" src=\"data:image\/svg+xml,%3Csvg%20xmlns=\" http:=\"\" alt=\"\" width=\"463\" height=\"694\" data-lazy- data-lazy- data-lazy-src=\"https:\/\/www.europesays.com\/es\/wp-content\/uploads\/2025\/12\/FireForce3_2_kv.jpg\"\/>\n<\/p>\n<p>T\u00edtulo original: En`en no Shouboutai San no Shou<br \/>Estudio: David Production<br \/>Fecha de estreno: 9 de enero<br \/>Disponibilidad: En todo el mundo, excepto Jap\u00f3n, China, Hong Kong, Macao y Taiw\u00e1n\n<\/p>\n<p>Shinra y sus compa\u00f1eros est\u00e1n a punto de descubrir el mayor secreto del mundo. Pero justo cuando el resto de escuadrones de la Brigada Especial Antiincendios se unen para hacer frente al desastre que se avecina, Obi cae en manos del Ej\u00e9rcito Imperial de Tokio y el octavo escuadr\u00f3n es tachado de traidor. Perseguidos por el Imperio, tendr\u00e1n que luchar solos para rescatar a Obi y detener al Evangelista mientras un nuevo asesino y el corrupto capit\u00e1n Burns les obstaculizan la misi\u00f3n.\n<\/p>\n<p><a href=\"https:\/\/ramenparados.com\/anime\/dark-moon-the-blood-altar\/\" rel=\"nofollow noopener\" target=\"_blank\"><strong>Dark Moon: The Blood Altar<\/strong><\/a>\n<\/p>\n<p><img loading=\"lazy\" decoding=\"async\" class=\"aligncenter size-full wp-image-460508\" src=\"data:image\/svg+xml,%3Csvg%20xmlns=\" http:=\"\" alt=\"\" width=\"424\" height=\"600\" data-lazy- data-lazy- data-lazy-src=\"https:\/\/www.europesays.com\/es\/wp-content\/uploads\/2025\/12\/dark-moon.jpeg\"\/>\n<\/p>\n<p>T\u00edtulo original: Kuro no Tsuki: Tsuki no Saidan<br \/>Estudio: TROYCA<br \/>Fecha de estreno: 9 de enero<br \/>Disponibilidad: En todo el mundo, excepto China, Jap\u00f3n, Corea y Mongolia\n<\/p>\n<p>En la ciudad costera de Riverfield se alza la Academia Decelis, hogar de siete misteriosos chicos que comparten un mismo secreto: son vampiros y ocultan pasados turbulentos. Cuando Sooha, una estudiante que detesta a los vampiros, se incorpora al centro, los chicos se sienten irremediablemente atra\u00eddos por ella. Mientras sucesos extra\u00f1os sacuden la ciudad, viejos pecados y secretos enterrados salen a la luz, y su mundo empieza a resquebrajarse.\n<\/p>\n<p><a href=\"https:\/\/ramenparados.com\/anime\/jingai-kyoushitsu-no-ningengirai-kyoushi\/\" rel=\"nofollow noopener\" target=\"_blank\"><strong>A Misanthrope Teaches a Class for Demi-Humans<\/strong><\/a>\n<\/p>\n<p><img loading=\"lazy\" decoding=\"async\" class=\"aligncenter size-full wp-image-458782\" src=\"data:image\/svg+xml,%3Csvg%20xmlns=\" http:=\"\" alt=\"\" width=\"633\" height=\"895\" data-lazy- data-lazy- data-lazy-src=\"https:\/\/www.europesays.com\/es\/wp-content\/uploads\/2025\/12\/Jingai-Kyoushitsu-no-Ningengirai-Kyoushi-1-jp.jpg\"\/>\n<\/p>\n<p>T\u00edtulo original: ingai Kyoushitsu no Ningengirai Kyoushi<br \/>Estudio: asread<br \/>Fecha de estreno: 10 de enero<br \/>Disponibilidad: En todo el mundo, excepto Jap\u00f3n y China\n<\/p>\n<p>Tras un incidente traum\u00e1tico que pone fin a su carrera como profesor, Rei Hitoma est\u00e1 convencido de que detesta a los seres humanos. Sin embargo, al ver una oferta para \u00abun docente que de verdad se preocupe por sus alumnos\u00bb, siente la necesidad de presentarse. Cuando quiere darse cuenta, ya lo han contratado\u2026 y descubre que sus estudiantes son semihumanas. Lo que empieza como un trabajo se transforma en un camino de sanaci\u00f3n tanto para un profesor que ha perdido la fe en la humanidad como para unas alumnas que todav\u00eda sue\u00f1an con ella.\n<\/p>\n<p><a href=\"https:\/\/ramenparados.com\/anime\/trigun-stargaze\/\" rel=\"nofollow noopener\" target=\"_blank\"><strong>Trigun Stargaze<\/strong><\/a>\n<\/p>\n<p><img loading=\"lazy\" decoding=\"async\" class=\"aligncenter size-large wp-image-463828\" src=\"data:image\/svg+xml,%3Csvg%20xmlns=\" http:=\"\" alt=\"\" width=\"620\" height=\"876\" data-lazy- data-lazy- data-lazy-src=\"https:\/\/www.europesays.com\/es\/wp-content\/uploads\/2025\/12\/TrigunStargaze_visual2-725x1024.jpg\"\/>\n<\/p>\n<p>T\u00edtulo original: Trigun Stargaze<br \/>Estudio: Orange<br \/>Fecha de estreno: 10 de enero<br \/>Disponibilidad: Am\u00e9rica del Norte, Am\u00e9rica Central, Am\u00e9rica del Sur, Europa, \u00c1frica, Ocean\u00eda, Oriente Medio, CEI y subcontinente indio\n<\/p>\n<p>Han pasado dos a\u00f1os y medio desde que la tragedia de Lost JuLai arras\u00f3 una ciudad entera y sumi\u00f3 a todo el planeta en el caos. Meryl contin\u00faa la b\u00fasqueda de Vash junto a su nueva y joven compa\u00f1era, Milly, y por el camino se cruza con Wolfwood. Mientras tanto, Vash ha adoptado el nombre de Eriks y vive oculto en un remoto pueblo de mala muerte. Cuando recibe una visita inesperada y una llamada de auxilio de la tercera nave a la que llaman hogar, act\u00faa sin dudarlo para proteger a quienes le importan. Pero justo cuando el planeta recibe buenas noticias desde los confines del espacio, el \u00e1ngel de una sola ala regresa para sembrar de nuevo la destrucci\u00f3n y la desesperaci\u00f3n. Los destinos chocan para forjar un desenlace final en un planeta al borde del p\u00e1nico.\n<\/p>\n<p><a href=\"https:\/\/ramenparados.com\/anime\/dead-account\/\" rel=\"nofollow noopener\" target=\"_blank\"><strong>Dead Account<\/strong><\/a>\n<\/p>\n<p><img loading=\"lazy\" decoding=\"async\" class=\"aligncenter size-large wp-image-459017\" src=\"data:image\/svg+xml,%3Csvg%20xmlns=\" http:=\"\" alt=\"\" width=\"620\" height=\"877\" data-lazy- data-lazy- data-lazy-src=\"https:\/\/www.europesays.com\/es\/wp-content\/uploads\/2025\/12\/DeadAccount_KV2-724x1024.jpeg\"\/>\n<\/p>\n<p>T\u00edtulo original: Dead Account<br \/>Estudio: SynergySP<br \/>Fecha de estreno: 10 de enero<br \/>Disponibilidad: En todo el mundo, excepto Jap\u00f3n, China, Corea, Mongolia y Timor Oriental\n<\/p>\n<p>\u00a1Siempre listo para pelear! Destrucci\u00f3n por el simple placer de destruir! El creador de contenido Aoringo es un troll que se dedica a publicar contenido pol\u00e9mico y provocador, sacando provecho de los ingresos generados por los espectadores que lo odian. Puede que pienses que no es m\u00e1s que un oportunista y un lastre para la sociedad, pero en realidad es Soji Enishiro, un estudiante que abandon\u00f3 el instituto, un hermano mayor cari\u00f1oso y amante de los dulces que adora a su hermana peque\u00f1a por encima de todo. \u00bfSus v\u00eddeos virales? Solo son una forma de pagar las facturas m\u00e9dicas de su hermana. Y aunque toda la humanidad lo odie, le da igual siempre y cuando su hermana se recupere. Pero entonces, algo muy extra\u00f1o comienza a suceder\u2026\n<\/p>\n<p><a href=\"https:\/\/ramenparados.com\/anime\/hells-paradise-2a-temporada\/\" rel=\"nofollow noopener\" target=\"_blank\"><strong>Hell\u2019s Paradise \u2013 Temporada 2<\/strong><\/a>\n<\/p>\n<p><img loading=\"lazy\" decoding=\"async\" class=\"aligncenter size-large wp-image-400994\" src=\"data:image\/svg+xml,%3Csvg%20xmlns=\" http:=\"\" alt=\"\" width=\"620\" height=\"876\" data-lazy- data-lazy- data-lazy-src=\"https:\/\/www.europesays.com\/es\/wp-content\/uploads\/2025\/12\/Jigokuraki_kv2-725x1024.jpeg\"\/>\n<\/p>\n<p>T\u00edtulo original: Jigokuraku Dai Ni Ki<br \/>Estudio: MAPPA<br \/>Fecha de estreno: 11 de enero<br \/>Disponibilidad: Am\u00e9rica del Norte, Am\u00e9rica Central, Am\u00e9rica del Sur, Europa, \u00c1frica, Ocean\u00eda, Oriente Medio y CEI\n<\/p>\n<p>En su b\u00fasqueda de pistas sobre el elixir, Gabimaru y su grupo llegan al castillo de los Tensen, los monstruos que gobiernan la isla. Mientras tanto, el shogunato env\u00eda nuevas expediciones al Reino de los Inmortales bajo el mando de Yamada Asaemon Shugen, a las que se suma Iwagakure. Gabimaru debe encontrar el elixir y escapar de la isla mientras se acerca un enfrentamiento total entre los humanos y los inmortales celestiales.\n<\/p>\n<p><a href=\"https:\/\/ramenparados.com\/anime\/uruwashi-no-yoi-no-tsuki\/\" rel=\"nofollow noopener\" target=\"_blank\"><strong>In the Clear Moonlit Dusk<\/strong><\/a>\n<\/p>\n<p><img loading=\"lazy\" decoding=\"async\" class=\"aligncenter size-full wp-image-450888\" src=\"data:image\/svg+xml,%3Csvg%20xmlns=\" http:=\"\" alt=\"\" width=\"657\" height=\"897\" data-lazy- data-lazy- data-lazy-src=\"https:\/\/www.europesays.com\/es\/wp-content\/uploads\/2025\/12\/el-ocaso-de-la-luna-anime.jpg\"\/>\n<\/p>\n<p>T\u00edtulo original: Uruwashi no Yoi no Tsuki<br \/>Estudio: Eat Fish Studio<br \/>Fecha de estreno: 11 de enero<br \/>Disponibilidad: En todo el mundo excepto Jap\u00f3n, China y Corea\n<\/p>\n<p>Yoi Takiguchi es una estudiante de primero admirada por su porte atractivo y su car\u00e1cter sincero, cualidades que le han valido el apodo de \u00abPr\u00edncipe\u00bb. Un d\u00eda se topa con Kohaku Ichimura, un alumno mayor\u2026 y otro \u00abPr\u00edncipe\u00bb. A medida que se van acercando, lo que nace entre ellos, \u00bfes amistad o amor? Comienza as\u00ed una historia juvenil sobre un chico y una chica a los que todos llaman \u00abPr\u00edncipes\u00bb.\n<\/p>\n<p><a href=\"https:\/\/ramenparados.com\/anime\/seihantai-na-kimi-to-boku\/\" rel=\"nofollow noopener\" target=\"_blank\"><strong>You and I Are Polar Opposites<\/strong><\/a>\n<\/p>\n<p><img loading=\"lazy\" decoding=\"async\" class=\"aligncenter size-full wp-image-466039\" src=\"data:image\/svg+xml,%3Csvg%20xmlns=\" http:=\"\" alt=\"\" width=\"630\" height=\"894\" data-lazy- data-lazy- data-lazy-src=\"https:\/\/www.europesays.com\/es\/wp-content\/uploads\/2025\/12\/tu-y-yo-somos-polos-opuestos-anime-poster.jpg\"\/>\n<\/p>\n<p>T\u00edtulo original: Seihantai na Kimi to Boku<br \/>Estudio: Lapintrack<br \/>Fecha de estreno: 11 de enero<br \/>Disponibilidad: Am\u00e9rica del Norte, Am\u00e9rica Central, Am\u00e9rica del Sur, Europa, \u00c1frica, Ocean\u00eda, Oriente Medio, CEI, sudeste asi\u00e1tico e India\n<\/p>\n<p>Suzuki es una estudiante de instituto enamorada, pero el chico que le gusta no se le parece en nada. Ella es alegre, extrovertida y siempre intenta encajar. Yusuke Tani, en cambio, es sereno, callado y parece no darle importancia a lo que piensen los dem\u00e1s. \u00bfSer\u00e1 capaz Suzuki de superar sus inseguridades y pedirle salir, o descubrir\u00e1 que los polos opuestos no siempre se atraen?\n<\/p>\n<p><a href=\"https:\/\/ramenparados.com\/anime\/kaya-chan-wa-kowakunai\/\" rel=\"nofollow noopener\" target=\"_blank\"><strong>Kaya-chan isn\u2019t Scary<\/strong><\/a>\n<\/p>\n<p><img loading=\"lazy\" decoding=\"async\" class=\"aligncenter size-large wp-image-462910\" src=\"data:image\/svg+xml,%3Csvg%20xmlns=\" http:=\"\" alt=\"\" width=\"620\" height=\"836\" data-lazy- data-lazy- data-lazy-src=\"https:\/\/www.europesays.com\/es\/wp-content\/uploads\/2025\/12\/Kaya-chan_visual02-759x1024.jpg\"\/>\n<\/p>\n<p>T\u00edtulo original: Kaya-chan wa Kowakunai<br \/>Estudio: Eat Fish Studio<br \/>Fecha de estreno: 11 de enero<br \/>Disponibilidad: En todo el mundo, excepto Jap\u00f3n, China, Corea, Mongolia y Timor Oriental\n<\/p>\n<p>Kaya es una ni\u00f1a problem\u00e1tica muy conocida en su guarder\u00eda, pero ninguno de los adultos conoce su secreto, hasta que la profesora Chie se hace cargo de ella y descubre la habilidad oculta de la peque\u00f1a para ver esp\u00edritus malignos y derrotarlos con un pu\u00f1etazo. \u00bfQu\u00e9 le suceder\u00e1 a esta ni\u00f1a de cinco a\u00f1os que se mete en problemas cuando solo intenta ayudar?\n<\/p>\n<p><a href=\"https:\/\/ramenparados.com\/anime\/the-villainess-is-adored-by-the-prince-of-the-neighbor-kingdom\/\" rel=\"nofollow noopener\" target=\"_blank\"><strong>The Villainess Is Adored by the Prince of the Neighbor Kingdom<\/strong><\/a>\n<\/p>\n<p><img loading=\"lazy\" decoding=\"async\" class=\"aligncenter size-full wp-image-470837\" src=\"data:image\/svg+xml,%3Csvg%20xmlns=\" http:=\"\" alt=\"\" width=\"488\" height=\"694\" data-lazy- data-lazy- data-lazy-src=\"https:\/\/www.europesays.com\/es\/wp-content\/uploads\/2025\/12\/VillainesAdore_kv.jpg\"\/>\n<\/p>\n<p>T\u00edtulo original: Akuyaku Reijou wa Ringoku no Outaishi ni Dekiai Sareru<br \/>Estudio: Studio Deen<br \/>Fecha de estreno: 11 de enero<br \/>Disponibilidad: En todo el mundo excepto Jap\u00f3n y China\n<\/p>\n<p>La protagonista se ha reencarnado en el mundo de El anillo de lapisl\u00e1zuli, su juego otome favorito\u2026 pero lo ha hecho como la villana, Tiara Rose. La historia avanza tal y como dictaba el juego original, y su compromiso con el pr\u00edncipe Hartknights, heredero al trono de Lapisl\u00e1zuli, acaba rompi\u00e9ndose. Sin embargo, todo da un giro tan dulce como inesperado cuando Aquasteed, el pr\u00edncipe heredero del reino vecino de Marinforest, aparece de repente para pedirle matrimonio.\n<\/p>\n<p><a href=\"https:\/\/ramenparados.com\/anime\/tis-time-for-torture-princess-temporada-2\/\" rel=\"nofollow noopener\" target=\"_blank\"><strong>\u2018Tis Time for \u00abTorture,\u00bb Princess \u2013 Temporada 2<\/strong><\/a>\n<\/p>\n<p><img loading=\"lazy\" decoding=\"async\" class=\"aligncenter size-full wp-image-395237\" src=\"data:image\/svg+xml,%3Csvg%20xmlns=\" http:=\"\" alt=\"\" width=\"655\" height=\"916\" data-lazy- data-lazy- data-lazy-src=\"https:\/\/www.europesays.com\/es\/wp-content\/uploads\/2025\/12\/es-hora-de-torturarte-princesa-key-2.jpg\"\/>\n<\/p>\n<p>T\u00edtulo original: Hime-sama \u00abGoumon\u00bb no Jikan Desu<br \/>Estudio: Pine Jam<br \/>Fecha de estreno: 12 de enero<br \/>Disponibilidad: Am\u00e9rica del Norte, Am\u00e9rica Central, Am\u00e9rica del Sur, Europa, \u00c1frica, Ocean\u00eda, Oriente Medio, CEI, subcontinente indio y sudeste Asi\u00e1tico\n<\/p>\n<p>Cuando la guerra entre el Ej\u00e9rcito Imperial y los Infernales hace estragos, la princesa, a pesar de ir armada con su m\u00edtica espada Excalibur, es capturada y aprisionada. \u00bfA qu\u00e9 clase de tortura tendr\u00e1 que hacer frente a manos de la interrogadora principal de los demonios? \u00a1Tostadas reci\u00e9n hechas! \u00a1Ramen calentito y humeante! \u00a1Ay, la humanidad! \u00bfPodr\u00e1 la princesa soportar este tormento y mantener a buen recaudo los secretos de su reino?\n<\/p>\n<p><a href=\"https:\/\/ramenparados.com\/anime\/oshi-no-ko-temporada-3\/\" rel=\"nofollow noopener\" target=\"_blank\"><strong>Oshi no Ko- Temporada 3<\/strong><\/a>\n<\/p>\n<p><img loading=\"lazy\" decoding=\"async\" class=\"aligncenter size-full wp-image-467138\" src=\"data:image\/svg+xml,%3Csvg%20xmlns=\" http:=\"\" alt=\"\" width=\"424\" height=\"600\" data-lazy- data-lazy- data-lazy-src=\"https:\/\/www.europesays.com\/es\/wp-content\/uploads\/2025\/12\/OshiNoKo_Season3KV2.jpeg\"\/>\n<\/p>\n<p>T\u00edtulo original: Oshi no Ko<br \/>Estudio: Doga Kobo<br \/>Fecha de estreno: 14 de enero<br \/>Disponibilidad: Am\u00e9rica del Norte, Am\u00e9rica Central, Am\u00e9rica del Sur, Europa, \u00c1frica, Ocean\u00eda, Oriente Medio, CEI, sudeste asi\u00e1tico e India\n<\/p>\n<p>Han pasado seis meses desde el lanzamiento de \u201cPOP IN 2\u201d. Gracias al esfuerzo de MEMcho, B-Komachi est\u00e1 a un paso de su gran salto a la fama, mientras Aqua se consolida como un artista polifac\u00e9tico y la carrera de Akane sigue en ascenso. En contraste, Kana ha perdido la alegr\u00eda que antes la defin\u00eda. Y Ruby, decidida a desentra\u00f1ar la verdad tras las muertes de Ai y Goro, contin\u00faa escalando en el mundo del espect\u00e1culo, usando la mentira como su mejor arma.\n<\/p>\n<p><a href=\"https:\/\/ramenparados.com\/anime\/frieren-tras-finalizar-el-viaje-temporada-2\/\" rel=\"nofollow noopener\" target=\"_blank\"><strong>Frieren: Tras finalizar el viaje \u2013 Temporada 2<\/strong><\/a>\n<\/p>\n<p><img loading=\"lazy\" decoding=\"async\" class=\"aligncenter size-full wp-image-468104\" src=\"data:image\/svg+xml,%3Csvg%20xmlns=\" http:=\"\" alt=\"\" width=\"632\" height=\"892\" data-lazy- data-lazy- data-lazy-src=\"https:\/\/www.europesays.com\/es\/wp-content\/uploads\/2025\/12\/frieren-S2-poster-2.jpg\"\/>\n<\/p>\n<p>T\u00edtulo original: Sousou no Frieren<br \/>Estudio: Madhouse<br \/>Fecha de estreno: 16 de enero<br \/>Disponibilidad: Am\u00e9rica del Norte, Am\u00e9rica Central, Am\u00e9rica del Sur, Europa, \u00c1frica, Ocean\u00eda, Oriente Medio, CEI, sudeste asi\u00e1tico e India\n<\/p>\n<p>Despu\u00e9s de que el grupo de h\u00e9roes derrotara al Rey Demonio, devolvieron la paz a la tierra y volvieron a sus vidas solitarias. Pasaron varias generaciones y la maga elfa Frieren se enfrent\u00f3 a la mortalidad de la humanidad. Acept\u00f3 a una nueva aprendiz y prometi\u00f3 cumplir los \u00faltimos deseos de sus viejos amigos. \u00bfPuede una mente \u00e9lfica aceptar la naturaleza de la vida y la muerte? Frieren se embarca en una aventura para descubrirlo.\n<\/p>\n<p><a href=\"https:\/\/ramenparados.com\/anime\/noble-reincarnation-born-blessed-so-ill-obtain-ultimate-power\/\" rel=\"nofollow noopener\" target=\"_blank\"><strong>Noble Reincarnation: Born Blessed, So I\u2019ll Obtain Ultimate Power<\/strong><\/a>\n<\/p>\n<p><img loading=\"lazy\" decoding=\"async\" class=\"aligncenter size-full wp-image-470843\" src=\"data:image\/svg+xml,%3Csvg%20xmlns=\" http:=\"\" alt=\"\" width=\"491\" height=\"694\" data-lazy- data-lazy- data-lazy-src=\"https:\/\/www.europesays.com\/es\/wp-content\/uploads\/2025\/12\/NobleReincarnation_kv.jpg\"\/>\n<\/p>\n<p>T\u00edtulo original: Kizoku Tensei: Megumareta Umare kara Saikyou no Chikara o Eru<br \/>Estudio: CompTown<br \/>Fecha de estreno: Enero 2026<br \/>Disponibilidad: En todo el mundo, excepto Jap\u00f3n, China, Corea, Mongolia y Timor Oriental\n<\/p>\n<p>Noah, el ni\u00f1o de seis a\u00f1os m\u00e1s fuerte del mundo, tiene el privilegio de reencarnarse como el decimotercer hijo del emperador. Y por si fuera poco, cuenta con un nivel m\u00e1ximo infinito y una habilidad poderos\u00edsima que copia el poder de cualquiera que le sirva. Pero incluso estos privilegios tienen sus complicaciones: el deslumbrante brillo de la alta sociedad oculta un mundo de conspiraciones, intrigas y luchas de poder.\n<\/p>\n<p>Fuente: <a href=\"https:\/\/www.crunchyroll.com\/\" rel=\"nofollow noopener\" target=\"_blank\">Crunchyroll<\/a>\n<\/p>\n<p><a class=\"gofollow\" data-track=\"NTEsMiw2MA==\" href=\"https:\/\/www.planetadelibros.com\/libro-kagurabachi-n-01\/421062\" target=\"_blank\" rel=\"nofollow noopener\"><img decoding=\"async\" src=\"data:image\/svg+xml,%3Csvg%20xmlns=\" http:=\"\" data-lazy-src=\"https:\/\/www.europesays.com\/es\/wp-content\/uploads\/2025\/12\/kagurabachi728x90_v3.jpg\"\/><\/a>\t\t\t\t\t\t\t\t\t\t\t\t\t\t\t\t\t\t\t\t\t\t\t\t\t\t\t\t\t\t<\/p>\n","protected":false},"excerpt":{"rendered":"Temporada de invierno Crunchyroll 2026 Nos acercamos al final del a\u00f1o y, con ello, a un nuevo invierno.&hellip;\n","protected":false},"author":2,"featured_media":295611,"comment_status":"","ping_status":"","sticky":false,"template":"","format":"standard","meta":{"footnotes":""},"categories":[171],"tags":[42922,146,147,25,24,23,69690,214],"class_list":{"0":"post-295610","1":"post","2":"type-post","3":"status-publish","4":"format-standard","5":"has-post-thumbnail","7":"category-tv","8":"tag-crunchyroll","9":"tag-entertainment","10":"tag-entretenimiento","11":"tag-es","12":"tag-espana","13":"tag-spain","14":"tag-temporada-anime-invierno-2026","15":"tag-tv"},"share_on_mastodon":{"url":"https:\/\/pubeurope.com\/@es\/115744718424762599","error":""},"_links":{"self":[{"href":"https:\/\/www.europesays.com\/es\/wp-json\/wp\/v2\/posts\/295610","targetHints":{"allow":["GET"]}}],"collection":[{"href":"https:\/\/www.europesays.com\/es\/wp-json\/wp\/v2\/posts"}],"about":[{"href":"https:\/\/www.europesays.com\/es\/wp-json\/wp\/v2\/types\/post"}],"author":[{"embeddable":true,"href":"https:\/\/www.europesays.com\/es\/wp-json\/wp\/v2\/users\/2"}],"replies":[{"embeddable":true,"href":"https:\/\/www.europesays.com\/es\/wp-json\/wp\/v2\/comments?post=295610"}],"version-history":[{"count":0,"href":"https:\/\/www.europesays.com\/es\/wp-json\/wp\/v2\/posts\/295610\/revisions"}],"wp:featuredmedia":[{"embeddable":true,"href":"https:\/\/www.europesays.com\/es\/wp-json\/wp\/v2\/media\/295611"}],"wp:attachment":[{"href":"https:\/\/www.europesays.com\/es\/wp-json\/wp\/v2\/media?parent=295610"}],"wp:term":[{"taxonomy":"category","embeddable":true,"href":"https:\/\/www.europesays.com\/es\/wp-json\/wp\/v2\/categories?post=295610"},{"taxonomy":"post_tag","embeddable":true,"href":"https:\/\/www.europesays.com\/es\/wp-json\/wp\/v2\/tags?post=295610"}],"curies":[{"name":"wp","href":"https:\/\/api.w.org\/{rel}","templated":true}]}}