{"id":295648,"date":"2025-12-19T06:37:12","date_gmt":"2025-12-19T06:37:12","guid":{"rendered":"https:\/\/www.europesays.com\/es\/295648\/"},"modified":"2025-12-19T06:37:12","modified_gmt":"2025-12-19T06:37:12","slug":"ds-automobiles-en-el-salon-del-automovil-de-bruselas-2026-ds-automobiles","status":"publish","type":"post","link":"https:\/\/www.europesays.com\/es\/295648\/","title":{"rendered":"DS AUTOMOBILES EN EL SAL\u00d3N DEL AUTOM\u00d3VIL DE BRUSELAS 2026 | DS Automobiles"},"content":{"rendered":"<ul>&#13;<\/p>\n<li style=\"text-align:justify\"><strong>En el Sal\u00f3n del Autom\u00f3vil de Bruselas, DS Automobiles mostrar\u00e1 sus \u00faltimos productos en un stand de m\u00e1s de 300 m2. Distribuidos en una zona redise\u00f1ada con paredes revestidas de metal maltrecho, se exhibir\u00e1n seis coches.<\/strong><\/li>\n<p>&#13;<\/p>\n<li style=\"text-align:justify\"><strong>Xavier Peugeot, CEO de DS Automobiles, presentar\u00e1 una creaci\u00f3n \u00fanica durante la rueda de prensa que se celebrar\u00e1 el 9 de enero a las 10:00 en el stand de la marca (Sal\u00f3n 5).<\/strong><\/li>\n<p>&#13;<\/p>\n<li style=\"text-align:justify\"><strong>DS Automobiles rendir\u00e1 homenaje a su departamento de carreras, DS PERFORMANCE, con la aparici\u00f3n del DS E-TENSE FE25 pilotado por el joven talento Taylor Barnard en el Campeonato Mundial de F\u00f3rmula E DE LA ABB FIA.<\/strong><\/li>\n<p>&#13;\n<\/ul>\n<p style=\"text-align:justify\">\u00a0<\/p>\n<p style=\"text-align:justify\"><strong>El Sal\u00f3n del Autom\u00f3vil de Bruselas: \u00a1un evento imprescindible al inicio del a\u00f1o!<\/strong><\/p>\n<p style=\"text-align:justify\">El Sal\u00f3n del Autom\u00f3vil de Bruselas ser\u00e1 una vez m\u00e1s una oportunidad para que DS Automobiles muestre sus creaciones y conozca a sus clientes. El equipo de la marca ten\u00eda el bienestar y un ambiente tranquilo como pautas para crear un espacio acogedor dise\u00f1ado para dar la bienvenida a los visitantes en un entorno premium.<\/p>\n<p style=\"text-align:justify\">Desde el lounge DS Automobiles, podr\u00e1n admirar toda la gama pero tambi\u00e9n crear la DS de sus sue\u00f1os con el DS DESIGN STUDIO digital, que les permite configurar todos los modelos de la marca hasta el m\u00e1s m\u00ednimo detalle.<\/p>\n<p style=\"text-align:justify\">Los visitantes tambi\u00e9n podr\u00e1n apreciar el cuidado que se ha puesto en la creaci\u00f3n de esta acogedora zona, cuyas paredes por primera vez lucen metal batido color champ\u00e1n. \u00danico y exclusivo, es el nuevo material emblem\u00e1tico de DS Automobiles, habiendo tambi\u00e9n inspirado el esquema gr\u00e1fico utilizado por la marca para presentar sus \u00faltimos modelos, el N\u00b08 y el N\u00b04.<\/p>\n<p style=\"text-align:justify\">\u00a0<\/p>\n<p style=\"text-align:justify\"><strong>Los modelos del DS Automobiles est\u00e1n en el Sal\u00f3n del Autom\u00f3vil de Bruselas<\/strong><\/p>\n<p style=\"text-align:justify\">\u00a0<\/p>\n<p style=\"text-align:justify\"><strong>\u00a1Una creaci\u00f3n \u00fanica!<\/strong><\/p>\n<p style=\"text-align:justify\">Xavier Peugeot, CEO de DS Automobiles, presentar\u00e1 una creaci\u00f3n \u00fanica en la rueda de prensa de la marca el 9 de enero a las 10 de la ma\u00f1ana. \u00a1Un evento que no te puedes perder!<\/p>\n<p style=\"text-align:justify\">\u00a0<\/p>\n<p style=\"text-align:justify\"><strong>DS E-TENSE FE25<\/strong><\/p>\n<p style=\"text-align:justify\">Justo al lado estar\u00e1 el monoplaza el\u00e9ctrico del joven piloto Taylor Barnard, que compite con DS Automobiles y el equipo DS PENSKE en el Campeonato Mundial de F\u00f3rmula E de la FIA ABB. En la F\u00f3rmula E desde 2015, DS Automobiles ya ha ganado cuatro t\u00edtulos (dos de constructores y dos de pilotos). El DS E-TENSE FE25 es un monoplaza de tercera generaci\u00f3n de \u00faltima generaci\u00f3n capaz de alcanzar de 0 a 100 km\/h en solo 1,82 segundos.<\/p>\n<p style=\"text-align:justify\">\u00a0<\/p>\n<p style=\"text-align:justify\"><strong>DS 3 E-TENSE DS PERFORMANCE Line<\/strong><\/p>\n<p style=\"text-align:justify\"><strong>DS 3 es un SUV urbano con un dise\u00f1o decidido. Compacto y \u00e1gil, encarna una elegancia din\u00e1mica y libertad de movimiento con una personalidad fuerte. Su dise\u00f1o audaz, firma lum\u00ednica refinada y equipamiento de \u00faltima generaci\u00f3n lo convierten en un modelo realmente distintivo. En el interior, la atenci\u00f3n a los materiales y la comodidad crea una atm\u00f3sfera incomparable.<\/strong><\/p>\n<p style=\"text-align:justify\"><strong>En el Sal\u00f3n del Autom\u00f3vil de Bruselas, la DS 3 en color cachemira se mostrar\u00e1 en su versi\u00f3n 100% el\u00e9ctrica E-TENSE con 156 CV y en la especificaci\u00f3n DS PERFORMANCE Line Limited Edition. Este \u00faltimo celebra el puente entre los modelos de producci\u00f3n y el equipo de carreras DS Automobiles, con caracter\u00edsticas y equipamiento est\u00e9ticos exclusivos.<\/strong><\/p>\n<p style=\"text-align:justify\">\u00a0<\/p>\n<p style=\"text-align:justify\"><strong>N\u00b04 E-TENSE DS PERFORMANCE Line<\/strong><\/p>\n<p style=\"text-align:justify\">Con su autonom\u00eda de 450 km y 213 CV, el DS N\u00b04 E-TENSE 100% el\u00e9ctrico ofrece una oferta \u00fanica en el segmento de compactos hatchback premium. Esto va de la mano con caracter\u00edsticas espec\u00edficas para el uso de un veh\u00edculo el\u00e9ctrico, como el enrutamiento de veh\u00edculos el\u00e9ctricos a bordo, el preacondicionamiento de bater\u00edas, la app e-Routes y la funci\u00f3n de controles electr\u00f3nicos a distancia. Ofreciendo la gama m\u00e1s amplia de trenes motrices multi-energ\u00eda en su segmento, \u00a0el DS N\u00b04 tambi\u00e9n est\u00e1 disponible como H\u00cdBRIDO (145 CV), capaz de cubrir hasta 1.000 km entre repostaje (valor calculado a partir del consumo aprobado por WLTP) y hasta el 50% del tiempo en modo el\u00e9ctrico (en zonas urbanas), as\u00ed como en un H\u00cdBRIDO ENCHUFABLE con 225 CV que ofrece hasta 81 km de autonom\u00eda totalmente el\u00e9ctrica. En Bruselas, la DS N\u00b04 E-TENSE se mostrar\u00e1 en su versi\u00f3n de la l\u00ednea DS PERFORMANCE, recientemente a la venta como Edici\u00f3n Limitada, con color cachemira.<\/p>\n<p style=\"text-align:justify\">\u00a0<\/p>\n<p style=\"text-align:justify\"><strong>DS 7 H\u00cdBRIDO ENCHUFABLE 225 ETOILE<\/strong><\/p>\n<p style=\"text-align:justify\">Un SUV imponente y elegante, dise\u00f1ado para viajes de larga distancia, el DS 7 combina una presencia asertiva, excelencia t\u00e9cnica y una comodidad notable. En su versi\u00f3n h\u00edbrida enchufable 225, ofrece una conducci\u00f3n suave, eficiente y de alto rendimiento, perfectamente adaptada tanto para los viajes cotidianos como para escapadas m\u00e1s lejanas. En el interior, cada detalle es testimonio de una experiencia \u00fanica, con una selecci\u00f3n de materiales premium, un acabado meticuloso y un ambiente interior exclusivo. En Bruselas, el modelo expuesto ser\u00e1 un DS 7 H\u00cdBRIDO ENCHUFABLE 225 en especificaci\u00f3n ETOILE, en Crystal Pearl y con interior en cuero Nappa negro basalto.<\/p>\n<p style=\"text-align:justify\">\u00a0<\/p>\n<p style=\"text-align:justify\"><strong>Etoile N\u00b08 FWD LARGO ALCANCE<\/strong><\/p>\n<p style=\"text-align:justify\"><strong>Un SUV coup\u00e9 100% el\u00e9ctrico, el N\u00b08 es el nuevo buque insignia de la marca. Este modelo inaugura una nueva era el\u00e9ctrica, con un dise\u00f1o audaz concebido para la eficiencia aerodin\u00e1mica, un interior refinado y de alta tecnolog\u00eda y una serenidad din\u00e1mica total. La tracci\u00f3n delantera N\u00b08 de largo alcance tiene un alcance de hasta 750 km con un consumo de 15,9 kWh\/100 km (consumo combinado WLTP). El N\u00b08 tambi\u00e9n cuenta con un recorrido en autopista de m\u00e1s de 500 km, excepcional para la clase. Este rango r\u00e9cord se logr\u00f3 gracias a un notable Cx de 0,24 para un SCx de 0,63 dm\u00b2. El DS N\u00b08 est\u00e1 disponible con dos capacidades de bater\u00eda, combinadas con transmisi\u00f3n de tracci\u00f3n en dos o cuatro ruedas, para una potencia de hasta 350 CV.<\/strong><\/p>\n<p style=\"text-align:justify\"><strong>En el Sal\u00f3n del Autom\u00f3vil de Bruselas, el N\u00b08 estar\u00e1 en gris paladio con bitonos extendidos y se mostrar\u00e1 en la especificaci\u00f3n ETOILE con interior de cuero Nappa marr\u00f3n casta\u00f1o.<\/strong><\/p>\n<p style=\"text-align:justify\">\u00a0<\/p>\n<p style=\"text-align:justify\">En exhibici\u00f3n del 9 al 18 de enero en la Expo de Bruselas, pabell\u00f3n 5.<\/p>\n","protected":false},"excerpt":{"rendered":"&#13; En el Sal\u00f3n del Autom\u00f3vil de Bruselas, DS Automobiles mostrar\u00e1 sus \u00faltimos productos en un stand de&hellip;\n","protected":false},"author":2,"featured_media":295649,"comment_status":"","ping_status":"","sticky":false,"template":"","format":"standard","meta":{"footnotes":""},"categories":[80],"tags":[82,95,94,25,24,23],"class_list":{"0":"post-295648","1":"post","2":"type-post","3":"status-publish","4":"format-standard","5":"has-post-thumbnail","7":"category-economia","8":"tag-business","9":"tag-economia","10":"tag-economy","11":"tag-es","12":"tag-espana","13":"tag-spain"},"share_on_mastodon":{"url":"https:\/\/pubeurope.com\/@es\/115744856166342269","error":""},"_links":{"self":[{"href":"https:\/\/www.europesays.com\/es\/wp-json\/wp\/v2\/posts\/295648","targetHints":{"allow":["GET"]}}],"collection":[{"href":"https:\/\/www.europesays.com\/es\/wp-json\/wp\/v2\/posts"}],"about":[{"href":"https:\/\/www.europesays.com\/es\/wp-json\/wp\/v2\/types\/post"}],"author":[{"embeddable":true,"href":"https:\/\/www.europesays.com\/es\/wp-json\/wp\/v2\/users\/2"}],"replies":[{"embeddable":true,"href":"https:\/\/www.europesays.com\/es\/wp-json\/wp\/v2\/comments?post=295648"}],"version-history":[{"count":0,"href":"https:\/\/www.europesays.com\/es\/wp-json\/wp\/v2\/posts\/295648\/revisions"}],"wp:featuredmedia":[{"embeddable":true,"href":"https:\/\/www.europesays.com\/es\/wp-json\/wp\/v2\/media\/295649"}],"wp:attachment":[{"href":"https:\/\/www.europesays.com\/es\/wp-json\/wp\/v2\/media?parent=295648"}],"wp:term":[{"taxonomy":"category","embeddable":true,"href":"https:\/\/www.europesays.com\/es\/wp-json\/wp\/v2\/categories?post=295648"},{"taxonomy":"post_tag","embeddable":true,"href":"https:\/\/www.europesays.com\/es\/wp-json\/wp\/v2\/tags?post=295648"}],"curies":[{"name":"wp","href":"https:\/\/api.w.org\/{rel}","templated":true}]}}