{"id":295678,"date":"2025-12-19T07:11:09","date_gmt":"2025-12-19T07:11:09","guid":{"rendered":"https:\/\/www.europesays.com\/es\/295678\/"},"modified":"2025-12-19T07:11:09","modified_gmt":"2025-12-19T07:11:09","slug":"australia-anuncia-recompra-de-armas-tras-atentado-en-sidney-dw-19-12-2025","status":"publish","type":"post","link":"https:\/\/www.europesays.com\/es\/295678\/","title":{"rendered":"Australia anuncia recompra de armas tras atentado en S\u00eddney \u2013 DW \u2013 19\/12\/2025"},"content":{"rendered":"<p><a class=\"internal-link\" href=\"https:\/\/www.dw.com\/es\/australia\/t-39761591\" rel=\"nofollow noopener\" target=\"_blank\">Australia<\/a> pondr\u00e1 en marcha un plan nacional de recompra de <a class=\"internal-link\" href=\"https:\/\/www.dw.com\/es\/armas\/t-37068512\" rel=\"nofollow noopener\" target=\"_blank\">armas<\/a> y celebrar\u00e1 \u00abun d\u00eda de reflexi\u00f3n\u00bb el domingo por las 15 v\u00edctimas mortales del reciente atentado en la famosa playa de Bondi en S\u00eddney, anunci\u00f3 el viernes (19.12.2025) el primer ministro Anthony Albanese.<\/p>\n<p>Albanese inst\u00f3 a los australianos a encender velas a las 18H47 del domingo 21 de diciembre, \u00abexactamente una semana despu\u00e9s de que se produjera <a class=\"internal-link\" href=\"https:\/\/www.dw.com\/es\/australia-celebra-primeros-funerales-tras-ataque-en-s\u00eddney\/a-75193167\" rel=\"nofollow noopener\" target=\"_blank\">el ataque\u00bb perpetrado contra una multitud<\/a> que celebraba la festividad jud\u00eda de Januc\u00e1.<\/p>\n<p>\u00abEste d\u00eda se trata de apoyar a la comunidad jud\u00eda, abrazarlos y compartir su dolor con todos los australianos\u00bb, dijo a los periodistas.<\/p>\n<p>El primer ministro anunci\u00f3 un plan nacional de recompra para \u00abadquirir el excedente de armas de fuego, las reci\u00e9n prohibidas y las ilegales\u00bb.<\/p>\n<p>La calific\u00f3 como la mayor iniciativa de recuperaci\u00f3n de armamento desde 1996, cuando Australia tom\u00f3 medidas dr\u00e1sticas contra las armas a ra\u00edz de un tiroteo que caus\u00f3 la muerte de 35 personas en Port Arthur.<\/p>\n<p>\u00abHacer una pausa,\u00a0reflexionar\u00bb<\/p>\n<p>\u00abLos terribles acontecimientos de Bondi demuestran que necesitamos retirar m\u00e1s armas de nuestras calles\u00bb, justific\u00f3.<\/p>\n<p>\u00abEs un momento para hacer una pausa, reflexionar y afirmar que el odio y la violencia nunca definir\u00e1n qui\u00e9nes somos como australianos\u00bb, asegur\u00f3.<\/p>\n<p><a class=\"internal-link\" href=\"https:\/\/www.dw.com\/es\/presentan-cargos-contra-el-atacante-de-la-playa-de-bondi\/a-75194208\" rel=\"nofollow noopener\" target=\"_blank\">Un padre y su hijo, Sajid y Naveed Akram, est\u00e1n acusados<\/a> de abrir fuego el domingo por la tarde en Bondi Beach, en un ataque calificado por las autoridades como antisemita y motivado por la ideolog\u00eda del grupo yihadista Estado Isl\u00e1mico.<\/p>\n<p><img data-format=\"MASTER_LANDSCAPE\" data-id=\"75235202\" data-url=\"https:\/\/static.dw.com\/image\/75235202_${formatId}.jpg\" data-aspect-ratio=\"16\/9\" alt=\"Vista a\u00e9rea de la  playa de Bondi y los participantes en el homenaje a los que murieron en el atentado del pasado 14 de diciembre. (19.12.2025)\" style=\"padding-bottom: 56.25%; height: 0; max-height: 0;\"\/>Vista a\u00e9rea de la  playa de Bondi y los participantes en el homenaje a los que murieron en el atentado del pasado 14 de diciembre. (19.12.2025)Imagen: Cameron Spencer\/Getty Images<\/p>\n<p>Este mismo viernes, cientos de personas se lanzaron al oc\u00e9ano frente a Bondi para formar un enorme c\u00edrculo flotante como homenaje a las 15 personas asesinadas.<\/p>\n<p>Los nadadores y surfistas remaron formando la figura mientras se balanceaban en el suave oleaje matutino, salpicando agua y gritando emocionados.<\/p>\n<p>\u00abTodav\u00eda estamos enterrando cad\u00e1veres\u00bb, dijo el consultor de seguridad Jason Carr, de 53 a\u00f1os.<\/p>\n<p>gs (afp, reuters)<\/p>\n","protected":false},"excerpt":{"rendered":"Australia pondr\u00e1 en marcha un plan nacional de recompra de armas y celebrar\u00e1 \u00abun d\u00eda de reflexi\u00f3n\u00bb el&hellip;\n","protected":false},"author":2,"featured_media":295679,"comment_status":"","ping_status":"","sticky":false,"template":"","format":"standard","meta":{"footnotes":""},"categories":[42],"tags":[17,18,13,14,11,61,62,63,64,19,20,9,10,15,16,12,21,22,65,66,67],"class_list":{"0":"post-295678","1":"post","2":"type-post","3":"status-publish","4":"format-standard","5":"has-post-thumbnail","7":"category-internacional","8":"tag-breaking-news","9":"tag-breakingnews","10":"tag-featured-news","11":"tag-featurednews","12":"tag-headlines","13":"tag-internacional","14":"tag-international","15":"tag-international-news","16":"tag-internationalnews","17":"tag-latest-news","18":"tag-latestnews","19":"tag-news","20":"tag-noticias","21":"tag-noticias-destacadas","22":"tag-noticiasdestacadas","23":"tag-titulares","24":"tag-ultimas-noticias","25":"tag-ultimasnoticias","26":"tag-world","27":"tag-world-news","28":"tag-worldnews"},"share_on_mastodon":{"url":"https:\/\/pubeurope.com\/@es\/115744989864715273","error":""},"_links":{"self":[{"href":"https:\/\/www.europesays.com\/es\/wp-json\/wp\/v2\/posts\/295678","targetHints":{"allow":["GET"]}}],"collection":[{"href":"https:\/\/www.europesays.com\/es\/wp-json\/wp\/v2\/posts"}],"about":[{"href":"https:\/\/www.europesays.com\/es\/wp-json\/wp\/v2\/types\/post"}],"author":[{"embeddable":true,"href":"https:\/\/www.europesays.com\/es\/wp-json\/wp\/v2\/users\/2"}],"replies":[{"embeddable":true,"href":"https:\/\/www.europesays.com\/es\/wp-json\/wp\/v2\/comments?post=295678"}],"version-history":[{"count":0,"href":"https:\/\/www.europesays.com\/es\/wp-json\/wp\/v2\/posts\/295678\/revisions"}],"wp:featuredmedia":[{"embeddable":true,"href":"https:\/\/www.europesays.com\/es\/wp-json\/wp\/v2\/media\/295679"}],"wp:attachment":[{"href":"https:\/\/www.europesays.com\/es\/wp-json\/wp\/v2\/media?parent=295678"}],"wp:term":[{"taxonomy":"category","embeddable":true,"href":"https:\/\/www.europesays.com\/es\/wp-json\/wp\/v2\/categories?post=295678"},{"taxonomy":"post_tag","embeddable":true,"href":"https:\/\/www.europesays.com\/es\/wp-json\/wp\/v2\/tags?post=295678"}],"curies":[{"name":"wp","href":"https:\/\/api.w.org\/{rel}","templated":true}]}}