{"id":295711,"date":"2025-12-19T07:35:13","date_gmt":"2025-12-19T07:35:13","guid":{"rendered":"https:\/\/www.europesays.com\/es\/295711\/"},"modified":"2025-12-19T07:35:13","modified_gmt":"2025-12-19T07:35:13","slug":"los-ladrones-solo-buscaban-dinero","status":"publish","type":"post","link":"https:\/\/www.europesays.com\/es\/295711\/","title":{"rendered":"los ladrones solo buscaban dinero"},"content":{"rendered":"<p class=\"article-text\">\n        La Junta Electoral Provincial de Badajoz ha informado a Correos que los 124 electores afectados<a href=\"https:\/\/www.eldiario.es\/extremadura\/politica\/pp-denuncia-robo-voto-correo-pueblo-badajoz-guardia-civil-no-confirma_1_12855515.html\" target=\"_blank\" data-mrf-recirculation=\"links-noticia\" class=\"link\" rel=\"nofollow noopener\"> por el robo de la caja fuerte en la oficina de Fuente de Cantos, en la provincia de Badajoz<\/a>, podr\u00e1n emitir nuevamente su voto postal. La Guardia Civil ha hallado en las inmediaciones de la la oficina la caja fuerte robada, \u201ccompletamente calcinada\u201d, seg\u00fan un comunicado difundido por Correos. \u201cEl dinero en efectivo se hab\u00eda sustra\u00eddo en su totalidad, en tanto que los votos emitidos por correo se encontraban esparcidos en sus alrededores\u201d.\n    <\/p>\n<p class=\"article-text\">\n        Pese a que la Guardia Civil vincula los robos con la delincuencia com\u00fan, <a href=\"https:\/\/www.eldiario.es\/politica\/pp-agita-fantasma-pucherazo-extremadura-robo-124-votos_1_12855969.html\" target=\"_blank\" data-mrf-recirculation=\"links-noticia\" class=\"link\" rel=\"nofollow noopener\">el PP ha vuelto a agitar el fantasma del &#8216;pucherazo&#8217; electoral<\/a>. Feij\u00f3o ha se\u00f1alado al Gobierno por \u201cocultar intentos de robo en otras oficinas ya la semana pasada\u201d y \u201cno ofrece garant\u00edas\u201d de la limpieza del proceso. Su &#8216;n\u00famero dos&#8217;, Miguel Tellado, ha lanzado directamente la idea de que existe una operaci\u00f3n para \u201calterar el resultado de las elecciones del pr\u00f3ximo 21 de diciembre\u201d. Tambi\u00e9n la candidata, Mar\u00eda Guardiola, ha abundado en la existencia de una trama contra ella.\n    <\/p>\n<p class=\"article-text\">\n        Durante la madrugada de este jueves, las oficinas de Correos de Fuente de Cantos, Santa Amalia y Torremej\u00eda fueron asaltadas por delincuentes que buscaban sustraer efectivo y art\u00edculos comerciales. S\u00f3lo en una de ellas, Fuente de Cantos, los ladrones lograron arrancar la caja fuerte y llevarse todo su contenido, que adem\u00e1s de dinero en efectivo inclu\u00eda 124 votos emitidos por correo.\n    <\/p>\n<p class=\"article-text\">\n        En su resoluci\u00f3n, difundida por Correos en un comunicado, la Junta Electoral Provincial de Badajoz informa que \u201cse autoriza la emisi\u00f3n de duplicados de la documentaci\u00f3n electoral por la Delegaci\u00f3n Provincial de la Oficina del Censo Electoral de Badajoz, para procurar su entrega a los interesados, y puedan emitir nuevamente su voto por correo\u201d.\n    <\/p>\n<p class=\"article-text\">\n        La Guardia Civil ha hallado, en las inmediaciones de Talavera la Real, a 90 kil\u00f3metros de Fuente de Cantos, y completamente calcinada, la caja fuerte robada en la oficina de Correos de dicha localidad. El dinero en efectivo se hab\u00eda sustra\u00eddo en su totalidad, en tanto que los votos emitidos por correo se encontraban esparcidos en sus alrededores.\n    <\/p>\n<p class=\"article-text\">\n        Resultado de dicha resoluci\u00f3n, Correos se est\u00e1 comunicando con los electores afectados y ha organizado un dispositivo extraordinario para proceder a la entrega, de manera inmediata, de la documentaci\u00f3n original y la admisi\u00f3n de los votos emitidos a trav\u00e9s de los carteros.\n    <\/p>\n<p class=\"article-text\">\n        Desde el pasado mes de octubre, cuando todav\u00eda no se hab\u00edan convocado las elecciones auton\u00f3micas del 21 de diciembre, se han producido nueve hechos similares en Badajoz. Fuentes del instituto armado han llamado la atenci\u00f3n sobre que solo se han robado votos emitidos por correo en una oficina postal, en la que las papeletas estaban guardadas junto a 14.000 euros en efectivo.\n    <\/p>\n<p class=\"article-text\">\n        La Guardia Civil ha informado adem\u00e1s de que ya ven\u00eda investigando otros dos robos ocurridos en los \u00faltimos d\u00edas en otras dos oficinas de Correos ubicadas en Talavera la Real y Villafranco del Guadiana, tambi\u00e9n en la provincia de Badajoz. En octubre se produjeron otros cuatro.\n    <\/p>\n<p class=\"article-text\">\n        No es la primera vez que las sospechas sobre el fraude en los votos por correo impacta en una campa\u00f1a electoral. Ocurri\u00f3 tambi\u00e9n en las \u00faltimas elecciones municipales, en mayo de 2023, con varias detenciones en Melilla y en Moj\u00e1car por la compra de votos y robo de documentaci\u00f3n electoral a los carteros en la ciudad aut\u00f3noma.\n    <\/p>\n<p>    <a href=\"https:\/\/www.eldiario.es\/extremadura\/politica\/pp-denuncia-robo-voto-correo-pueblo-badajoz-guardia-civil-no-confirma_1_12855515.html\" data-mrf-recirculation=\"saber-mas-abajo\" data-dl-event=\"saber-mas-abajo\" rel=\"nofollow noopener\" target=\"_blank\"><\/p>\n<p class=\"know-more__title\">Roban 14.000 euros y 124 votos de las elecciones extreme\u00f1as en una oficina de Correos de un pueblo de Badajoz\n<\/p>\n<p>            <img decoding=\"async\" class=\"lazy\" loading=\"lazy\" data-src=\"https:\/\/static.eldiario.es\/clip\/2715853a-019f-4294-8090-3664cc879406_16-9-aspect-ratio_default_0.jpg\" src=\"data:image\/svg+xml,%3Csvg xmlns=\" http:=\"\" viewbox=\"0 0 880 495\" alt=\"Roban 14.000 euros y 124 votos de las elecciones extreme\u00f1as en una oficina de Correos de un pueblo de Badajoz\"\/><\/p>\n<p>                        <\/a><\/p>\n<p class=\"article-text\">\n        En este adelanto electoral, 17.508 electores extreme\u00f1os han pedido votar por correo, lo que supone un 49,3% menos respecto a las 34.533 de las auton\u00f3micas y municipales celebradas el 28 de mayo de 2023. El plazo para depositar el voto finaliz\u00f3 ayer, mi\u00e9rcoles.\n    <\/p>\n","protected":false},"excerpt":{"rendered":"La Junta Electoral Provincial de Badajoz ha informado a Correos que los 124 electores afectados por el robo&hellip;\n","protected":false},"author":2,"featured_media":295712,"comment_status":"","ping_status":"","sticky":false,"template":"","format":"standard","meta":{"footnotes":""},"categories":[8],"tags":[517,7239,7235,17,18,3975,25,24,7234,13,14,11,7238,7237,19,20,7236,9,10,15,16,952,492,23,12,21,22],"class_list":{"0":"post-295711","1":"post","2":"type-post","3":"status-publish","4":"format-standard","5":"has-post-thumbnail","7":"category-espana","8":"tag-actualidad","9":"tag-agro","10":"tag-badajoz","11":"tag-breaking-news","12":"tag-breakingnews","13":"tag-caceres","14":"tag-es","15":"tag-espana","16":"tag-extremadura","17":"tag-featured-news","18":"tag-featurednews","19":"tag-headlines","20":"tag-jesus-conde","21":"tag-jose-l-aroca","22":"tag-latest-news","23":"tag-latestnews","24":"tag-merida","25":"tag-news","26":"tag-noticias","27":"tag-noticias-destacadas","28":"tag-noticiasdestacadas","29":"tag-politica","30":"tag-sociedad","31":"tag-spain","32":"tag-titulares","33":"tag-ultimas-noticias","34":"tag-ultimasnoticias"},"share_on_mastodon":{"url":"https:\/\/pubeurope.com\/@es\/115745084086463709","error":""},"_links":{"self":[{"href":"https:\/\/www.europesays.com\/es\/wp-json\/wp\/v2\/posts\/295711","targetHints":{"allow":["GET"]}}],"collection":[{"href":"https:\/\/www.europesays.com\/es\/wp-json\/wp\/v2\/posts"}],"about":[{"href":"https:\/\/www.europesays.com\/es\/wp-json\/wp\/v2\/types\/post"}],"author":[{"embeddable":true,"href":"https:\/\/www.europesays.com\/es\/wp-json\/wp\/v2\/users\/2"}],"replies":[{"embeddable":true,"href":"https:\/\/www.europesays.com\/es\/wp-json\/wp\/v2\/comments?post=295711"}],"version-history":[{"count":0,"href":"https:\/\/www.europesays.com\/es\/wp-json\/wp\/v2\/posts\/295711\/revisions"}],"wp:featuredmedia":[{"embeddable":true,"href":"https:\/\/www.europesays.com\/es\/wp-json\/wp\/v2\/media\/295712"}],"wp:attachment":[{"href":"https:\/\/www.europesays.com\/es\/wp-json\/wp\/v2\/media?parent=295711"}],"wp:term":[{"taxonomy":"category","embeddable":true,"href":"https:\/\/www.europesays.com\/es\/wp-json\/wp\/v2\/categories?post=295711"},{"taxonomy":"post_tag","embeddable":true,"href":"https:\/\/www.europesays.com\/es\/wp-json\/wp\/v2\/tags?post=295711"}],"curies":[{"name":"wp","href":"https:\/\/api.w.org\/{rel}","templated":true}]}}