{"id":295717,"date":"2025-12-19T07:50:15","date_gmt":"2025-12-19T07:50:15","guid":{"rendered":"https:\/\/www.europesays.com\/es\/295717\/"},"modified":"2025-12-19T07:50:15","modified_gmt":"2025-12-19T07:50:15","slug":"napoles-milan-en-directo","status":"publish","type":"post","link":"https:\/\/www.europesays.com\/es\/295717\/","title":{"rendered":"N\u00e1poles &#8211; Milan en directo"},"content":{"rendered":"<p> \u00daltima hora del N\u00e1poles &#8211; Milan<\/p>\n<p class=\"ue-c-article__paragraph \"><strong>\u00a1Bueeeeeeeeeeeenaaaaaaaaaaaaas taaaaaaaaardeeeeeeees! <\/strong>Bienvenidos a un nuevo capitulo de esta temporada del &#8216;Calcio&#8217;. En el d\u00eda de hoy viviremos un autentico partidazo, entre dos de los mayores contendientes a acabar cosiendo el tricolor italiano en su camiseta. <strong>N\u00e1poles y Milan se enfrentan en la primera semifinal de la Supercopa de Italia.<\/strong><\/p>\n<p class=\"ue-c-article__paragraph \">El &#8216;<strong>Napoli&#8217;<\/strong> llega a la &#8216;Supercoppa&#8217; como <strong>campe\u00f3n de Italia,<\/strong> en una Serie A que se acab\u00f3 llevando en el &#8216;foto finish&#8217; ante el Inter. En la presente campa\u00f1a, <strong>los partenopeos son terceros, un punto por detr\u00e1s del Milan y a dos del Inter, l\u00edder del campeonato.<\/strong><\/p>\n<p class=\"ue-c-article__paragraph \">Por otro lado,<strong> el Milan llega a la Supercopa como el vigente campe\u00f3n de la competici\u00f3n<\/strong>, tras vencer al Inter en la final <strong>(2-3)<\/strong>. Fue el inicio de la aventura de Sergio Concei\u00e7ao como t\u00e9cnico milanista, que no termin\u00f3 de la mejor manera, quedando fuera de las competiciones europeas y cayendo en la final de la pasada Copa de Italia ante el Bolonia (1-0). En la actual campa\u00f1a, con Modric y Massimiliano Allegri a la cabeza, <strong>el diablo es segundo, a un punto del l\u00edder y su rendimiento en los duelos directos ha sido incontestable, venciendo a N\u00e1poles e Inter.<\/strong><\/p>\n<p class=\"ue-c-article__paragraph \">Todo est\u00e1 listo en el<strong> King Saud University Stadium<\/strong>, en Riyadh, Arabia Saudita, para la primera de las dos semifinales de la Supercopa Italiana. Empezamos ya con la toda la previa, y cuando el bal\u00f3n eche a rodar a las <strong>20:00<\/strong>, podr\u00e9is seguir el partido en<strong> Dazn<\/strong> y el minuto a minuto del partido, aqu\u00ed en <strong>Marca.com<\/strong>. <strong>\u00a1ARRRRRRAAAAANCAAAAMOOOOOS!<\/strong><\/p>\n","protected":false},"excerpt":{"rendered":"\u00daltima hora del N\u00e1poles &#8211; Milan \u00a1Bueeeeeeeeeeeenaaaaaaaaaaaaas taaaaaaaaardeeeeeeees! Bienvenidos a un nuevo capitulo de esta temporada del &#8216;Calcio&#8217;.&hellip;\n","protected":false},"author":2,"featured_media":295718,"comment_status":"","ping_status":"","sticky":false,"template":"","format":"standard","meta":{"footnotes":""},"categories":[268],"tags":[8435,168,25,24,280,282,58512,281,23,167],"class_list":{"0":"post-295717","1":"post","2":"type-post","3":"status-publish","4":"format-standard","5":"has-post-thumbnail","7":"category-futbol","8":"tag-ac-milan","9":"tag-deportes","10":"tag-es","11":"tag-espana","12":"tag-football","13":"tag-futbol","14":"tag-napoles-fc","15":"tag-soccer","16":"tag-spain","17":"tag-sports"},"share_on_mastodon":{"url":"https:\/\/pubeurope.com\/@es\/115745143237633895","error":""},"_links":{"self":[{"href":"https:\/\/www.europesays.com\/es\/wp-json\/wp\/v2\/posts\/295717","targetHints":{"allow":["GET"]}}],"collection":[{"href":"https:\/\/www.europesays.com\/es\/wp-json\/wp\/v2\/posts"}],"about":[{"href":"https:\/\/www.europesays.com\/es\/wp-json\/wp\/v2\/types\/post"}],"author":[{"embeddable":true,"href":"https:\/\/www.europesays.com\/es\/wp-json\/wp\/v2\/users\/2"}],"replies":[{"embeddable":true,"href":"https:\/\/www.europesays.com\/es\/wp-json\/wp\/v2\/comments?post=295717"}],"version-history":[{"count":0,"href":"https:\/\/www.europesays.com\/es\/wp-json\/wp\/v2\/posts\/295717\/revisions"}],"wp:featuredmedia":[{"embeddable":true,"href":"https:\/\/www.europesays.com\/es\/wp-json\/wp\/v2\/media\/295718"}],"wp:attachment":[{"href":"https:\/\/www.europesays.com\/es\/wp-json\/wp\/v2\/media?parent=295717"}],"wp:term":[{"taxonomy":"category","embeddable":true,"href":"https:\/\/www.europesays.com\/es\/wp-json\/wp\/v2\/categories?post=295717"},{"taxonomy":"post_tag","embeddable":true,"href":"https:\/\/www.europesays.com\/es\/wp-json\/wp\/v2\/tags?post=295717"}],"curies":[{"name":"wp","href":"https:\/\/api.w.org\/{rel}","templated":true}]}}