{"id":295719,"date":"2025-12-19T07:51:11","date_gmt":"2025-12-19T07:51:11","guid":{"rendered":"https:\/\/www.europesays.com\/es\/295719\/"},"modified":"2025-12-19T07:51:11","modified_gmt":"2025-12-19T07:51:11","slug":"otros-famosos-que-anunciaron-que-tenian-vih-en-los-80-y-90","status":"publish","type":"post","link":"https:\/\/www.europesays.com\/es\/295719\/","title":{"rendered":"otros famosos que anunciaron que ten\u00edan VIH en los 80 y 90"},"content":{"rendered":"<p class=\"L6-news-detail__text\">El actor y director de cine <b>Eduardo Casanova ha anunciado que padece VIH<\/b> durante la promoci\u00f3n de un documental que est\u00e1n rodando Atresmedia y Producciones del Barrio protagonizado por \u00e9l mismo y que se estrenar\u00e1 en cines en 2026. Es por ello que en M\u00e1s Vale Tarde el periodista Jos\u00e9 Luis Tor\u00e1 ha hecho un repaso por los distintos famosos que antes que \u00e9l tambi\u00e9n lo comunicaron y ayudaron a <b>romper el estigma social.<\/b><\/p>\n<p class=\"L6-news-detail__text\">El primer ejemplo ha sido el del actor y estrella de Hollywood <b>Rod Hudson<\/b>, que <b>en 1980<\/b> hizo p\u00fablico que \u00abpadec\u00eda sida\u00bb, hecho que oblig\u00f3 \u00aba la pol\u00edtica a reaccionar\u00bb y a \u00abhablar de un tema del que todav\u00eda no hablaba\u00bb, ha expresado Tor\u00e1. El siguiente gran caso fue el del jugador de baloncesto <b>Magic Johnson<\/b>, quien en la cumbre de su carrera <b>-en 1991-<\/b> declar\u00f3 que hab\u00eda contra\u00eddo el virus por transmisi\u00f3n sexual. La estrella de Los \u00c1ngeles Lakers tuvo que retirarse de la liga, pero ayud\u00f3 a \u00abromper muchos estereotipos\u00bb.<\/p>\n<p class=\"L6-news-detail__text\">En nuestro pa\u00eds, en el<b> a\u00f1o 1992<\/b>, varios rumores falsos difundidos en distintos medios de comunicaci\u00f3n dieron por muerto al cantante <b>Miguel Bos\u00e9<\/b> por haberlo contra\u00eddo. Sin embargo, en el programa &#8216;Queremos saber&#8217; de Antena 3, la presentadora Mercedes Mil\u00e1 pudo aclarar lo ocurrido con el artista. El int\u00e9rprete confirm\u00f3 que se hab\u00eda hecho el an\u00e1lisis porque formaba parte de su \u00abconcienciaci\u00f3n, involucraci\u00f3n y de la importancia\u00bb que le daba a un problema como este.<\/p>\n<p class=\"L6-news-detail__text\">Asimismo, cont\u00f3 una an\u00e9cdota que tuvo en un avi\u00f3n a ra\u00edz de los bulos. \u00abCuando llegu\u00e9 iba un poco justo y las dos personas que iban en mi fila ya estaban sentadas. El se\u00f1or de al lado se me qued\u00f3 mirando l\u00edvido, <b>recogi\u00f3 sus cosas y se fue a otro sitio a sentarse\u00bb,<\/b> relat\u00f3, dando muestra del estigma que sufr\u00edan las personas a las que se les detectaba este microorganismo.<\/p>\n<p class=\"L6-news-detail__text\"><b><a href=\"https:\/\/profile.google.com\/cp\/CgkvbS8wZG5xejA?|||EXTERNO\" rel=\"nofollow noopener\" target=\"_blank\">*Sigue a laSexta en Google. Toda la actualidad y el mejor contenido aqu\u00ed.<\/a><\/b><\/p>\n<p class=\"L6-support-news-video__title\">En M\u00e1s Vale Tarde<\/p>\n<p>            <a href=\"https:\/\/www.lasexta.com\/programas\/mas-vale-tarde\/chema-crespo-ramoncin-recuerdan-campanas-concienciacion-vih-80-90-dabamos-condones-entradas_2025121869443b45ea66eb735317a0c7.html\" class=\"L6-news__link\" rel=\"nofollow noopener\" target=\"_blank\"><br \/>\n                Chema Crespo y Ramonc\u00edn recuerdan las campa\u00f1as de concienciaci\u00f3n del VIH en los 80 y los 90: \u00abD\u00e1bamos condones con\u00a0las\u00a0entradas\u00bb<\/p>\n<p class=\"recirculation-video-desc\">El periodista y el cantante expone que a finales de los 80 y los 90 se llevaron a cabo numerosas campa\u00f1as para que la gente conociera esta enfermedad y supieran c\u00f3mo se pod\u00eda evitar el contagio.<\/p>\n<p>            <\/a><\/p>\n","protected":false},"excerpt":{"rendered":"El actor y director de cine Eduardo Casanova ha anunciado que padece VIH durante la promoci\u00f3n de un&hellip;\n","protected":false},"author":2,"featured_media":295720,"comment_status":"","ping_status":"","sticky":false,"template":"","format":"standard","meta":{"footnotes":""},"categories":[174],"tags":[255,146,147,25,24,256,23],"class_list":{"0":"post-295719","1":"post","2":"type-post","3":"status-publish","4":"format-standard","5":"has-post-thumbnail","7":"category-famosos","8":"tag-celebrities","9":"tag-entertainment","10":"tag-entretenimiento","11":"tag-es","12":"tag-espana","13":"tag-famosos","14":"tag-spain"},"share_on_mastodon":{"url":"https:\/\/pubeurope.com\/@es\/115745147147879502","error":""},"_links":{"self":[{"href":"https:\/\/www.europesays.com\/es\/wp-json\/wp\/v2\/posts\/295719","targetHints":{"allow":["GET"]}}],"collection":[{"href":"https:\/\/www.europesays.com\/es\/wp-json\/wp\/v2\/posts"}],"about":[{"href":"https:\/\/www.europesays.com\/es\/wp-json\/wp\/v2\/types\/post"}],"author":[{"embeddable":true,"href":"https:\/\/www.europesays.com\/es\/wp-json\/wp\/v2\/users\/2"}],"replies":[{"embeddable":true,"href":"https:\/\/www.europesays.com\/es\/wp-json\/wp\/v2\/comments?post=295719"}],"version-history":[{"count":0,"href":"https:\/\/www.europesays.com\/es\/wp-json\/wp\/v2\/posts\/295719\/revisions"}],"wp:featuredmedia":[{"embeddable":true,"href":"https:\/\/www.europesays.com\/es\/wp-json\/wp\/v2\/media\/295720"}],"wp:attachment":[{"href":"https:\/\/www.europesays.com\/es\/wp-json\/wp\/v2\/media?parent=295719"}],"wp:term":[{"taxonomy":"category","embeddable":true,"href":"https:\/\/www.europesays.com\/es\/wp-json\/wp\/v2\/categories?post=295719"},{"taxonomy":"post_tag","embeddable":true,"href":"https:\/\/www.europesays.com\/es\/wp-json\/wp\/v2\/tags?post=295719"}],"curies":[{"name":"wp","href":"https:\/\/api.w.org\/{rel}","templated":true}]}}