{"id":295725,"date":"2025-12-19T07:55:10","date_gmt":"2025-12-19T07:55:10","guid":{"rendered":"https:\/\/www.europesays.com\/es\/295725\/"},"modified":"2025-12-19T07:55:10","modified_gmt":"2025-12-19T07:55:10","slug":"el-turbulento-final-de-un-grupo-clave-del-rock-de-los-90","status":"publish","type":"post","link":"https:\/\/www.europesays.com\/es\/295725\/","title":{"rendered":"el turbulento final de un grupo clave del rock de los 90"},"content":{"rendered":"<p style=\"\">Un cr\u00edtico musical de cuyo nombre no puedo acordarme dijo una vez que, si no hubiesen existido los <a href=\"https:\/\/www.abc.es\/cultura\/musica\/abci-guns-nroses-hacen-memoria-y-limpian-pasado-racismo-y-homofobia-201805170311_noticia.html\" target=\"_blank\" data-voc-vtm-id=\"in-text-traffic\" title=\"Guns &#039;N&#039; Roses\" data-mrf-link=\"www.abc.es\" rel=\"nofollow noopener\">Guns &#8216;N&#8217; Roses<\/a>, a quienes les hubiera tocado interpretar el duro papel de \u00faltima gran banda de rock habr\u00edan sido <strong>Jane&#8217;s Addiction<\/strong>. Adem\u00e1s de  &#8230; ser de Los \u00c1ngeles ten\u00edan en com\u00fan muchas cosas, entre ellas el talento instrumental y el carisma de su front-man. Pero tambi\u00e9n la inclinaci\u00f3n por el caos.<\/p>\n<p class=\"voc-p\" style=\"\">El grupo liderado por el volc\u00e1nico Perry Farrell, que acaba de anunciar su separaci\u00f3n \u00abdefinitiva\u00bb tras cuarenta a\u00f1os de carrera, seguramente hubiera durado menos que Axl Rose y compa\u00f1\u00eda si hubieran tenido tanto \u00e9xito. Pero <strong>vendieron lo suficiente (unos cinco millones de copias) como para tirarse a la piscina del sexo, drogas y rock&#8217;n&#8217;roll<\/strong> con los ojos cerrados.<\/p>\n<p class=\"voc-p\" style=\"\">Formados en 1985 en Los \u00c1ngeles, Jane&#8217;s Addiction <strong>fueron clave en la creaci\u00f3n de lo que vino a llamarse rock alternativo<\/strong> con sus dos primeros \u00e1lbumes de estudio, &#8216;Nothing&#8217;s Shocking&#8217; (1988) y &#8216;Ritual de lo Habitual&#8217; (1990), pero enseguida se autosabotearon con conflictos internos agravados por la adicci\u00f3n a la hero\u00edna.<\/p>\n<p class=\"voc-p\" style=\"\">En 1991 se disolvieron y los miembros continuaron con otros proyectos, para volver en una gira de reuni\u00f3n en 2001 que los llev\u00f3 a su tercer \u00e1lbum de estudio, &#8216;Strays&#8217;. <strong>En 2004 volvieron a separarse hasta 2009<\/strong>, cuando la formaci\u00f3n cambi\u00f3 algunos componentes para grabar un \u00faltimo \u00e1lbum titulado &#8216;The Great Escape Artist&#8217;. En 2024 se produjo la primera reuni\u00f3n con miembros originales de la banda desde 2010, pero entonces sucedi\u00f3 el desastre.<\/p>\n<p class=\"voc-p\" style=\"\">Durante su concierto en Boston a mediados de septiembre, Perry Farrell perdi\u00f3 los papales al no escuchar bien su voz por los monitores y agredi\u00f3 sin motivo aparente al guitarrista <a href=\"https:\/\/www.abc.es\/cultura\/musica\/abci-banda-estadounidense-janes-addiction-actuara-cuba-primera-201609070124_noticia.html\" target=\"_blank\" data-voc-vtm-id=\"in-text-traffic\" title=\"Dave Navarro\" data-mrf-link=\"www.abc.es\" rel=\"nofollow noopener\">Dave Navarro<\/a>. El m\u00fasico, que inicialmente trat\u00f3 de detener al cantante, se queda paralizado tras el golpe mientras varios miembros del equipo de gira subieron al escenario para llevarse al vocalista. <\/p>\n<p class=\"voc-title\">Cuarenta a\u00f1os de trayectoria marcados por el caos y las adicciones terminan con la disoluci\u00f3n del grupo<\/p>\n<p class=\"voc-p\" style=\"\">Aquello fue la gota que colm\u00f3 el vaso, y los compa\u00f1eros de Farrell pararon la gira con este comunicado: \u00abDebido a un patr\u00f3n de comportamiento persistente y a los <strong>problemas de salud mental de nuestro cantante Perry Farrell<\/strong>, hemos llegado a la conclusi\u00f3n de que no tenemos m\u00e1s remedio que suspender la gira actual por Estados Unidos. Nuestra preocupaci\u00f3n por su salud y seguridad personal, as\u00ed como por la nuestra, no nos ha dejado otra alternativa. Esperamos que encuentre la ayuda que necesita\u00bb.<\/p>\n<p class=\"voc-p\" style=\"\">En ese momento <strong>el cantante pidi\u00f3 disculpas<\/strong> asegurando que su comportamiento no ten\u00eda excusas y que asum\u00eda toda la responsabilidad de lo ocurrido. Pero para sus compa\u00f1eros ya hab\u00eda sido suficiente.<\/p>\n<p>\nDemanda millonaria\n<\/p>\n<p class=\"voc-p\" style=\"\">De hecho, en julio de este a\u00f1o, Navarro, el bajista Eric Avery y el baterista Stephen Perkins presentaron una demanda de <strong>10 millones de d\u00f3lares contra Farrell<\/strong>, alegando que su ataque \u00abrepetido y no provocado\u00bb en el escenario contra Navarro hab\u00eda causado a la banda p\u00e9rdidas sustanciales, debido a la cancelaci\u00f3n de las fechas de la gira y un \u00e1lbum planeado.<\/p>\n<p class=\"voc-p\" style=\"\">Seis meses despu\u00e9s llega la noticia del fin de la banda. En un comunicado publicado en Instagram el mi\u00e9rcoles, firmado por todos los miembros fundadores salvo Farrell, Jane&#8217;s Addiction anuncian: \u00abNos hemos reunido una \u00faltima vez para resolver nuestras diferencias, <strong>para que el legado de Jane&#8217;s Addiction siga siendo el trabajo que creamos juntos<\/strong>. Ahora miramos hacia el futuro mientras emprendemos nuestros proyectos musicales y creativos por separado. Jane&#8217;s Addiction vivir\u00e1 para siempre en nuestros corazones. Estamos orgullosos de la m\u00fasica que creamos juntos. Vosotros, los fans, sois nuestra raz\u00f3n de ser y siempre os estaremos agradecidos\u00bb.<\/p>\n<p class=\"voc-p\" style=\"\"> Y aludiendo al incidente de septiembre de 2024 dicen: \u00abDespu\u00e9s de ese espect\u00e1culo, sin notificar a Perry, determinamos unilateralmente que ser\u00eda mejor no continuar la gira e hicimos declaraciones inexactas sobre la salud mental de Perry, lo cual lamentamos\u00bb.<\/p>\n<p class=\"voc-p\" style=\"\">Tras este comunicado, Farrell ha vuelto a disculparse, aunque <strong>ya no hay vuelta atr\u00e1s<\/strong>: \u00abLo he reflexionado y s\u00e9 que no me comport\u00e9 como deb\u00eda. Pido disculpas a nuestros asistentes y a mis compa\u00f1eros de banda por perder los estribos y por interrumpir el concierto. Jane&#8217;s Addiction ha sido el centro de mi vida durante d\u00e9cadas. La banda, las canciones, los asistentes y el impacto que hemos tenido en la m\u00fasica y la cultura significan m\u00e1s para m\u00ed que cualquier palabra que pueda escribir. Mi objetivo siempre ha sido ofrecer a nuestro p\u00fablico el mejor espect\u00e1culo posible, algo real, honesto y positivo. En Boston, no lo logramos, y lamento profundamente a todos los afectados\u00bb.<\/p>\n<p class=\"voc-p\" style=\"\">De esta manera, a pesar de que su \u00faltimo concierto quedar\u00e1 en el recuerdo por la agresi\u00f3n de Farrell, parece que al menos han conseguido despedirse de forma m\u00ednimamente amistosa aunque queda por saber si la demanda judicial seguir\u00e1 adelante, cosa que no aclaran en el comunicado de despedida. Si alg\u00fan d\u00eda volver\u00e1n a juntarse de nuevo en el futuro, es algo que seguramente solo una oferta millonaria podr\u00e1 determinar. Pero tal como asegura la prensa estadounidense, todo apunta a que esto es el fin de Jane&#8217;s Addiction.<\/p>\n","protected":false},"excerpt":{"rendered":"Un cr\u00edtico musical de cuyo nombre no puedo acordarme dijo una vez que, si no hubiesen existido los&hellip;\n","protected":false},"author":2,"featured_media":295726,"comment_status":"","ping_status":"","sticky":false,"template":"","format":"standard","meta":{"footnotes":""},"categories":[170],"tags":[26744,6618,12554,8767,146,147,25,24,1058,100,70563,184,185,1273,12704,23,25838],"class_list":{"0":"post-295725","1":"post","2":"type-post","3":"status-publish","4":"format-standard","5":"has-post-thumbnail","7":"category-musica","8":"tag-addiction","9":"tag-anuncian","10":"tag-clave","11":"tag-definitiva","12":"tag-entertainment","13":"tag-entretenimiento","14":"tag-es","15":"tag-espana","16":"tag-final","17":"tag-grupo","18":"tag-janes","19":"tag-music","20":"tag-musica","21":"tag-rock","22":"tag-separacion","23":"tag-spain","24":"tag-turbulento"},"share_on_mastodon":{"url":"https:\/\/pubeurope.com\/@es\/115745162809536702","error":""},"_links":{"self":[{"href":"https:\/\/www.europesays.com\/es\/wp-json\/wp\/v2\/posts\/295725","targetHints":{"allow":["GET"]}}],"collection":[{"href":"https:\/\/www.europesays.com\/es\/wp-json\/wp\/v2\/posts"}],"about":[{"href":"https:\/\/www.europesays.com\/es\/wp-json\/wp\/v2\/types\/post"}],"author":[{"embeddable":true,"href":"https:\/\/www.europesays.com\/es\/wp-json\/wp\/v2\/users\/2"}],"replies":[{"embeddable":true,"href":"https:\/\/www.europesays.com\/es\/wp-json\/wp\/v2\/comments?post=295725"}],"version-history":[{"count":0,"href":"https:\/\/www.europesays.com\/es\/wp-json\/wp\/v2\/posts\/295725\/revisions"}],"wp:featuredmedia":[{"embeddable":true,"href":"https:\/\/www.europesays.com\/es\/wp-json\/wp\/v2\/media\/295726"}],"wp:attachment":[{"href":"https:\/\/www.europesays.com\/es\/wp-json\/wp\/v2\/media?parent=295725"}],"wp:term":[{"taxonomy":"category","embeddable":true,"href":"https:\/\/www.europesays.com\/es\/wp-json\/wp\/v2\/categories?post=295725"},{"taxonomy":"post_tag","embeddable":true,"href":"https:\/\/www.europesays.com\/es\/wp-json\/wp\/v2\/tags?post=295725"}],"curies":[{"name":"wp","href":"https:\/\/api.w.org\/{rel}","templated":true}]}}