{"id":295731,"date":"2025-12-19T07:59:10","date_gmt":"2025-12-19T07:59:10","guid":{"rendered":"https:\/\/www.europesays.com\/es\/295731\/"},"modified":"2025-12-19T07:59:10","modified_gmt":"2025-12-19T07:59:10","slug":"la-gripe-desplaza-por-completo-a-la-covid-en-extremadura-y-reduce-su-tasa-de-contagios-a-cero","status":"publish","type":"post","link":"https:\/\/www.europesays.com\/es\/295731\/","title":{"rendered":"La gripe desplaza por completo a la covid en Extremadura y reduce su tasa de contagios a cero"},"content":{"rendered":"<p>La <a href=\"https:\/\/www.hoy.es\/extremadura\/medicos-avisan-extremadura-atraviesa-mayor-ola-gripe-20251217190012-nt.html\" target=\"_self\" data-voc-vtm-id=\"in-text-traffic\" title=\"gripe\" data-mrf-link=\"www.hoy.es\" rel=\"nofollow noopener\">gripe<\/a> es la infecci\u00f3n respiratoria que m\u00e1s preocupa en Extremadura en esta temporada. De hecho, sus contagios han desplazado por completo a la  &#8230; covid, cuya tasa se ha reducido a cero durante varias semanas, seg\u00fan el Sistema de Vigilancia Centinela en la regi\u00f3n.<\/p>\n<p class=\"v-p\">Mientras que el virus gripal se sit\u00faa en 118 casos por cada cien mil habitantes, un nivel elevado para esta \u00e9poca del a\u00f1o y que no se recordaba as\u00ed desde hace una d\u00e9cada, la incidencia de covid en atenci\u00f3n primaria y tambi\u00e9n por ingresos es cero. <\/p>\n<p class=\"v-p\">Eso no quiere decir que no haya ning\u00fan contagio por coronavirus. \u00abLa incidencia de covid es muy baja, pero el virus sigue circulando. Estamos casi todos vacunados, dos y tres veces, y nos hemos infectado. La inmunidad est\u00e1 muy extendida y, como sucede con los coronavirus de transmisi\u00f3n estacional, est\u00e1 siendo ya como un catarro, aunque tambi\u00e9n hay gente vulnerable que sigue muriendo\u00bb, explica el vir\u00f3logo de origen extreme\u00f1o y catedr\u00e1tico de Microbiolog\u00eda de la Universidad Aut\u00f3noma de Madrid, Jos\u00e9 Antonio L\u00f3pez, sobre una enfermedad que hace cinco a\u00f1os y medio paraliz\u00f3 el mundo.<\/p>\n<p class=\"v-p\">\u00abMuchas veces se desplaza un virus y es ocupado por otro. Es lo que pas\u00f3 con el covid, que desplaz\u00f3 al virus respiratorio sincitial, y cuando el coronavirus fue decayendo, regres\u00f3 el VRS. Ahora se est\u00e1 dando la misma situaci\u00f3n, pero hacia la gripe\u00bb, indica Mois\u00e9s Zambrano, jefe de Pediatr\u00eda del Hospital San Pedro de Alc\u00e1ntara de C\u00e1ceres. <\/p>\n<p class=\"v-p\">Precisamente, en la planta que \u00e9l dirige, esta semana han tenido a diez <a href=\"https:\/\/www.hoy.es\/extremadura\/vacunacion-tarde-gripe-extremadura-atrae-pocos-ninos-20251218191106-nt.html\" title=\"Ni\u00f1os ingresados\" data-voc-vtm-id=\"in-text-traffic\" data-mrf-link=\"www.hoy.es\" rel=\"nofollow noopener\" target=\"_blank\">ni\u00f1os ingresados<\/a> por infecciones respiratorias. La mayor\u00eda son por gripe, aunque tambi\u00e9n por casos de VRS, la patolog\u00eda que provoca la muchas de las bronquiolitis en menores. Desde hace dos a\u00f1os el SES administra una profilaxis que funciona, pero se siguen produciendo casos. En la semana del 8 al 14 de diciembre la tasa de VRS en atenci\u00f3n primaria se sit\u00faa en 18 casos por 100.000 habitantes y los ingresos en 0,94.<\/p>\n<p class=\"v-p\">Son muchos m\u00e1s los que se producen por gripe, que actualmente registra 12 ingresos por cada cien mil habitantes, lo que supone un incremento del 50% respecto a la semana anterior. <\/p>\n<p class=\"v-p\">La incidencia de gripe en atenci\u00f3n primaria, sin embargo, ha bajado levemente (de 120 a 118). Por tanto la situaci\u00f3n epidemiol\u00f3gica en cuento a la transmisi\u00f3n del virus en Extremadura no cambia significativamente, con lo que desde el SES se siguen manteniendo las mismas recomendaciones.<\/p>\n<p>Mascarilla<\/p>\n<p class=\"v-p\">Eso es el <a href=\"https:\/\/www.hoy.es\/extremadura\/ses-eleva-nivel-riesgo-gripe-recomienda-mascarilla-20251212182315-nt.html\" target=\"_self\" data-voc-vtm-id=\"in-text-traffic\" title=\"uso de la mascarilla\" data-mrf-link=\"www.hoy.es\" rel=\"nofollow noopener\">uso de la mascarilla<\/a> a todos los extreme\u00f1os que accedan a centros sanitarios y sociosanitarios, una situaci\u00f3n que se mantiene desde hace una semana, cuando la la consejera de Salud, Sara Garc\u00eda Espada, lo anunci\u00f3. Antes era solo aconsejable para personas que tuvieran s\u00edntomas respiratorios. <\/p>\n<p class=\"v-p\">Por tanto, Extremadura sigue estando del nivel dos de los cuatro escenarios posibles que pactaron las comunidades aut\u00f3nomas con el Ministerio de Sanidad para poner en marcha medidas. <\/p>\n<p class=\"v-p\">Ante eso, refuerza la vacunaci\u00f3n y el Servicio Extreme\u00f1o de Salud ha habilitado este jueves puntos para administrar dosis por la tarde y sin cita previa. Hace hincapi\u00e9 en vacunar los ni\u00f1os, que aunque ha mejorado su cobertura, se sit\u00faa solo en el 40%.<\/p>\n<p class=\"v-p\">Eso poco teniendo en cuenta que los m\u00e9dicos extreme\u00f1os ya han avisado de que \u00abestamos ante la mayor ola de gripe de los \u00faltimos a\u00f1os en estas fechas\u00bb. Los casos han llegado antes, se contagian m\u00e1s r\u00e1pido y lo peor est\u00e1 por venir. Eso s\u00ed, la gravedad es similar a la de temporadas anteriores. <\/p>\n<p class=\"v-p\">La raz\u00f3n, seg\u00fan los facultativos, podr\u00eda estar en la mutaci\u00f3n del virus, el subclado K del virus A (H3N2), que se detect\u00f3 en primavera en pa\u00edses de la UE, un hecho del que tambi\u00e9n ha alertado el Centro Europeo para la Prevenci\u00f3n y Control de Enfermedades.<\/p>\n<p class=\"v-p\">En cualquier caso, la situaci\u00f3n en Extremadura es mejor que en el resto del pa\u00eds, donde la incidencia de la media nacional por gripe se sit\u00faa en 195 casos por cada cien mil habitantes. Adem\u00e1s, si se tiene en cuenta las tres infecciones respiratorias (gripe, cocid y VRS), la tasa de esta comunidad aut\u00f3noma es la m\u00e1s baja, con 253 y muy alejada de territorios como Madrid, Catalu\u00f1a, Comunidad Valenciana y Murcia, donde se superan los 1.000.<\/p>\n","protected":false},"excerpt":{"rendered":"La gripe es la infecci\u00f3n respiratoria que m\u00e1s preocupa en Extremadura en esta temporada. De hecho, sus contagios&hellip;\n","protected":false},"author":2,"featured_media":295732,"comment_status":"","ping_status":"","sticky":false,"template":"","format":"standard","meta":{"footnotes":""},"categories":[92],"tags":[3145,4399,23295,2270,58655,25,24,7234,7749,165,3385,166,23,7816],"class_list":{"0":"post-295731","1":"post","2":"type-post","3":"status-publish","4":"format-standard","5":"has-post-thumbnail","7":"category-salud","8":"tag-cero","9":"tag-completo","10":"tag-contagios","11":"tag-covid","12":"tag-desplaza","13":"tag-es","14":"tag-espana","15":"tag-extremadura","16":"tag-gripe","17":"tag-health","18":"tag-reduce","19":"tag-salud","20":"tag-spain","21":"tag-tasa"},"share_on_mastodon":{"url":"https:\/\/pubeurope.com\/@es\/115745178559089062","error":""},"_links":{"self":[{"href":"https:\/\/www.europesays.com\/es\/wp-json\/wp\/v2\/posts\/295731","targetHints":{"allow":["GET"]}}],"collection":[{"href":"https:\/\/www.europesays.com\/es\/wp-json\/wp\/v2\/posts"}],"about":[{"href":"https:\/\/www.europesays.com\/es\/wp-json\/wp\/v2\/types\/post"}],"author":[{"embeddable":true,"href":"https:\/\/www.europesays.com\/es\/wp-json\/wp\/v2\/users\/2"}],"replies":[{"embeddable":true,"href":"https:\/\/www.europesays.com\/es\/wp-json\/wp\/v2\/comments?post=295731"}],"version-history":[{"count":0,"href":"https:\/\/www.europesays.com\/es\/wp-json\/wp\/v2\/posts\/295731\/revisions"}],"wp:featuredmedia":[{"embeddable":true,"href":"https:\/\/www.europesays.com\/es\/wp-json\/wp\/v2\/media\/295732"}],"wp:attachment":[{"href":"https:\/\/www.europesays.com\/es\/wp-json\/wp\/v2\/media?parent=295731"}],"wp:term":[{"taxonomy":"category","embeddable":true,"href":"https:\/\/www.europesays.com\/es\/wp-json\/wp\/v2\/categories?post=295731"},{"taxonomy":"post_tag","embeddable":true,"href":"https:\/\/www.europesays.com\/es\/wp-json\/wp\/v2\/tags?post=295731"}],"curies":[{"name":"wp","href":"https:\/\/api.w.org\/{rel}","templated":true}]}}