{"id":295733,"date":"2025-12-19T08:00:10","date_gmt":"2025-12-19T08:00:10","guid":{"rendered":"https:\/\/www.europesays.com\/es\/295733\/"},"modified":"2025-12-19T08:00:10","modified_gmt":"2025-12-19T08:00:10","slug":"el-sotano-brighton64-despedida-y-cierre","status":"publish","type":"post","link":"https:\/\/www.europesays.com\/es\/295733\/","title":{"rendered":"El s\u00f3tano &#8211; Brighton\u201964; despedida y cierre"},"content":{"rendered":"<p>              <strong>TP<\/strong><\/p>\n<p>En 2026 Brighton\u201964 cumplir\u00e1n 45 a\u00f1os desde su formaci\u00f3n y pondr\u00e1n fin a su trayectoria. Charlamos con Albert y Ricky Gil, los hermanos que lideran a estos adalides de la escena mod ib\u00e9rica. Presentar\u00e1n su \u00faltimo \u00e1lbum, \u201cSe traspasa\u201d (B-Core), en su gira de despedida.<\/p>\n<p>Playlist;<\/p>\n<p>BRIGHTON\u201964 \u201cLa pr\u00f3xima vez\u201d<\/p>\n<p>BRIGHTON\u201964 \u201c2024\u201d<\/p>\n<p>BRIGHTON\u201964 \u201cHemos tenido suerte\u201d<\/p>\n<p>BRIGHTON\u201964 \u201cCulo veo, culo quiero\u201d<\/p>\n<p>BRIGHTON\u201964 \u201cLennon nunca estuvo aqu\u00ed\u201d<\/p>\n<p>BRIGHTON\u201964 \u201cJuguete roto\u201d<\/p>\n","protected":false},"excerpt":{"rendered":"TP En 2026 Brighton\u201964 cumplir\u00e1n 45 a\u00f1os desde su formaci\u00f3n y pondr\u00e1n fin a su trayectoria. Charlamos con&hellip;\n","protected":false},"author":2,"featured_media":295734,"comment_status":"","ping_status":"","sticky":false,"template":"","format":"standard","meta":{"footnotes":""},"categories":[91],"tags":[70565,10860,146,147,25,24,133,1448,1986,1987,23],"class_list":{"0":"post-295733","1":"post","2":"type-post","3":"status-publish","4":"format-standard","5":"has-post-thumbnail","7":"category-entretenimiento","8":"tag-brighton64-despedida-y-cierre","9":"tag-el-sotano","10":"tag-entertainment","11":"tag-entretenimiento","12":"tag-es","13":"tag-espana","14":"tag-online","15":"tag-radio","16":"tag-rne","17":"tag-rtve-play","18":"tag-spain"},"share_on_mastodon":{"url":"https:\/\/pubeurope.com\/@es\/115745182533635708","error":""},"_links":{"self":[{"href":"https:\/\/www.europesays.com\/es\/wp-json\/wp\/v2\/posts\/295733","targetHints":{"allow":["GET"]}}],"collection":[{"href":"https:\/\/www.europesays.com\/es\/wp-json\/wp\/v2\/posts"}],"about":[{"href":"https:\/\/www.europesays.com\/es\/wp-json\/wp\/v2\/types\/post"}],"author":[{"embeddable":true,"href":"https:\/\/www.europesays.com\/es\/wp-json\/wp\/v2\/users\/2"}],"replies":[{"embeddable":true,"href":"https:\/\/www.europesays.com\/es\/wp-json\/wp\/v2\/comments?post=295733"}],"version-history":[{"count":0,"href":"https:\/\/www.europesays.com\/es\/wp-json\/wp\/v2\/posts\/295733\/revisions"}],"wp:featuredmedia":[{"embeddable":true,"href":"https:\/\/www.europesays.com\/es\/wp-json\/wp\/v2\/media\/295734"}],"wp:attachment":[{"href":"https:\/\/www.europesays.com\/es\/wp-json\/wp\/v2\/media?parent=295733"}],"wp:term":[{"taxonomy":"category","embeddable":true,"href":"https:\/\/www.europesays.com\/es\/wp-json\/wp\/v2\/categories?post=295733"},{"taxonomy":"post_tag","embeddable":true,"href":"https:\/\/www.europesays.com\/es\/wp-json\/wp\/v2\/tags?post=295733"}],"curies":[{"name":"wp","href":"https:\/\/api.w.org\/{rel}","templated":true}]}}