{"id":295756,"date":"2025-12-19T08:27:09","date_gmt":"2025-12-19T08:27:09","guid":{"rendered":"https:\/\/www.europesays.com\/es\/295756\/"},"modified":"2025-12-19T08:27:09","modified_gmt":"2025-12-19T08:27:09","slug":"star-wars-da-una-buena-noticia-sobre-una-de-sus-proximas-peliculas-terminamos","status":"publish","type":"post","link":"https:\/\/www.europesays.com\/es\/295756\/","title":{"rendered":"\u2018Star Wars\u2019 da una buena noticia sobre una de sus pr\u00f3ximas pel\u00edculas: \u201c\u00a1Terminamos!\u00bb"},"content":{"rendered":"<p class=\"\">Desde 2019, la saga \u2018Star Wars\u2019 no ha vuelto a los cines. El final de la trilog\u00eda de secuelas marc\u00f3 el inicio de una etapa de reestructuraci\u00f3n en la que Lucasfilm se centr\u00f3 en series para Disney+. Sin embargo, <b>\u2018The Mandalorian &amp; Grogu\u2019 abrir\u00e1 de nuevo el camino hacia las salas de cine<\/b>. A falta de medio a\u00f1o para su estreno, otro de los proyectos cinematogr\u00e1ficos avanza a buen ritmo.<\/p>\n<p class=\"\">Shawn Levy, director de \u2018Star Wars Starfighter\u2019, ha confirmado en Instagram que el rodaje de la pel\u00edcula ya ha concluido. <b>\u201cHemos terminado, me dirijo a la postproducci\u00f3n de esta forma&#8230;\u201d.<\/b> En la imagen que acompa\u00f1a la publicaci\u00f3n, se puede ver al propio Levy corriendo en lo que parece ser uno de los sets de la pel\u00edcula.<\/p>\n<p>Varios a\u00f1os despu\u00e9s de las secuelas<\/p>\n<p class=\"\">Protagonizada por Ryan Gosling, Flynn Gray, Amy Adams y Matt Smith,<b> el rodaje de \u2018Star Wars: Starfighter\u2019 comenz\u00f3 el pasado mes de septiembre<\/b>, por lo que se ha prolongado durante aproximadamente tres meses. Lucasfilm todav\u00eda no ha desvelado nada sobre la trama, aunque se sabe que transcurre unos cinco a\u00f1os despu\u00e9s del final de las secuelas. Matt Smith, que encarna a uno de los villanos, coment\u00f3 hace unos d\u00edas que hab\u00eda terminado de rodar sus escenas.<\/p>\n<p class=\"\">\u2018Star Wars: Starfighter\u2019 llegar\u00e1 a los cines un a\u00f1o despu\u00e9s de que lo haga \u2018The Mandalorian &amp; Grogu\u2019, prevista para el 22 de mayo de 2026. La pel\u00edcula de Levy debutar\u00e1<b> el pr\u00f3ximo 28 de mayo de 2027<\/b>, si no hay cambios en el calendario.<\/p>\n<p>Noticias relacionadas<\/p>\n<p class=\"\">Suscr\u00edbete al <a href=\"https:\/\/www.youtube.com\/@meristation\" target=\"_self\" rel=\"nofollow noopener\" title=\"https:\/\/www.youtube.com\/@meristation\">canal de MeriStation en YouTube<\/a>, tu web de videojuegos y entretenimiento para conocer todas las noticias y novedades sobre el mundo del videojuego, cine, series, manga y anime. An\u00e1lisis, entrevistas, tr\u00e1ileres, gameplays, p\u00f3dcast y mucho m\u00e1s. Tambi\u00e9n te animamos a seguir <a href=\"https:\/\/www.tiktok.com\/@meristation\" rel=\"nofollow noopener\" title=\"https:\/\/www.tiktok.com\/@meristation\" target=\"_blank\">nuestra cuenta de TikTok<\/a>. <\/p>\n<p class=\"\">\u00a1S\u00edguenos en ambas y, si est\u00e1s interesado en licenciar este contenido, pincha <a href=\"https:\/\/profesional.elpais.com\/soluciones-sindicacion?utm_medium=interno&amp;utm_source=crosslinking&amp;utm_campaign=sindicacion_as_pie_articulos\" target=\"_blank\" rel=\"nofollow noopener\" title=\"https:\/\/profesional.elpais.com\/soluciones-sindicacion?utm_medium=interno&amp;utm_source=crosslinking&amp;utm_campaign=sindicacion_as_pie_articulos\">aqu\u00ed<\/a>!<\/p>\n<p><script async src=\"\/\/www.tiktok.com\/embed.js\"><\/script><\/p>\n","protected":false},"excerpt":{"rendered":"Desde 2019, la saga \u2018Star Wars\u2019 no ha vuelto a los cines. El final de la trilog\u00eda de&hellip;\n","protected":false},"author":2,"featured_media":295757,"comment_status":"","ping_status":"","sticky":false,"template":"","format":"standard","meta":{"footnotes":""},"categories":[169],"tags":[177,146,147,25,24,176,175,23],"class_list":{"0":"post-295756","1":"post","2":"type-post","3":"status-publish","4":"format-standard","5":"has-post-thumbnail","7":"category-cine","8":"tag-cine","9":"tag-entertainment","10":"tag-entretenimiento","11":"tag-es","12":"tag-espana","13":"tag-film","14":"tag-movies","15":"tag-spain"},"share_on_mastodon":{"url":"https:\/\/pubeurope.com\/@es\/115745288743787239","error":""},"_links":{"self":[{"href":"https:\/\/www.europesays.com\/es\/wp-json\/wp\/v2\/posts\/295756","targetHints":{"allow":["GET"]}}],"collection":[{"href":"https:\/\/www.europesays.com\/es\/wp-json\/wp\/v2\/posts"}],"about":[{"href":"https:\/\/www.europesays.com\/es\/wp-json\/wp\/v2\/types\/post"}],"author":[{"embeddable":true,"href":"https:\/\/www.europesays.com\/es\/wp-json\/wp\/v2\/users\/2"}],"replies":[{"embeddable":true,"href":"https:\/\/www.europesays.com\/es\/wp-json\/wp\/v2\/comments?post=295756"}],"version-history":[{"count":0,"href":"https:\/\/www.europesays.com\/es\/wp-json\/wp\/v2\/posts\/295756\/revisions"}],"wp:featuredmedia":[{"embeddable":true,"href":"https:\/\/www.europesays.com\/es\/wp-json\/wp\/v2\/media\/295757"}],"wp:attachment":[{"href":"https:\/\/www.europesays.com\/es\/wp-json\/wp\/v2\/media?parent=295756"}],"wp:term":[{"taxonomy":"category","embeddable":true,"href":"https:\/\/www.europesays.com\/es\/wp-json\/wp\/v2\/categories?post=295756"},{"taxonomy":"post_tag","embeddable":true,"href":"https:\/\/www.europesays.com\/es\/wp-json\/wp\/v2\/tags?post=295756"}],"curies":[{"name":"wp","href":"https:\/\/api.w.org\/{rel}","templated":true}]}}