{"id":295762,"date":"2025-12-19T08:31:13","date_gmt":"2025-12-19T08:31:13","guid":{"rendered":"https:\/\/www.europesays.com\/es\/295762\/"},"modified":"2025-12-19T08:31:13","modified_gmt":"2025-12-19T08:31:13","slug":"danza-el-amor-y-entre-maguas-xiv-festival-de-danza-canarias-dentro-y-fuera-museos-de-tenerife","status":"publish","type":"post","link":"https:\/\/www.europesays.com\/es\/295762\/","title":{"rendered":"Danza: \u00abEl amor\u00bb y \u00abEntre maguas\u00bb. XIV Festival de danza Canarias dentro y fuera &#8211; Museos de Tenerife"},"content":{"rendered":"<p>Festival de danza contempor\u00e1nea<\/p>\n<p>Como cada a\u00f1o por estas fechas, llega a Santa Cruz de Tenerife el 23\u00ba Festival de Danza Canarias dentro y fuera. Del 26 al 30 de diciembre 2024, los teatros, calles y espacios culturales de la ciudad vuelven a acoger el trabajo creado e interpretado por artistas de la danza del archipi\u00e9lago. Un evento impulsado por Roberto Torres y el emblem\u00e1tico Teatro Victoria, con sitio para la danza contempor\u00e1nea, la cl\u00e1sica, los estilos urbanos, la performance y multitud de formas art\u00edsticas vinculadas a las artes en movimiento.<\/p>\n<p>Canarias dentro y fuera viene desarrollando intercambios con festivales ubicados en diferentes archipi\u00e9lagos, tanto nacionales como internacionales. De esta forma, el p\u00fablico tinerfe\u00f1o tiene la oportunidad de presenciar en el mismo festival a compa\u00f1\u00edas provenientes de las diferentes islas canarias, pero tambi\u00e9n de otros rincones del mundo como C\u00f3rcega, Cabo Verde, Irlanda o Chipre.<\/p>\n<p>Tras 23 a\u00f1os, el Festival de danza Canarias dentro y fuera ha pasado a convertirse en toda una plataforma de impulso de las artistas de la danza de Canarias. Es una excelente oportunidad para conocer el extenso panorama art\u00edstico de las Islas, con propuestas que van de estilos como la danza contempor\u00e1nea al ballet cl\u00e1sico, el flamenco, las danzas urbanas o la performance.<\/p>\n<p>El evento tambi\u00e9n se ocupa de unir, sobre los mismos espacios y escenarios, a las generaciones de artistas veteranos y consagrados con las nuevas; y, sobre todo, se convierte el punto de encuentro anual entre las creadoras e int\u00e9rpretes de Canarias que desarrollan su labor fuera del archipi\u00e9lago, con las que han encontrado su reducto art\u00edstico dentro de las islas.<\/p>\n","protected":false},"excerpt":{"rendered":"Festival de danza contempor\u00e1nea Como cada a\u00f1o por estas fechas, llega a Santa Cruz de Tenerife el 23\u00ba&hellip;\n","protected":false},"author":2,"featured_media":295763,"comment_status":"","ping_status":"","sticky":false,"template":"","format":"standard","meta":{"footnotes":""},"categories":[91],"tags":[146,147,25,24,23],"class_list":{"0":"post-295762","1":"post","2":"type-post","3":"status-publish","4":"format-standard","5":"has-post-thumbnail","7":"category-entretenimiento","8":"tag-entertainment","9":"tag-entretenimiento","10":"tag-es","11":"tag-espana","12":"tag-spain"},"share_on_mastodon":{"url":"","error":""},"_links":{"self":[{"href":"https:\/\/www.europesays.com\/es\/wp-json\/wp\/v2\/posts\/295762","targetHints":{"allow":["GET"]}}],"collection":[{"href":"https:\/\/www.europesays.com\/es\/wp-json\/wp\/v2\/posts"}],"about":[{"href":"https:\/\/www.europesays.com\/es\/wp-json\/wp\/v2\/types\/post"}],"author":[{"embeddable":true,"href":"https:\/\/www.europesays.com\/es\/wp-json\/wp\/v2\/users\/2"}],"replies":[{"embeddable":true,"href":"https:\/\/www.europesays.com\/es\/wp-json\/wp\/v2\/comments?post=295762"}],"version-history":[{"count":0,"href":"https:\/\/www.europesays.com\/es\/wp-json\/wp\/v2\/posts\/295762\/revisions"}],"wp:featuredmedia":[{"embeddable":true,"href":"https:\/\/www.europesays.com\/es\/wp-json\/wp\/v2\/media\/295763"}],"wp:attachment":[{"href":"https:\/\/www.europesays.com\/es\/wp-json\/wp\/v2\/media?parent=295762"}],"wp:term":[{"taxonomy":"category","embeddable":true,"href":"https:\/\/www.europesays.com\/es\/wp-json\/wp\/v2\/categories?post=295762"},{"taxonomy":"post_tag","embeddable":true,"href":"https:\/\/www.europesays.com\/es\/wp-json\/wp\/v2\/tags?post=295762"}],"curies":[{"name":"wp","href":"https:\/\/api.w.org\/{rel}","templated":true}]}}