{"id":295827,"date":"2025-12-19T09:24:12","date_gmt":"2025-12-19T09:24:12","guid":{"rendered":"https:\/\/www.europesays.com\/es\/295827\/"},"modified":"2025-12-19T09:24:12","modified_gmt":"2025-12-19T09:24:12","slug":"habra-que-ser-rapidos-si-queremos-un-iphone-plegable-kuo-ya-predice-escasez-ante-la-alta-demanda-que-espera-apple","status":"publish","type":"post","link":"https:\/\/www.europesays.com\/es\/295827\/","title":{"rendered":"Habr\u00e1 que ser r\u00e1pidos si queremos un iPhone plegable. Kuo ya predice escasez ante la alta demanda que espera Apple"},"content":{"rendered":"<p>Llega septiembre de 2026 y Apple presenta su flamante primer <a class=\"text-outboundlink\" href=\"https:\/\/www.applesfera.com\/nuevo\/nuevo-apple-iphone-plegable-informacion\" data-vars-post-title=\"Nuevo iPhone plegable - Todo lo que creemos saber sobre \u00e9l\" data-vars-post-url=\"https:\/\/www.applesfera.com\/nuevo\/nuevo-apple-iphone-plegable-informacion\" rel=\"nofollow noopener\" target=\"_blank\">iPhone plegable<\/a>. Y t\u00fa lo quieres. Lo deseas. Lo necesitas. Te mueres de ganas de tener ese iPhone plegable. Pero entonces vas a una <a class=\"text-outboundlink\" href=\"https:\/\/www.applesfera.com\/nuevo\/tengo-apple-store-cerca-estas-todas-tiendas-oficiales-marca-espana\" data-vars-post-title=\"\u00bfTengo una Apple Store cerca? Estas son todas las tiendas oficiales de la marca en Espa\u00f1a\" data-vars-post-url=\"https:\/\/www.applesfera.com\/nuevo\/tengo-apple-store-cerca-estas-todas-tiendas-oficiales-marca-espana\" rel=\"nofollow noopener\" target=\"_blank\">Apple Store<\/a> y te dicen aquello de \u00abespera sentado\u00bb, aunque no literalmente, ya que se han quedado sin stock hasta 2027.<\/p>\n<p>No es una situaci\u00f3n que se haya dado a\u00fan por una cuesti\u00f3n de tiempo, pero <strong>es probable que ocurra debido a las demoras previstas <\/strong>en la producci\u00f3n y stock del nuevo foldable de Apple que ya lleva a\u00f1os rumore\u00e1ndose y que, ahora s\u00ed, seg\u00fan todos los filtradores, se sabe que llegar\u00e1 el a\u00f1o que viene. El problema estar\u00e1 en su alta demanda. O eso se prev\u00e9.<\/p>\n<p>Un iPhone plegable \u00abal estilo iPhone X\u00bb<\/p>\n<p>La pasada semana supimos que <a class=\"text-outboundlink\" href=\"https:\/\/www.applesfera.com\/rumores\/2026-sera-ano-moviles-plegables-expertos-preven-responsable-iphone-plegable\" data-vars-post-title=\"Apple cree que se vender\u00e1n al menos 11 millones de iPhone plegables. Y hay razones para pensar que ser\u00e1 un \u00e9xito\" data-vars-post-url=\"https:\/\/www.applesfera.com\/rumores\/2026-sera-ano-moviles-plegables-expertos-preven-responsable-iphone-plegable\" rel=\"nofollow noopener\" target=\"_blank\">Apple hab\u00eda encargado ya 22 paneles OLED a sus proveedores<\/a> con el fin de construir <strong>11 millones de iPhone plegables en 2026<\/strong>. Es lo m\u00ednimo que estiman que se vender\u00e1 en el periodo de septiembre a diciembre.<\/p>\n<p>                   <img class=\"centro_sinmarco\" height=\"900\" width=\"1350\" loading=\"lazy\" decoding=\"async\"  fetchpriority=\"high\"  src=\"https:\/\/i.blogs.es\/5529fb\/tamanos\/450_1000.webp\" alt=\"Tamanos\" onerror=\"this.src=\" https:=\"\" false=\"\"\/><\/p>\n<p>        Tama\u00f1os de pantalla filtrados del iPhone plegable (Imagen: <a href=\"https:\/\/x.com\/theapplehub\/status\/2001068768840081524\/\" rel=\"nofollow\">AppleHub en X<\/a>)<\/p>\n<p>Sin embargo, en una reciente entrevista, el analista Ming-Chi Kuo <a rel=\"noopener, noreferrer nofollow\" href=\"https:\/\/mingchikuo.craft.me\/iL4L5hcO7csXvK\" target=\"_blank\">afirma<\/a> que, aunque las intenciones de Apple siguen estando en lanzar el iPhone plegable en el \u00a0\u00faltimo trimestre de 2026, <strong>la producci\u00f3n ser\u00e1 m\u00e1s lenta que con el resto de iPhone <\/strong>debido a los \u00abdesaf\u00edos iniciales de rendimiento\u00bb.<\/p>\n<p>De acuerdo a anteriores filtraciones, y m\u00e1s all\u00e1 de la particularidad de ser un terminal plegable, este nuevo dispositivo de Apple contar\u00e1 con <a class=\"text-outboundlink\" href=\"https:\/\/www.applesfera.com\/rumores\/apple-ha-resuelto-gran-problema-arruga-iphone-plegable-filtraciones-firma-financiera-preve-su-precio\" data-vars-post-title=\"Apple ya ha resuelto el gran problema de la arruga en el iPhone plegable, seg\u00fan una filtraci\u00f3n. Y una firma financiera ya prev\u00e9 su precio\" data-vars-post-url=\"https:\/\/www.applesfera.com\/rumores\/apple-ha-resuelto-gran-problema-arruga-iphone-plegable-filtraciones-firma-financiera-preve-su-precio\" rel=\"nofollow noopener\" target=\"_blank\">un sistema de bisagra mejorado respecto a la competencia<\/a>. Este le otorgar\u00e1 una mayor resistencia y har\u00e1 que se note menos la arruga central (de hecho se espera que sea imperceptible a la vista), pero tambi\u00e9n provocar\u00e1 mayores problemas en el proceso de producci\u00f3n.<\/p>\n<p>    <a href=\"https:\/\/www.applesfera.com\/ios\/puedes-adelantarte-a-primera-actualizacion-2026-apple-lanza-beta-publica-ios-26-3-estas-novedades\" class=\"pivot-outboundlink\" data-vars-post-title=\"Ya puedes adelantarte a la primera actualizaci\u00f3n de 2026: Apple lanza la beta p\u00fablica de iOS 26.3 con estas novedades \" rel=\"nofollow noopener\" target=\"_blank\"><br \/>\n     <img loading=\"lazy\" decoding=\"async\" alt=\"Ya puedes adelantarte a la primera actualizaci\u00f3n de 2026: Apple lanza la beta p\u00fablica de iOS 26.3 con estas novedades \" width=\"375\" height=\"142\" src=\"https:\/\/i.blogs.es\/35a5ed\/ios-26-3-beta\/375_142.webp\" onerror=\"this.src=\" https:=\"\"\/><br \/>\n    <\/a><\/p>\n<p>De hecho, Kuo afirma que podr\u00eda seguir una senda similar a la que recorri\u00f3 en su d\u00eda el <a class=\"text-outboundlink\" href=\"https:\/\/www.applesfera.com\/analisis\/analisis-iphone-x-lujuria-tecnologica\" data-vars-post-title=\"An\u00e1lisis iPhone X, lujuria tecnol\u00f3gica\" data-vars-post-url=\"https:\/\/www.applesfera.com\/analisis\/analisis-iphone-x-lujuria-tecnologica\" rel=\"nofollow noopener\" target=\"_blank\">iPhone X<\/a>. Este se present\u00f3 oficialmente el 12 de septiembre de 2017 junto a los <a class=\"text-outboundlink\" href=\"https:\/\/www.applesfera.com\/analisis\/analisis-iphone-8-plus-el-momento-de-los-nuevos-retos\" data-vars-post-title=\"An\u00e1lisis iPhone 8 Plus, el momento de los nuevos retos\" data-vars-post-url=\"https:\/\/www.applesfera.com\/analisis\/analisis-iphone-8-plus-el-momento-de-los-nuevos-retos\" rel=\"nofollow noopener\" target=\"_blank\">iPhone 8 y 8 Plus<\/a>, pero dados sus problemas de producci\u00f3n, no lleg\u00f3 al mercado hasta el 3 de noviembre de ese a\u00f1o. Y cuando lo hizo, se agot\u00f3 casi al instante haciendo que no hubiese stock suficiente para cubrir la demanda hasta bien entrado el 2018.<\/p>\n<p>No sabemos si los m\u00e1s de 50 d\u00edas entre presentaci\u00f3n y lanzamiento del iPhone X ser\u00e1n aplicables al plegable, pero ya sabemos que no ser\u00e1 extra\u00f1o que ocurra. Y en teor\u00eda tampoco deber\u00eda ser un problema para las cuentas de Apple si tenemos en cuenta que <strong>los iPhone 18 Pro s\u00ed se anunciar\u00e1n y lanzar\u00e1n en septiembre<\/strong>. No as\u00ed el <a class=\"text-outboundlink\" href=\"https:\/\/www.applesfera.com\/nuevo\/apple-iphone-18-informacion\" data-vars-post-title=\"Nuevos iPhone 18 - Todo lo que creemos saber sobre ellos\" data-vars-post-url=\"https:\/\/www.applesfera.com\/nuevo\/apple-iphone-18-informacion\" rel=\"nofollow noopener\" target=\"_blank\">iPhone 18<\/a> b\u00e1sico, el cual ya <a class=\"text-outboundlink\" href=\"https:\/\/www.applesfera.com\/rumores\/apple-quiere-reiniciar-crecimiento-iphone-se-acaban-filtrar-ocho-modelos-que-se-lanzaran-proximos-dos-anos\" data-vars-post-title=\"Apple quiere &quot;reiniciar el crecimiento del iPhone&quot;. Y se acaban de filtrar ocho modelos que se lanzar\u00e1n en los pr\u00f3ximos dos a\u00f1os \" data-vars-post-url=\"https:\/\/www.applesfera.com\/rumores\/apple-quiere-reiniciar-crecimiento-iphone-se-acaban-filtrar-ocho-modelos-que-se-lanzaran-proximos-dos-anos\" rel=\"nofollow noopener\" target=\"_blank\">se espera en la primavera de 2027<\/a>.<\/p>\n<p>El precio no parece un obst\u00e1culo<\/p>\n<p>Ni siquiera hace falta una filtraci\u00f3n para intuir que el precio de un iPhone plegable ser\u00e1 elevado. De serie, ya sabemos que ser\u00e1 m\u00e1s que un <a class=\"text-outboundlink\" href=\"https:\/\/www.applesfera.com\/analisis\/apple-iphone-17-pro-analisis-caracteristicas-precio-especificaciones\" data-vars-post-title=\"iPhone 17 Pro, an\u00e1lisis: potencia, c\u00e1mara de vapor y ocho lentes en el bolsillo. Todo un iPhone Ultra en esencia\" data-vars-post-url=\"https:\/\/www.applesfera.com\/analisis\/apple-iphone-17-pro-analisis-caracteristicas-precio-especificaciones\" rel=\"nofollow noopener\" target=\"_blank\">iPhone 17 Pro Max<\/a>, que actualmente parten de 1.469 euros. Pero s\u00ed, hay filtraciones que adem\u00e1s lo aseguran y todas giran en torno a los <strong>2.000 euros\/d\u00f3lares<\/strong>.<\/p>\n<p>Por poner algo de contexto, el <a class=\"text-outboundlink\" href=\"https:\/\/www.xataka.com\/analisis\/samsung-galaxy-z-fold7-analisis-caracteristicas-precio-especificaciones\" data-vars-post-title=\"Samsung Galaxy Z Fold7, an\u00e1lisis: el truco para ser el mejor plegable era no parecer uno\" data-vars-post-url=\"https:\/\/www.xataka.com\/analisis\/samsung-galaxy-z-fold7-analisis-caracteristicas-precio-especificaciones\" rel=\"nofollow noopener\" target=\"_blank\">Samsung Galaxy Z Fold7<\/a> sali\u00f3 por 2.109 euros o el <a class=\"text-outboundlink\" href=\"https:\/\/www.xataka.com\/analisis\/honor-magic-v5-analisis-review-caracteristicas-precio-especificaciones\" data-vars-post-title=\"Honor Magic V5, an\u00e1lisis: pelea por ser el plegable m\u00e1s delgado del mundo. En c\u00e1maras no tiene rival\" data-vars-post-url=\"https:\/\/www.xataka.com\/analisis\/honor-magic-v5-analisis-review-caracteristicas-precio-especificaciones\" rel=\"nofollow noopener\" target=\"_blank\">Honor Magic V5<\/a> por 1.999 euros. No son productos baratos en ning\u00fan caso, por lo que resulta a\u00fan menos extra\u00f1o pensar que Apple estar\u00e1 por esa l\u00ednea con su flamante plegable.<\/p>\n<p>En cualquiera de los casos, los analistas creen que <strong>habr\u00e1 una alta demanda <\/strong>que, adem\u00e1s, servir\u00e1 para que aumenten las ventas en todo el sector de plegables de otras marcas, el cual ahora apenas <a rel=\"noopener, noreferrer nofollow\" href=\"https:\/\/counterpointresearch.com\/en\/reports\/global-foldable-smartphone-market-analysis-and-insights-q4-2024\" target=\"_blank\">supone un 1,4%<\/a> respecto a los \u00abnormales\u00bb. Y el de Apple, seg\u00fan estudios como <a rel=\"noopener, noreferrer nofollow\" href=\"https:\/\/my.idc.com\/getdoc.jsp?containerId=prUS54017625\" target=\"_blank\">los de IDC<\/a>, podr\u00eda acaparar <strong>un 22% de cuota de ese mercado<\/strong> en su primer a\u00f1o, alcanzando el 34% en 2027.<\/p>\n<p>Imagen de portada | Concepto de 9to5Mac<\/p>\n<p>En Applesfera | <a class=\"text-outboundlink\" href=\"https:\/\/www.applesfera.com\/nuevo\/que-iphone-salio-2016-presentacion-lanzamiento-todos-modelos-todas-fechas\" data-vars-post-title=\"Qu\u00e9 iPhone sali\u00f3 en... Presentaci\u00f3n y lanzamiento de todos los modelos y todas las fechas\" data-vars-post-url=\"https:\/\/www.applesfera.com\/nuevo\/que-iphone-salio-2016-presentacion-lanzamiento-todos-modelos-todas-fechas\" rel=\"nofollow noopener\" target=\"_blank\">Qu\u00e9 iPhone sali\u00f3 en&#8230; Presentaci\u00f3n y lanzamiento de todos los modelos y todas las fechas<\/a><\/p>\n<p>En Applesfera | <a class=\"text-outboundlink\" href=\"https:\/\/www.applesfera.com\/nuevo\/ios-27-informacion\" data-vars-post-title=\"Nuevo iOS 27 - todo lo que creemos saber sobre el futuro sistema operativo para el iPhone\" data-vars-post-url=\"https:\/\/www.applesfera.com\/nuevo\/ios-27-informacion\" rel=\"nofollow noopener\" target=\"_blank\">Nuevo iOS 27 &#8211; todo lo que creemos saber sobre el futuro sistema operativo para el iPhone<\/a><\/p>\n","protected":false},"excerpt":{"rendered":"Llega septiembre de 2026 y Apple presenta su flamante primer iPhone plegable. Y t\u00fa lo quieres. Lo deseas.&hellip;\n","protected":false},"author":2,"featured_media":295828,"comment_status":"","ping_status":"","sticky":false,"template":"","format":"standard","meta":{"footnotes":""},"categories":[81],"tags":[119,123,124,25,24,117,121,122,23,118,120],"class_list":{"0":"post-295827","1":"post","2":"type-post","3":"status-publish","4":"format-standard","5":"has-post-thumbnail","7":"category-ciencia-y-tecnologia","8":"tag-ciencia","9":"tag-ciencia-y-tecnologia","10":"tag-cienciaytecnologia","11":"tag-es","12":"tag-espana","13":"tag-science","14":"tag-science-and-technology","15":"tag-scienceandtechnology","16":"tag-spain","17":"tag-technology","18":"tag-tecnologia"},"share_on_mastodon":{"url":"https:\/\/pubeurope.com\/@es\/115745513265048754","error":""},"_links":{"self":[{"href":"https:\/\/www.europesays.com\/es\/wp-json\/wp\/v2\/posts\/295827","targetHints":{"allow":["GET"]}}],"collection":[{"href":"https:\/\/www.europesays.com\/es\/wp-json\/wp\/v2\/posts"}],"about":[{"href":"https:\/\/www.europesays.com\/es\/wp-json\/wp\/v2\/types\/post"}],"author":[{"embeddable":true,"href":"https:\/\/www.europesays.com\/es\/wp-json\/wp\/v2\/users\/2"}],"replies":[{"embeddable":true,"href":"https:\/\/www.europesays.com\/es\/wp-json\/wp\/v2\/comments?post=295827"}],"version-history":[{"count":0,"href":"https:\/\/www.europesays.com\/es\/wp-json\/wp\/v2\/posts\/295827\/revisions"}],"wp:featuredmedia":[{"embeddable":true,"href":"https:\/\/www.europesays.com\/es\/wp-json\/wp\/v2\/media\/295828"}],"wp:attachment":[{"href":"https:\/\/www.europesays.com\/es\/wp-json\/wp\/v2\/media?parent=295827"}],"wp:term":[{"taxonomy":"category","embeddable":true,"href":"https:\/\/www.europesays.com\/es\/wp-json\/wp\/v2\/categories?post=295827"},{"taxonomy":"post_tag","embeddable":true,"href":"https:\/\/www.europesays.com\/es\/wp-json\/wp\/v2\/tags?post=295827"}],"curies":[{"name":"wp","href":"https:\/\/api.w.org\/{rel}","templated":true}]}}