{"id":295831,"date":"2025-12-19T09:26:11","date_gmt":"2025-12-19T09:26:11","guid":{"rendered":"https:\/\/www.europesays.com\/es\/295831\/"},"modified":"2025-12-19T09:26:11","modified_gmt":"2025-12-19T09:26:11","slug":"espana-inicia-su-39a-campana-de-investigacion-antartica-con-28-proyectos-cientificos-2","status":"publish","type":"post","link":"https:\/\/www.europesays.com\/es\/295831\/","title":{"rendered":"Espa\u00f1a inicia su 39\u00aa Campa\u00f1a de Investigaci\u00f3n Ant\u00e1rtica con 28 proyectos cient\u00edficos"},"content":{"rendered":"<p class=\"main-image\">&#13; <img decoding=\"async\" alt=\"19\/12\/2025. Campa\u00f1a de Investigaci\u00f3n Ant\u00e1rtica. El buque de investigaci\u00f3n oceanogr\u00e1fica 'Hesp\u00e9rides' en la costa ant\u00e1rtica.\" title=\"19\/12\/2025. Campa\u00f1a de Investigaci\u00f3n Ant\u00e1rtica. El buque de investigaci\u00f3n oceanogr\u00e1fica 'Hesp\u00e9rides' en la costa ant\u00e1rtica.\" src=\"https:\/\/www.europesays.com\/es\/wp-content\/uploads\/2025\/12\/191225-campana-investigacion-antartica.jpg\"\/>&#13;El buque de investigaci\u00f3n oceanogr\u00e1fica &#8216;Hesp\u00e9rides&#8217; en la costa ant\u00e1rtica.&#13;&#13;<\/p>\n<p>Espa\u00f1a inicia su 39\u00aa Campa\u00f1a de Investigaci\u00f3n Ant\u00e1rtica, coordinada por el Comit\u00e9 Polar Espa\u00f1ol, dependiente del Ministerio de Ciencia, Innovaci\u00f3n y Universidades, con 28 proyectos cient\u00edficos. El objetivo de la campa\u00f1a ant\u00e1rtica espa\u00f1ola es la investigaci\u00f3n cient\u00edfica durante la cual se desarrollar\u00e1n 15 proyectos aprobados por la Agencia Estatal de Investigaci\u00f3n, 3 series hist\u00f3ricas y distintos proyectos cient\u00edficos de otros pa\u00edses a los que se prestar\u00e1 apoyo en nuestras instalaciones.<\/p>\n<p>Para que estas las actividades cient\u00edficas se desarrollen en condiciones de seguridad, se cuenta con los servicios de vigilancia volc\u00e1nica, del Instituto Geogr\u00e1fico Nacional y de predicci\u00f3n meteorol\u00f3gica a cargo de la Agencia Estatal de Meteorolog\u00eda (AEMET). Tambi\u00e9n se desarrollar\u00e1 un proyecto de oportunidad para hacer pruebas con el sistema de posicionamiento Galileo, del Ministerio de Defensa.<\/p>\n<p>El Ministerio de Ciencia, Innovaci\u00f3n y Universidades financia la mayor\u00eda de los proyectos cient\u00edficos y la operaci\u00f3n de construcci\u00f3n y mantenimiento de las infraestructuras para la investigaci\u00f3n en la Ant\u00e1rtida, el buque de investigaci\u00f3n oceanogr\u00e1fica &#8216;Hesp\u00e9rides&#8217;, y las Bases Ant\u00e1rticas Espa\u00f1olas &#8216;Gabriel de Castilla&#8217; y &#8216;Juan Carlos I&#8217;.<\/p>\n<p>En total, participar\u00e1n cerca de 200 personas en esta campa\u00f1a, entre los que se encuentran cient\u00edficos y cient\u00edficas de distintas universidades y centros de investigaci\u00f3n y personal t\u00e9cnico y de apoyo log\u00edstico.<\/p>\n<p>Las actividades cient\u00edficas a desarrollar se distribuyen en grandes agrupaciones disciplinares, en proyectos de Ciencias de la Tierra (41%), Ciencias de la Vida (27%), Ciencias F\u00edsicas (23%) y los servicios (9%), aunque son proyectos multi y pluridisciplinares y algunos en la frontera del conocimiento.<\/p>\n<p>Entre ellos, destaca el proyecto MERIDIAN, que va a profundizar en el estudio de la microbiota del suelo y su papel en los ecosistemas polares frente al cambio clim\u00e1tico para contribuir as\u00ed a generar conocimiento cient\u00edfico que permita anticipar los impactos del calentamiento global en una de las zonas m\u00e1s vulnerables del planeta.<\/p>\n<p>En concreto, busca estudiar c\u00f3mo las perturbaciones ambientales, como el aumento de temperatura y los cambios en la humedad del suelo, afectan a los microorganismos que habitan en estos ecosistemas extremos. La Ant\u00e1rtida, por su sensibilidad clim\u00e1tica y su papel en el equilibrio global, constituye un lugar privilegiado para estudiar los efectos del cambio clim\u00e1tico.<\/p>\n<p>Tambi\u00e9n el proyecto POLAR-MELT, que tiene el objetivo de explorar el potencial de arroyos alimentados por el deshielo, como corredores ecol\u00f3gicos que faciliten la conectividad, la dispersi\u00f3n de organismos y el flujo de nutrientes entre los glaciares y los h\u00e1bitats acu\u00e1ticos y terrestres situados aguas abajo, en ambas regiones polares. Por ello, los resultados obtenidos en esta campa\u00f1a se comparar\u00e1n con aproximaciones similares a realizar en zonas \u00e1rticas, con el fin de identificar patrones comunes para ambos hemisferios.<\/p>\n<p>Esta investigaci\u00f3n ofrecer\u00e1 el primer an\u00e1lisis integral, multiescalar y exhaustivo de la diversidad y conectividad asociada al desarrollo de arroyos alimentados por el deshielo en las Regiones Polares, un conocimiento clave ante su previsible expansi\u00f3n global por el cambio clim\u00e1tico.<\/p>\n<p>Debido a la importancia cient\u00edfica y social de esta tem\u00e1tica, durante esta expedici\u00f3n se va a elaborar material divulgativo audiovisual con el objetivo no solo de dar a conocer las din\u00e1micas de estos arroyos y los efectos que sobre estos ecosistemas se vayan desvelando, sino tambi\u00e9n experimentarlos y sentirlos.<\/p>\n<p>La cooperaci\u00f3n internacional es fundamental en el desarrollo de las campa\u00f1as ant\u00e1rticas tanto a nivel cient\u00edfico como log\u00edstico. En concreto, en esta campa\u00f1a se prestar\u00e1 apoyo a 7 proyectos de investigaci\u00f3n de otros pa\u00edses como Alemania, China, EE.UU., Italia y Portugal.<\/p>\n<p>Campa\u00f1a de Investigaci\u00f3n Ant\u00e1rtica Espa\u00f1ola<\/p>\n<p>La Campa\u00f1a de Investigaci\u00f3n Ant\u00e1rtica Espa\u00f1ola constituye un modelo de cooperaci\u00f3n entre diferentes instituciones p\u00fablicas al servicio de la I+D+I, en el marco del Plan Estatal de Investigaci\u00f3n Cient\u00edfica y T\u00e9cnica y de Innovaci\u00f3n. A trav\u00e9s del Comit\u00e9 Polar Espa\u00f1ol, se coordinan las actividades que los diferentes organismos desarrollan durante las campa\u00f1as.<\/p>\n<p>Las entidades participantes en estas actividades son la Unidad de Tecnolog\u00eda Marina del Consejo Superior de Investigaciones Cient\u00edficas (CSIC), que gestiona la base &#8216;Juan Carlos I&#8217; en la Isla Livingston y es responsable de la coordinaci\u00f3n log\u00edstica de la campa\u00f1a, el Ej\u00e9rcito de Tierra, que gestiona la base &#8216;Gabriel de Castilla&#8217; en la Isla Decepci\u00f3n y la Armada Espa\u00f1ola, que opera el buque &#8216;Hesp\u00e9rides&#8217;.<\/p>\n<p>Tanto el buque como las bases forman parte del mapa espa\u00f1ol de Infraestructuras Cient\u00edficas y T\u00e9cnicas Singulares.<\/p>\n","protected":false},"excerpt":{"rendered":"&#13; &#13;El buque de investigaci\u00f3n oceanogr\u00e1fica &#8216;Hesp\u00e9rides&#8217; en la costa ant\u00e1rtica.&#13;&#13; Espa\u00f1a inicia su 39\u00aa Campa\u00f1a de Investigaci\u00f3n&hellip;\n","protected":false},"author":2,"featured_media":295800,"comment_status":"","ping_status":"","sticky":false,"template":"","format":"standard","meta":{"footnotes":""},"categories":[42],"tags":[517,17,18,119,13,14,11,59180,61,62,63,64,19,20,9,10,15,16,2330,12,21,22,65,66,67],"class_list":{"0":"post-295831","1":"post","2":"type-post","3":"status-publish","4":"format-standard","5":"has-post-thumbnail","7":"category-internacional","8":"tag-actualidad","9":"tag-breaking-news","10":"tag-breakingnews","11":"tag-ciencia","12":"tag-featured-news","13":"tag-featurednews","14":"tag-headlines","15":"tag-innovacion-y-universidades","16":"tag-internacional","17":"tag-international","18":"tag-international-news","19":"tag-internationalnews","20":"tag-latest-news","21":"tag-latestnews","22":"tag-news","23":"tag-noticias","24":"tag-noticias-destacadas","25":"tag-noticiasdestacadas","26":"tag-prensa","27":"tag-titulares","28":"tag-ultimas-noticias","29":"tag-ultimasnoticias","30":"tag-world","31":"tag-world-news","32":"tag-worldnews"},"share_on_mastodon":{"url":"https:\/\/pubeurope.com\/@es\/115745521403281531","error":""},"_links":{"self":[{"href":"https:\/\/www.europesays.com\/es\/wp-json\/wp\/v2\/posts\/295831","targetHints":{"allow":["GET"]}}],"collection":[{"href":"https:\/\/www.europesays.com\/es\/wp-json\/wp\/v2\/posts"}],"about":[{"href":"https:\/\/www.europesays.com\/es\/wp-json\/wp\/v2\/types\/post"}],"author":[{"embeddable":true,"href":"https:\/\/www.europesays.com\/es\/wp-json\/wp\/v2\/users\/2"}],"replies":[{"embeddable":true,"href":"https:\/\/www.europesays.com\/es\/wp-json\/wp\/v2\/comments?post=295831"}],"version-history":[{"count":0,"href":"https:\/\/www.europesays.com\/es\/wp-json\/wp\/v2\/posts\/295831\/revisions"}],"wp:featuredmedia":[{"embeddable":true,"href":"https:\/\/www.europesays.com\/es\/wp-json\/wp\/v2\/media\/295800"}],"wp:attachment":[{"href":"https:\/\/www.europesays.com\/es\/wp-json\/wp\/v2\/media?parent=295831"}],"wp:term":[{"taxonomy":"category","embeddable":true,"href":"https:\/\/www.europesays.com\/es\/wp-json\/wp\/v2\/categories?post=295831"},{"taxonomy":"post_tag","embeddable":true,"href":"https:\/\/www.europesays.com\/es\/wp-json\/wp\/v2\/tags?post=295831"}],"curies":[{"name":"wp","href":"https:\/\/api.w.org\/{rel}","templated":true}]}}