{"id":295853,"date":"2025-12-19T09:45:07","date_gmt":"2025-12-19T09:45:07","guid":{"rendered":"https:\/\/www.europesays.com\/es\/295853\/"},"modified":"2025-12-19T09:45:07","modified_gmt":"2025-12-19T09:45:07","slug":"comunicado-del-fc-barcelona-2","status":"publish","type":"post","link":"https:\/\/www.europesays.com\/es\/295853\/","title":{"rendered":"Comunicado del FC Barcelona"},"content":{"rendered":"<p>Ante las afirmaciones difundidas por la plataforma Som un Clam, el FC Barcelona desmiente de forma clara y rotunda que el Club utilice recursos propios para hacer campa\u00f1a electoral o para influir en el voto de los socios y socias. El FC Barcelona informa que no est\u00e1 realizando ninguna encuesta de opini\u00f3n entre este colectivo del Club, ni de forma interna ni externa.<\/p>\n<p>Cualquier sondeo de opini\u00f3n en curso es ajeno al Club y recuerda que el uso de datos personales de socios y socias est\u00e1 protegido por la legislaci\u00f3n vigente sobre protecci\u00f3n de datos personales.<\/p>\n","protected":false},"excerpt":{"rendered":"Ante las afirmaciones difundidas por la plataforma Som un Clam, el FC Barcelona desmiente de forma clara y&hellip;\n","protected":false},"author":2,"featured_media":295854,"comment_status":"","ping_status":"","sticky":false,"template":"","format":"standard","meta":{"footnotes":""},"categories":[93],"tags":[168,25,24,23,167,2288],"class_list":{"0":"post-295853","1":"post","2":"type-post","3":"status-publish","4":"format-standard","5":"has-post-thumbnail","7":"category-deportes","8":"tag-deportes","9":"tag-es","10":"tag-espana","11":"tag-spain","12":"tag-sports","13":"tag-text"},"share_on_mastodon":{"url":"https:\/\/pubeurope.com\/@es\/115745595463890448","error":""},"_links":{"self":[{"href":"https:\/\/www.europesays.com\/es\/wp-json\/wp\/v2\/posts\/295853","targetHints":{"allow":["GET"]}}],"collection":[{"href":"https:\/\/www.europesays.com\/es\/wp-json\/wp\/v2\/posts"}],"about":[{"href":"https:\/\/www.europesays.com\/es\/wp-json\/wp\/v2\/types\/post"}],"author":[{"embeddable":true,"href":"https:\/\/www.europesays.com\/es\/wp-json\/wp\/v2\/users\/2"}],"replies":[{"embeddable":true,"href":"https:\/\/www.europesays.com\/es\/wp-json\/wp\/v2\/comments?post=295853"}],"version-history":[{"count":0,"href":"https:\/\/www.europesays.com\/es\/wp-json\/wp\/v2\/posts\/295853\/revisions"}],"wp:featuredmedia":[{"embeddable":true,"href":"https:\/\/www.europesays.com\/es\/wp-json\/wp\/v2\/media\/295854"}],"wp:attachment":[{"href":"https:\/\/www.europesays.com\/es\/wp-json\/wp\/v2\/media?parent=295853"}],"wp:term":[{"taxonomy":"category","embeddable":true,"href":"https:\/\/www.europesays.com\/es\/wp-json\/wp\/v2\/categories?post=295853"},{"taxonomy":"post_tag","embeddable":true,"href":"https:\/\/www.europesays.com\/es\/wp-json\/wp\/v2\/tags?post=295853"}],"curies":[{"name":"wp","href":"https:\/\/api.w.org\/{rel}","templated":true}]}}