{"id":295875,"date":"2025-12-19T10:05:23","date_gmt":"2025-12-19T10:05:23","guid":{"rendered":"https:\/\/www.europesays.com\/es\/295875\/"},"modified":"2025-12-19T10:05:23","modified_gmt":"2025-12-19T10:05:23","slug":"georgina-rodriguez-y-la-navidad-a-gran-escala","status":"publish","type":"post","link":"https:\/\/www.europesays.com\/es\/295875\/","title":{"rendered":"Georgina Rodr\u00edguez y la Navidad a gran escala"},"content":{"rendered":"<p><a title=\"Georgina Rodr\u00edguez\" href=\"https:\/\/www.larazon.es\/gente\/famosos\/ascenso-imparable-georgina-rodriguez-jaca-casa-blanca-cristiano-ronaldo_20251119691dbbab39b3f1652bf99b7b.html\" target=\"_blank\" rel=\"nofollow noopener\">Georgina Rodr\u00edguez<\/a> entiende la Navidad como un espect\u00e1culo \u00edntimo, aunque sus dimensiones -como casi todo en su universo- sean descomunales. <b>La influencer ha dado la bienvenida a diciembre con un \u00e1rbol que desaf\u00eda la gravedad y el concepto tradicional de \u00absencillez\u00bb<\/b>, instalado en su residencia de Arabia Saud\u00ed y concebido, seg\u00fan ella misma explica, pensando en sus mayores tesoros: sus cinco hijos. <b>\u00abTodo lo hago por mis amores\u00bb<\/b>, deja caer en ese diario visual que son sus redes sociales, donde comparte fragmentos cuidadosamente editados de su vida familiar.<\/p>\n<p>El \u00e1rbol no pasa desapercibido. Alt\u00edsimo, tan elevado que requiere una escalera para alcanzar la copa, e<b>l abeto se impone como el eje absoluto de la decoraci\u00f3n navide\u00f1a. No hay ramas visibles ni espacios vac\u00edos<\/b>: cada cent\u00edmetro est\u00e1 cubierto por adornos de gran formato que convierten el conjunto en una declaraci\u00f3n est\u00e9tica sin medias tintas. Georgina no escatima ni en tama\u00f1o ni en brillo. <b>Perlas, oro, estrellas, flores y lazos<\/b> conviven en una coreograf\u00eda ornamental pensada para deslumbrar.<\/p>\n<p>\u00abSencillo como Gio\u00bb<\/p>\n<p>La propia protagonista ha resumido el resultado con una frase que no ha pasado inadvertida: <b>\u00abOro, perlitas, estrellas, flores y lacitos. Sencillo como <\/b><a title=\"Gio\" href=\"https:\/\/www.larazon.es\/gente\/famosos\/cristino-ronaldo-habla-primera-vez-boda-georgina-rodriguez-asi-fue-pedida_20251106690cd6545d5dad37ab82e004.html\" target=\"_blank\" rel=\"nofollow noopener\">Gio<\/a><b>\u00ab. <\/b>La iron\u00eda es evidente, o al menos lo parece. Porque si algo define este \u00e1rbol es su exuberancia. Estrellas de mar gigantes en tonos plateados se mezclan con bolas de tama\u00f1o XXL, luces que emergen como ramilletes y grandes lazos dorados que culminan la composici\u00f3n, incluido uno monumental que corona la punta del \u00e1rbol como si se tratara de una joya final.<\/p>\n<p><img decoding=\"async\" loading=\"lazy\" src=\"https:\/\/www.europesays.com\/es\/wp-content\/uploads\/2025\/12\/arbol-navidad-giorgina-rodriguez_123.jpg\" alt=\"\u00c1rbol de Navidad de Giorgina Rodr\u00edguez\" width=\"451\" height=\"683\"\/><b>\u00c1rbol de Navidad de Giorgina Rodr\u00edguez<\/b>Redes sociales<\/p>\n<p>Las im\u00e1genes del proceso, compartidas en Instagram ante una audiencia de casi 72 millones de seguidores &#8211;<a title=\"Georgina \" href=\"https:\/\/www.larazon.es\/lifestyle\/moda\/georgina-rodriguez-arrasa-look-mas-sexy-apoyar-cristiano-ronaldo-portugal_2025101368ecc1649c028a4cad31c394.html\" target=\"_blank\" rel=\"nofollow noopener\">Georgina <\/a>es, de hecho, la espa\u00f1ola m\u00e1s seguida del mundo en esta plataforma-, muestran a la influencer subida a una escalera, ultimando los detalles de un montaje que parece m\u00e1s propio de un escaparate de lujo que de un sal\u00f3n dom\u00e9stico. Pero ah\u00ed reside precisamente su sello: <b>convertir lo cotidiano en algo extraordinario, incluso cuando se trata de una tradici\u00f3n tan arraigada como la Navidad.<\/b><\/p>\n<p>No es casual que esta puesta en escena llegue acompa\u00f1ada de otros gestos igual de calculados, como su reciente aparici\u00f3n inaugurando el mes en bikini rojo, otro gui\u00f1o a esa narrativa visual que mezcla sensualidad, opulencia y familia. En el universo Rodr\u00edguez, todo convive sin fricciones aparentes.<\/p>\n<p>Este \u00e1rbol, monumental y saturado de brillo, no es solo un elemento decorativo: <b>es una extensi\u00f3n de su personaje p\u00fablico. <\/b>Una Navidad pensada para ser vivida en casa, s\u00ed, pero tambi\u00e9n para ser mirada, comentada y compartida. Porque en el mundo de Georgina, incluso la sencillez se mide en grande.<\/p>\n","protected":false},"excerpt":{"rendered":"Georgina Rodr\u00edguez entiende la Navidad como un espect\u00e1culo \u00edntimo, aunque sus dimensiones -como casi todo en su universo-&hellip;\n","protected":false},"author":2,"featured_media":295876,"comment_status":"","ping_status":"","sticky":false,"template":"","format":"standard","meta":{"footnotes":""},"categories":[174],"tags":[255,146,147,25,24,256,23],"class_list":{"0":"post-295875","1":"post","2":"type-post","3":"status-publish","4":"format-standard","5":"has-post-thumbnail","7":"category-famosos","8":"tag-celebrities","9":"tag-entertainment","10":"tag-entretenimiento","11":"tag-es","12":"tag-espana","13":"tag-famosos","14":"tag-spain"},"share_on_mastodon":{"url":"https:\/\/pubeurope.com\/@es\/115745675159566456","error":""},"_links":{"self":[{"href":"https:\/\/www.europesays.com\/es\/wp-json\/wp\/v2\/posts\/295875","targetHints":{"allow":["GET"]}}],"collection":[{"href":"https:\/\/www.europesays.com\/es\/wp-json\/wp\/v2\/posts"}],"about":[{"href":"https:\/\/www.europesays.com\/es\/wp-json\/wp\/v2\/types\/post"}],"author":[{"embeddable":true,"href":"https:\/\/www.europesays.com\/es\/wp-json\/wp\/v2\/users\/2"}],"replies":[{"embeddable":true,"href":"https:\/\/www.europesays.com\/es\/wp-json\/wp\/v2\/comments?post=295875"}],"version-history":[{"count":0,"href":"https:\/\/www.europesays.com\/es\/wp-json\/wp\/v2\/posts\/295875\/revisions"}],"wp:featuredmedia":[{"embeddable":true,"href":"https:\/\/www.europesays.com\/es\/wp-json\/wp\/v2\/media\/295876"}],"wp:attachment":[{"href":"https:\/\/www.europesays.com\/es\/wp-json\/wp\/v2\/media?parent=295875"}],"wp:term":[{"taxonomy":"category","embeddable":true,"href":"https:\/\/www.europesays.com\/es\/wp-json\/wp\/v2\/categories?post=295875"},{"taxonomy":"post_tag","embeddable":true,"href":"https:\/\/www.europesays.com\/es\/wp-json\/wp\/v2\/tags?post=295875"}],"curies":[{"name":"wp","href":"https:\/\/api.w.org\/{rel}","templated":true}]}}