{"id":295892,"date":"2025-12-19T10:20:13","date_gmt":"2025-12-19T10:20:13","guid":{"rendered":"https:\/\/www.europesays.com\/es\/295892\/"},"modified":"2025-12-19T10:20:13","modified_gmt":"2025-12-19T10:20:13","slug":"stellantis-pro-one-presente-en-el-salon-del-automovil-de-bruselas-con-el-fiat-professional-tris-y-una-gama-completa-de-vehiculos-equipados-con-soluciones-customfit-corporate-communications","status":"publish","type":"post","link":"https:\/\/www.europesays.com\/es\/295892\/","title":{"rendered":"Stellantis Pro One presente en el Sal\u00f3n del Autom\u00f3vil de Bruselas con el Fiat Professional Tris y una gama completa de veh\u00edculos equipados con soluciones CustomFit | Corporate Communications"},"content":{"rendered":"<p><strong>\u2022\u00a0\u00a0 \u00a0En el pabell\u00f3n 5 del 102.\u00ba Sal\u00f3n del Autom\u00f3vil de Bruselas, Stellantis Pro One, la unidad de negocio de Stellantis dedicada a veh\u00edculos comerciales, presenta soluciones que abarcan desde la micromovilidad hasta las furgonetas de gran tama\u00f1o, todas ellas optimizadas con el programa CustomFit.<\/strong><\/p>\n<p><strong>\u2022\u00a0\u00a0 \u00a0Junto con su amplia gama de furgonetas, Stellantis Pro One destaca con el Fiat Professional TRIS, un veh\u00edculo de tres ruedas totalmente el\u00e9ctrico que debuta en Europa.<\/strong><\/p>\n<p>\u00c1msterdam, 19 de diciembre de 2025 \u2013 Stellantis Pro One presentar\u00e1 su gama profesional completa en el 102\u00ba Sal\u00f3n del Autom\u00f3vil de Bruselas, junto con importantes novedades en micromovilidad y personalizaci\u00f3n.<\/p>\n<p>Aspectos destacados:<\/p>\n<p>\u2022\u00a0\u00a0 \u00a0Debut europeo de Fiat Professional TRIS: un veh\u00edculo de tres ruedas totalmente el\u00e9ctrico dise\u00f1ado para la movilidad urbana y el reparto de \u00faltima milla, que combina dimensiones compactas con una impresionante capacidad de carga \u00fatil de 500 kg y gran versatilidad.\u00a0<\/p>\n<p>\u2022\u00a0\u00a0 \u00a0Soluciones de micromovilidad ampliadas: Fiat Professional TRIS se une a Citro\u00ebn Ami Cargo para abordar las crecientes necesidades de reparto urbano.<\/p>\n<p>\u2022\u00a0\u00a0 \u00a0Ediciones especiales en exposici\u00f3n: Citro\u00ebn Berlingo \u201cXTR\u201d y Opel Vivaro \u201cSportive\u201d ofrecen comodidad, funcionalidad y estilo a los profesionales.<\/p>\n<p>\u2022\u00a0\u00a0 \u00a0Programa CustomFit reforzado: Stellantis Pro One reafirma su compromiso con una amplia gama de opciones de transformaci\u00f3n y personalizaci\u00f3n, garantizando una calidad de f\u00e1brica y plazos de entrega optimizados, bajo el audaz lema \u00abLO NECESITAS, LO FABRICAMOS\u00bb.<\/p>\n<p>Con ocho veh\u00edculos en exposici\u00f3n, desde micromovilidad hasta furgonetas de gran tama\u00f1o, Stellantis Pro One presenta siete modelos diferentes en su propio stand del pabell\u00f3n 5.\u00a0<br \/>&#13;<br \/>\n\u00a0<\/p>\n","protected":false},"excerpt":{"rendered":"\u2022\u00a0\u00a0 \u00a0En el pabell\u00f3n 5 del 102.\u00ba Sal\u00f3n del Autom\u00f3vil de Bruselas, Stellantis Pro One, la unidad de&hellip;\n","protected":false},"author":2,"featured_media":295893,"comment_status":"","ping_status":"","sticky":false,"template":"","format":"standard","meta":{"footnotes":""},"categories":[80],"tags":[82,95,94,25,24,23],"class_list":{"0":"post-295892","1":"post","2":"type-post","3":"status-publish","4":"format-standard","5":"has-post-thumbnail","7":"category-economia","8":"tag-business","9":"tag-economia","10":"tag-economy","11":"tag-es","12":"tag-espana","13":"tag-spain"},"share_on_mastodon":{"url":"https:\/\/pubeurope.com\/@es\/115745733490966411","error":""},"_links":{"self":[{"href":"https:\/\/www.europesays.com\/es\/wp-json\/wp\/v2\/posts\/295892","targetHints":{"allow":["GET"]}}],"collection":[{"href":"https:\/\/www.europesays.com\/es\/wp-json\/wp\/v2\/posts"}],"about":[{"href":"https:\/\/www.europesays.com\/es\/wp-json\/wp\/v2\/types\/post"}],"author":[{"embeddable":true,"href":"https:\/\/www.europesays.com\/es\/wp-json\/wp\/v2\/users\/2"}],"replies":[{"embeddable":true,"href":"https:\/\/www.europesays.com\/es\/wp-json\/wp\/v2\/comments?post=295892"}],"version-history":[{"count":0,"href":"https:\/\/www.europesays.com\/es\/wp-json\/wp\/v2\/posts\/295892\/revisions"}],"wp:featuredmedia":[{"embeddable":true,"href":"https:\/\/www.europesays.com\/es\/wp-json\/wp\/v2\/media\/295893"}],"wp:attachment":[{"href":"https:\/\/www.europesays.com\/es\/wp-json\/wp\/v2\/media?parent=295892"}],"wp:term":[{"taxonomy":"category","embeddable":true,"href":"https:\/\/www.europesays.com\/es\/wp-json\/wp\/v2\/categories?post=295892"},{"taxonomy":"post_tag","embeddable":true,"href":"https:\/\/www.europesays.com\/es\/wp-json\/wp\/v2\/tags?post=295892"}],"curies":[{"name":"wp","href":"https:\/\/api.w.org\/{rel}","templated":true}]}}