{"id":295927,"date":"2025-12-19T10:44:10","date_gmt":"2025-12-19T10:44:10","guid":{"rendered":"https:\/\/www.europesays.com\/es\/295927\/"},"modified":"2025-12-19T10:44:10","modified_gmt":"2025-12-19T10:44:10","slug":"sabes-que-santos-se-celebran-hoy-viernes-19-de-diciembre-consulta-el-santoral","status":"publish","type":"post","link":"https:\/\/www.europesays.com\/es\/295927\/","title":{"rendered":"\u00bfSabes qu\u00e9 santos se celebran hoy, viernes 19 de diciembre? Consulta el santoral"},"content":{"rendered":"<p class=\"voc-p\" style=\"\">El Santoral Cristiano celebra hoy, viernes 19 de diciembre del 2025 el Santo de <strong>Santa Eva<\/strong>, entre otros.<\/p>\n<p class=\"voc-p\" style=\"\">Santa Eva es reconocida como la \u00abmadre de todos los mortales\u00bb y considerada la primera mujer, compa\u00f1era de Ad\u00e1n seg\u00fan el relato del G\u00e9nesis. En la  &#8230; Biblia, se la menciona con el nombre com\u00fan de mujer, que en realidad es Adama, aunque Dios decidi\u00f3 llamarla Eva. Su figura ha sido objeto de numerosos mitos y, hasta hoy, se la conmemora cada 19 de diciembre como la madre idealizada de la humanidad.<\/p>\n<p class=\"voc-p\" style=\"\">Hoy, <strong>Santa Eva<\/strong>, la Iglesia cat\u00f3lica celebra el santo de Anastasio I Papa, Gregorio obispo de Auxerre, Nemesio. En este viernes 19 de diciembre de 2025 es conocido por Santa Eva y son  las personas que podr\u00e1n celebrar este d\u00eda.<\/p>\n<p class=\"voc-p\" style=\"\">\u00bfPor qu\u00e9 festejamos el <strong>d\u00eda del Santo<\/strong> de cada persona? Esta tradici\u00f3n proviene de la fe cristiana y celebra la vida de una persona relevante dentro de la fe cristiana que dedic\u00f3\/entreg\u00f3 su vida para llevar la fe cristiana a las personas que  lo precisaban.<\/p>\n<p class=\"voc-p\" style=\"\">Hoy, viernes, 19 diciembre 2025 son muchos los <strong>santos<\/strong> y santas que se celebran con motivo de esta tradici\u00f3n cat\u00f3lica que tan intr\u00ednseca est\u00e1 en nuestra cultura diaria. Descubre en ABC todos los nombres del santoral que se celebran justo hoy.<\/p>\n<p class=\"voc-p\" style=\"\">El <strong>Martirologio Romano<\/strong> recoge los nombres del santoral tal y como lo conocemos. Este nombre hace alusi\u00f3n a una especie de cat\u00e1logo que el Vaticano va actualizando mediante la reposici\u00f3n de nuevos santos tras la canonizaci\u00f3n.<\/p>\n<p>\nSantos de hoy 19 de diciembre\n<\/p>\n<p class=\"voc-p\" style=\"\">En la Iglesia Cat\u00f3lica el n\u00famero de <strong>santos<\/strong>, debido a su gran historia, es muy elevado, por lo que se festejan varias onom\u00e1sticas en el mismo d\u00eda. Hoy, 19 de diciembre las personas que se llamen Anastasio I Papa, Gregorio obispo de Auxerre, Nemesio celebran su santo gracias a:<\/p>\n<p class=\"voc-p\" style=\"\">\u00a9 Biblioteca de Autores Cristianos (J.L. Repetto, Todos los santos. 2007)<\/p>\n<p>\nArt\u00edculo solo para suscriptores\n<\/p>\n<p>Reportar un error<\/p>\n","protected":false},"excerpt":{"rendered":"El Santoral Cristiano celebra hoy, viernes 19 de diciembre del 2025 el Santo de Santa Eva, entre otros.&hellip;\n","protected":false},"author":2,"featured_media":295928,"comment_status":"","ping_status":"","sticky":false,"template":"","format":"standard","meta":{"footnotes":""},"categories":[42],"tags":[3244,17,18,5187,13,14,11,61,62,63,64,19,20,9,10,15,16,20647,9593,12,21,22,381,65,66,67],"class_list":{"0":"post-295927","1":"post","2":"type-post","3":"status-publish","4":"format-standard","5":"has-post-thumbnail","7":"category-internacional","8":"tag-3244","9":"tag-breaking-news","10":"tag-breakingnews","11":"tag-celebran","12":"tag-featured-news","13":"tag-featurednews","14":"tag-headlines","15":"tag-internacional","16":"tag-international","17":"tag-international-news","18":"tag-internationalnews","19":"tag-latest-news","20":"tag-latestnews","21":"tag-news","22":"tag-noticias","23":"tag-noticias-destacadas","24":"tag-noticiasdestacadas","25":"tag-sabes","26":"tag-santos","27":"tag-titulares","28":"tag-ultimas-noticias","29":"tag-ultimasnoticias","30":"tag-viernes","31":"tag-world","32":"tag-world-news","33":"tag-worldnews"},"share_on_mastodon":{"url":"https:\/\/pubeurope.com\/@es\/115745827392399023","error":""},"_links":{"self":[{"href":"https:\/\/www.europesays.com\/es\/wp-json\/wp\/v2\/posts\/295927","targetHints":{"allow":["GET"]}}],"collection":[{"href":"https:\/\/www.europesays.com\/es\/wp-json\/wp\/v2\/posts"}],"about":[{"href":"https:\/\/www.europesays.com\/es\/wp-json\/wp\/v2\/types\/post"}],"author":[{"embeddable":true,"href":"https:\/\/www.europesays.com\/es\/wp-json\/wp\/v2\/users\/2"}],"replies":[{"embeddable":true,"href":"https:\/\/www.europesays.com\/es\/wp-json\/wp\/v2\/comments?post=295927"}],"version-history":[{"count":0,"href":"https:\/\/www.europesays.com\/es\/wp-json\/wp\/v2\/posts\/295927\/revisions"}],"wp:featuredmedia":[{"embeddable":true,"href":"https:\/\/www.europesays.com\/es\/wp-json\/wp\/v2\/media\/295928"}],"wp:attachment":[{"href":"https:\/\/www.europesays.com\/es\/wp-json\/wp\/v2\/media?parent=295927"}],"wp:term":[{"taxonomy":"category","embeddable":true,"href":"https:\/\/www.europesays.com\/es\/wp-json\/wp\/v2\/categories?post=295927"},{"taxonomy":"post_tag","embeddable":true,"href":"https:\/\/www.europesays.com\/es\/wp-json\/wp\/v2\/tags?post=295927"}],"curies":[{"name":"wp","href":"https:\/\/api.w.org\/{rel}","templated":true}]}}