{"id":295931,"date":"2025-12-19T10:46:18","date_gmt":"2025-12-19T10:46:18","guid":{"rendered":"https:\/\/www.europesays.com\/es\/295931\/"},"modified":"2025-12-19T10:46:18","modified_gmt":"2025-12-19T10:46:18","slug":"zelensky-celebro-el-prestamo-de-90-000-millones-de-euros-aprobado-por-la-ue-y-afirmo-que-se-trata-de-un-apoyo-significativo","status":"publish","type":"post","link":"https:\/\/www.europesays.com\/es\/295931\/","title":{"rendered":"Zelensky celebr\u00f3 el pr\u00e9stamo de 90.000 millones de euros aprobado por la UE y afirm\u00f3 que \u201cse trata de un apoyo significativo\u201d"},"content":{"rendered":"<p><img alt=\"Zelensky celebr\u00f3 el pr\u00e9stamo de\" class=\"global-image\" decoding=\"async\" fetchpriority=\"high\" height=\"1280\" loading=\"eager\" src=\"https:\/\/www.europesays.com\/es\/wp-content\/uploads\/2025\/12\/FP27OFSWFRECFPM3ZCSL3P7III.jpg\" width=\"1920\"\/>Zelensky celebr\u00f3 el pr\u00e9stamo de 90.000 millones de euros aprobado por la UE y afirm\u00f3 que \u201cse trata de un apoyo significativo\u201d (EP)<\/p>\n<p class=\"paragraph\">El presidente ucraniano, <b>Volodimir Zelensky<\/b>, celebr\u00f3 este viernes el <a href=\"https:\/\/www.infobae.com\/america\/mundo\/2025\/12\/19\/tras-un-dia-de-negociaciones-la-ue-acordo-un-prestamo-de-90000-millones-de-euros-para-ucrania-sin-usar-los-activos-rusos-congelados\/\" target=\"_blank\" rel=\"noreferrer nofollow noopener\" title=\"https:\/\/www.infobae.com\/america\/mundo\/2025\/12\/19\/tras-un-dia-de-negociaciones-la-ue-acordo-un-prestamo-de-90000-millones-de-euros-para-ucrania-sin-usar-los-activos-rusos-congelados\/\">pr\u00e9stamo<\/a> de 90.000 millones de euros (105.000 millones de d\u00f3lares) aprobado por la <b>Uni\u00f3n Europea<\/b> para financiar las necesidades presupuestarias de su pa\u00eds y sostuvo que la ayuda \u201c<b>refuerza verdaderamente<\/b>\u201d la resiliencia de Ucrania frente a la guerra con Rusia.<\/p>\n<p class=\"paragraph\">\u201c<b>Se trata de un apoyo significativo que refuerza verdaderamente nuestra resiliencia<\/b>\u201d, escribi\u00f3 Zelenski en la red social X. \u201cEs importante que los activos rusos sigan congelados y que Ucrania haya recibido<b> una garant\u00eda de seguridad financiera para los pr\u00f3ximos a\u00f1os<\/b>\u201d, agreg\u00f3.<\/p>\n<p class=\"paragraph\">La decisi\u00f3n se adopt\u00f3 tras m\u00e1s de un d\u00eda de negociaciones en una cumbre en Bruselas, donde los Estados miembros acordaron conceder el pr\u00e9stamo para cubrir los d\u00e9ficits m\u00e1s urgentes de Kiev. Sin embargo, no se alcanz\u00f3 un consenso sobre el uso de los <b>activos rusos congelados<\/b> en la UE como fuente directa de financiamiento.<\/p>\n<p class=\"paragraph\">El acuerdo aporta un respaldo financiero clave para Ucrania en un contexto de presiones internacionales para avanzar hacia un eventual fin del conflicto. El presidente del Consejo Europeo, <b>Antonio Costa<\/b>, confirm\u00f3 la medida en un mensaje publicado en X.<\/p>\n<p class=\"paragraph\">\u201cTenemos un acuerdo. Se aprob\u00f3 la decisi\u00f3n de proporcionar 90.000 millones de euros (105.500 millones de d\u00f3lares) de apoyo a Ucrania para 2026-27\u201d, escribi\u00f3. \u201c<b>Nos comprometimos y cumplimos<\/b>\u201d, a\u00f1adi\u00f3.<\/p>\n<p><img alt=\"El presidente del Consejo Europeo,\" class=\"global-image\" decoding=\"async\" fetchpriority=\"low\" height=\"3715\" loading=\"lazy\" src=\"https:\/\/www.europesays.com\/es\/wp-content\/uploads\/2025\/12\/5WJKNTG735EANNGY6JMNIGIN2Q.JPG\" width=\"5500\"\/>El presidente del Consejo Europeo, Antonio Costa (REUTERS)<\/p>\n<p class=\"paragraph\">Seg\u00fan las conclusiones de la cumbre, los l\u00edderes europeos resolvieron estructurar la asistencia mediante un pr\u00e9stamo respaldado por el <b>presupuesto com\u00fan del bloque<\/b>, luego de intensas discusiones sobre las alternativas disponibles para asegurar los fondos en el corto plazo.<\/p>\n<p class=\"paragraph\">La urgencia del debate respondi\u00f3 a las estimaciones de la propia UE, que calculan que Ucrania necesita <b>135.000 millones de euros adicionales<\/b> para sostener sus finanzas durante los pr\u00f3ximos dos a\u00f1os, con riesgos de una crisis de liquidez a partir de abril.<\/p>\n<p class=\"paragraph\">Durante las negociaciones, la opci\u00f3n prioritaria contempl\u00f3 utilizar cerca de <b>200.000 millones de euros<\/b> en activos del <b>banco central ruso<\/b> congelados dentro de la Uni\u00f3n Europea para respaldar un pr\u00e9stamo a Kiev. Esa alternativa perdi\u00f3 apoyo ante las exigencias de <b>B\u00e9lgica<\/b>, pa\u00eds que concentra la mayor parte de esos activos y reclam\u00f3 garant\u00edas para compartir responsabilidades legales y financieras, consideradas excesivas por otros Estados miembros.<\/p>\n<p class=\"paragraph\">El canciller alem\u00e1n, <b>Friedrich Merz<\/b>, respald\u00f3 de manera firme el uso de los activos rusos congelados. Tras el cierre del acuerdo, afirm\u00f3 que la decisi\u00f3n final \u201c<b>env\u00eda una se\u00f1al clara<\/b>\u201d al presidente ruso, <b>Vladimir Putin<\/b>, en apoyo a Ucrania.<\/p>\n<p><img alt=\"El canciller alem\u00e1n, Friedrich Merz\" class=\"global-image\" decoding=\"async\" fetchpriority=\"low\" height=\"2544\" loading=\"lazy\" src=\"https:\/\/www.europesays.com\/es\/wp-content\/uploads\/2025\/12\/I3XRIFLWTFBNPJINU2EH6IVMVU.JPG\" width=\"3808\"\/>El canciller alem\u00e1n, Friedrich Merz (REUTERS)<\/p>\n<p class=\"paragraph\">Por su parte, el presidente franc\u00e9s, <b>Emmanuel Macron<\/b>, se\u00f1al\u00f3 que en las \u201c<b>pr\u00f3ximas semanas<\/b>\u201d ser\u00e1 necesario encontrar \u201c<b>la manera de que los europeos, con una buena organizaci\u00f3n, reanuden un di\u00e1logo completo con Rusia con total transparencia<\/b>\u201d.<\/p>\n<p class=\"paragraph\">Desde Kiev, la postura a favor de utilizar los activos rusos result\u00f3 expl\u00edcita. Zelenski plante\u00f3 el tema ante los l\u00edderes europeos al inicio de la cumbre del jueves y defendi\u00f3 esa v\u00eda como la m\u00e1s adecuada. \u201c<b>Los activos rusos deben utilizarse para defenderse de la agresi\u00f3n rusa y reconstruir lo destruido por los ataques rusos. Es moral. Es justo. Es legal<\/b>\u201d, afirm\u00f3.<\/p>\n<p class=\"paragraph\">Aunque la herramienta no form\u00f3 parte de la decisi\u00f3n final, la aprobaci\u00f3n del pr\u00e9stamo represent\u00f3 un alivio para Ucrania, que busc\u00f3 una definici\u00f3n antes de fin de a\u00f1o. Zelenski sostuvo ante los l\u00edderes que asegurar una base financiera m\u00e1s s\u00f3lida fortalecer\u00e1 la posici\u00f3n de su pa\u00eds en eventuales conversaciones orientadas a poner fin a la guerra.<\/p>\n<p class=\"paragraph\">En paralelo, avanzaron los contactos diplom\u00e1ticos con <b>Estados Unidos<\/b>. Zelenski anunci\u00f3 que delegaciones ucranianas y estadounidenses mantendr\u00e1n conversaciones el viernes y s\u00e1bado en territorio norteamericano, con el objetivo de profundizar el di\u00e1logo sobre el futuro del conflicto y las condiciones de seguridad.<\/p>\n<p><img alt=\"El presidente de Estados Unidos,\" class=\"global-image\" decoding=\"async\" fetchpriority=\"low\" height=\"3140\" loading=\"lazy\" src=\"https:\/\/www.europesays.com\/es\/wp-content\/uploads\/2025\/12\/WPQ7QVPXXVDU7HOTEFDNZE54XU.jpg\" width=\"5582\"\/>El presidente de Estados Unidos, Donald Trump, se re\u00fane con su hom\u00f3logo de Ucrania, Volodimir Zelensky (AP Foto\/Evan Vucci)<\/p>\n<p class=\"paragraph\">El mandatario ucraniano reclam\u00f3 precisiones de <b>Washington<\/b> sobre las garant\u00edas que podr\u00eda ofrecer para proteger a Ucrania frente a una nueva ofensiva rusa. \u201c<b>\u00bfQu\u00e9 har\u00e1 Estados Unidos si Rusia vuelve a la agresi\u00f3n?<\/b>\u201d, pregunt\u00f3. \u201c<b>\u00bfQu\u00e9 efecto tendr\u00e1n estas garant\u00edas de seguridad? \u00bfC\u00f3mo funcionar\u00e1n?<\/b>\u201d, a\u00f1adi\u00f3.<\/p>\n<p class=\"paragraph\">Desde la capital estadounidense, el presidente <b>Donald Trump<\/b> reiter\u00f3 su postura y mantuvo la presi\u00f3n sobre Kiev para avanzar hacia un entendimiento. Trump afirm\u00f3 que espera que Ucrania \u201c<b>act\u00fae r\u00e1pidamente<\/b>\u201d para alcanzar un acuerdo.<\/p>\n<p class=\"paragraph\">(Con informaci\u00f3n de AFP)<\/p>\n","protected":false},"excerpt":{"rendered":"Zelensky celebr\u00f3 el pr\u00e9stamo de 90.000 millones de euros aprobado por la UE y afirm\u00f3 que \u201cse trata&hellip;\n","protected":false},"author":2,"featured_media":295932,"comment_status":"","ping_status":"","sticky":false,"template":"","format":"standard","meta":{"footnotes":""},"categories":[5],"tags":[17,18,405,25,24,406,13,14,11,62,19,20,9,10,15,16,48876,23,12,21,22],"class_list":{"0":"post-295931","1":"post","2":"type-post","3":"status-publish","4":"format-standard","5":"has-post-thumbnail","7":"category-titulares","8":"tag-breaking-news","9":"tag-breakingnews","10":"tag-diplomacy-foreign-policy","11":"tag-es","12":"tag-espana","13":"tag-europe","14":"tag-featured-news","15":"tag-featurednews","16":"tag-headlines","17":"tag-international","18":"tag-latest-news","19":"tag-latestnews","20":"tag-news","21":"tag-noticias","22":"tag-noticias-destacadas","23":"tag-noticiasdestacadas","24":"tag-relations","25":"tag-spain","26":"tag-titulares","27":"tag-ultimas-noticias","28":"tag-ultimasnoticias"},"share_on_mastodon":{"url":"https:\/\/pubeurope.com\/@es\/115745835835552560","error":""},"_links":{"self":[{"href":"https:\/\/www.europesays.com\/es\/wp-json\/wp\/v2\/posts\/295931","targetHints":{"allow":["GET"]}}],"collection":[{"href":"https:\/\/www.europesays.com\/es\/wp-json\/wp\/v2\/posts"}],"about":[{"href":"https:\/\/www.europesays.com\/es\/wp-json\/wp\/v2\/types\/post"}],"author":[{"embeddable":true,"href":"https:\/\/www.europesays.com\/es\/wp-json\/wp\/v2\/users\/2"}],"replies":[{"embeddable":true,"href":"https:\/\/www.europesays.com\/es\/wp-json\/wp\/v2\/comments?post=295931"}],"version-history":[{"count":0,"href":"https:\/\/www.europesays.com\/es\/wp-json\/wp\/v2\/posts\/295931\/revisions"}],"wp:featuredmedia":[{"embeddable":true,"href":"https:\/\/www.europesays.com\/es\/wp-json\/wp\/v2\/media\/295932"}],"wp:attachment":[{"href":"https:\/\/www.europesays.com\/es\/wp-json\/wp\/v2\/media?parent=295931"}],"wp:term":[{"taxonomy":"category","embeddable":true,"href":"https:\/\/www.europesays.com\/es\/wp-json\/wp\/v2\/categories?post=295931"},{"taxonomy":"post_tag","embeddable":true,"href":"https:\/\/www.europesays.com\/es\/wp-json\/wp\/v2\/tags?post=295931"}],"curies":[{"name":"wp","href":"https:\/\/api.w.org\/{rel}","templated":true}]}}