{"id":295935,"date":"2025-12-19T10:52:13","date_gmt":"2025-12-19T10:52:13","guid":{"rendered":"https:\/\/www.europesays.com\/es\/295935\/"},"modified":"2025-12-19T10:52:13","modified_gmt":"2025-12-19T10:52:13","slug":"caja-rural-rga-y-kern-pharma-ante-el-jeroglifico-de-la-vuelta-a-espana-2026","status":"publish","type":"post","link":"https:\/\/www.europesays.com\/es\/295935\/","title":{"rendered":"Caja Rural-RGA y Kern Pharma, ante el jerogl\u00edfico de la Vuelta a Espa\u00f1a 2026"},"content":{"rendered":"<p class=\"paragraph\">Los equipos navarros<b> Caja Rural-RGA y Kern Pharma <\/b>estuvieron el mi\u00e9rcoles en la <b>presentaci\u00f3n del recorrido de la Vuelta a Espa\u00f1a 2026 en M\u00f3naco.<\/b> Y <b>ninguno de los dos tiene la certeza de que vayan a estar en la salida. Puede estar uno, o los dos.<\/b> Todo<b> depende de lo que quiera Javier Guill\u00e9n<\/b>, la Vuelta y en su defecto ASO, propietario del Tour y la Vuelta.<\/p>\n<p class=\"paragraph\">\u00a0La UCI, por petici\u00f3n de los equipos, accedi\u00f3<b> en la \u00faltima edici\u00f3n a que fuesen 23 las formaciones que disputaran la Vuelta. <\/b>Pero hay una diferencia respecto a 2025. Estar\u00e1n <b>los 18 equipos del World Tour (Movistar incluido), los tres siguientes por ranking: Tudor, el Q365 y el Cofidis. <\/b>Y quedan<b> dos plazas <\/b>para la que optan las tres formaciones espa\u00f1olas que quedaron en el top 30 a finales de la campa\u00f1a 2025. <b>Burgos, Caja Rural y Kern Pharma.<\/b><\/p>\n<p class=\"paragraph\"><b>\u00a0<\/b>\u00bfY a qui\u00e9n invitar\u00e1 Javier Guill\u00e9n?<b> Si se sigue el criterio de la rotaci\u00f3n, Kern Pharma (ganador de tres etapas en 2024, ausente en 2025) deber\u00eda estar en la salida.<\/b> Si se queda fuera, una segunda ausencia supondr\u00eda un torpedo en la l\u00ednea de flotaci\u00f3n del proyecto.\u00a0<\/p>\n<p class=\"paragraph\"><b>Desde 2012 Caja Rural ha estado presente en 12 ediciones. <\/b>Las dos \u00fanicas veces que se ha quedado fuera ha sido en 2022 y 2024. <b>Por rotaci\u00f3n, podr\u00eda quedar fuera.\u00a0<\/b>Pero<b> por ranking, de los tres aspirantes es el mejor, 23\u00ba del mundo.<\/b> Desde 2018 Burgos ha corrido siete veces, se qued\u00f3 fuera solo en 2024.<\/p>\n<p class=\"c-detail__box__title\"><b>\u00bfY si Caja Rural es invitado al Tour de Francia?<\/b><\/p>\n<p class=\"paragraph\">Puede darse que la Vuelta invitara al Burgos y al Kern, y el Tour apostara por Caja Rural. En el Tour est\u00e1n los 18 WT, los tres por ranking, Total Energies invitado y queda una plaza entre Unibet (una casa de apuestas), Caja, Burgos y Kern Pharma.<\/p>\n<p>Te puede interesar<img decoding=\"async\" loading=\"lazy\" alt=\"Los ciclistas del Kern Pharma han aprovechado estos d\u00edas para hacer ajustes.\" width=\"396\" height=\"252\" src=\"https:\/\/www.europesays.com\/es\/wp-content\/uploads\/2025\/12\/69222a63726f0.jpeg\"\/><img decoding=\"async\" loading=\"lazy\" alt=\"La Vuelta 26 partir\u00e1 del Casino de M\u00f3naco y coronar\u00e1 al campe\u00f3n en la Alhambra de Granada\" width=\"396\" height=\"252\" src=\"https:\/\/www.europesays.com\/es\/wp-content\/uploads\/2025\/12\/694304eabf443.jpeg\"\/><\/p>\n","protected":false},"excerpt":{"rendered":"Los equipos navarros Caja Rural-RGA y Kern Pharma estuvieron el mi\u00e9rcoles en la presentaci\u00f3n del recorrido de la&hellip;\n","protected":false},"author":2,"featured_media":295936,"comment_status":"","ping_status":"","sticky":false,"template":"","format":"standard","meta":{"footnotes":""},"categories":[273],"tags":[8221,313,312,168,25,24,5803,5804,15198,2241,23,167],"class_list":{"0":"post-295935","1":"post","2":"type-post","3":"status-publish","4":"format-standard","5":"has-post-thumbnail","7":"category-ciclismo","8":"tag-caja","9":"tag-ciclismo","10":"tag-cycling","11":"tag-deportes","12":"tag-es","13":"tag-espana","14":"tag-kern","15":"tag-pharma","16":"tag-rga","17":"tag-rural","18":"tag-spain","19":"tag-sports"},"share_on_mastodon":{"url":"https:\/\/pubeurope.com\/@es\/115745859092375733","error":""},"_links":{"self":[{"href":"https:\/\/www.europesays.com\/es\/wp-json\/wp\/v2\/posts\/295935","targetHints":{"allow":["GET"]}}],"collection":[{"href":"https:\/\/www.europesays.com\/es\/wp-json\/wp\/v2\/posts"}],"about":[{"href":"https:\/\/www.europesays.com\/es\/wp-json\/wp\/v2\/types\/post"}],"author":[{"embeddable":true,"href":"https:\/\/www.europesays.com\/es\/wp-json\/wp\/v2\/users\/2"}],"replies":[{"embeddable":true,"href":"https:\/\/www.europesays.com\/es\/wp-json\/wp\/v2\/comments?post=295935"}],"version-history":[{"count":0,"href":"https:\/\/www.europesays.com\/es\/wp-json\/wp\/v2\/posts\/295935\/revisions"}],"wp:featuredmedia":[{"embeddable":true,"href":"https:\/\/www.europesays.com\/es\/wp-json\/wp\/v2\/media\/295936"}],"wp:attachment":[{"href":"https:\/\/www.europesays.com\/es\/wp-json\/wp\/v2\/media?parent=295935"}],"wp:term":[{"taxonomy":"category","embeddable":true,"href":"https:\/\/www.europesays.com\/es\/wp-json\/wp\/v2\/categories?post=295935"},{"taxonomy":"post_tag","embeddable":true,"href":"https:\/\/www.europesays.com\/es\/wp-json\/wp\/v2\/tags?post=295935"}],"curies":[{"name":"wp","href":"https:\/\/api.w.org\/{rel}","templated":true}]}}