{"id":295957,"date":"2025-12-19T11:08:08","date_gmt":"2025-12-19T11:08:08","guid":{"rendered":"https:\/\/www.europesays.com\/es\/295957\/"},"modified":"2025-12-19T11:08:08","modified_gmt":"2025-12-19T11:08:08","slug":"matias-s-zavia-se-une-al-equipo-pr-de-freepik","status":"publish","type":"post","link":"https:\/\/www.europesays.com\/es\/295957\/","title":{"rendered":"Mat\u00edas S. Zavia se une al equipo PR de Freepik"},"content":{"rendered":"<p><strong>En su nuevo rol trabajar\u00e1 para reforzar la apuesta estrat\u00e9gica de Freepik por consolidarse como una de las principales empresas de IA en Europa<\/strong><\/p>\n<p><a href=\"https:\/\/www.freepik.es\/\" rel=\"nofollow noopener\" target=\"_blank\"><strong>Freepik<\/strong><\/a>, empresa tecnol\u00f3gica especializada en IA generativa y recursos gr\u00e1ficos de stock, ha incorporado a Mat\u00edas S. Zavia a su equipo de PR &amp; communications. La incorporaci\u00f3n de Zavia se produce en un momento clave para el sector y para la propia compa\u00f1\u00eda.<\/p>\n<p>Mat\u00edas S. Zavia ha desarrollado su carrera en medios de comunicaci\u00f3n enfocados en la tecnolog\u00eda, viviendo la transformaci\u00f3n del sector de los \u00faltimos a\u00f1os en primera persona. Lejos de entender la inteligencia artificial como una amenaza, Zavia la concibe como una palanca de cambio que obliga a elevar el nivel del criterio humano, la creatividad y la capacidad de contextualizar. En su nuevo rol ser\u00e1 pieza clave para definir y ejecutar la estrategia de comunicaci\u00f3n y relaciones p\u00fablicas de Freepik.<\/p>\n<p>\u201cUnirme a Freepik tiene algo de c\u00edrculo que se cierra. La IA fue un punto de inflexi\u00f3n en mi carrera, redefini\u00f3 mi trabajo y me oblig\u00f3 a replantearme mi rol. Ahora me da la oportunidad de seguir haciendo lo que mejor s\u00e9 hacer: contar historias relevantes para la sociedad y para la industria tecnol\u00f3gica. Asumo este reto con verdadera ilusi\u00f3n y voy a trabajar para que esta uni\u00f3n entre humano y tecnolog\u00eda lleve a la IA que se cuece en M\u00e1laga a todo el planeta\u201d, afirma Mat\u00edas S. Zavia.<\/p>\n<p>\u00a0<\/p>\n","protected":false},"excerpt":{"rendered":"En su nuevo rol trabajar\u00e1 para reforzar la apuesta estrat\u00e9gica de Freepik por consolidarse como una de las&hellip;\n","protected":false},"author":2,"featured_media":295958,"comment_status":"","ping_status":"","sticky":false,"template":"","format":"standard","meta":{"footnotes":""},"categories":[81],"tags":[9613,9616,229,1924,119,123,124,5262,3213,9618,9610,234,25,24,9611,244,1294,9614,2736,1827,9609,9612,9608,6371,9617,117,121,122,23,118,120,9615],"class_list":{"0":"post-295957","1":"post","2":"type-post","3":"status-publish","4":"format-standard","5":"has-post-thumbnail","7":"category-ciencia-y-tecnologia","8":"tag-advertainment","9":"tag-anuncios","10":"tag-arte","11":"tag-branded-content","12":"tag-ciencia","13":"tag-ciencia-y-tecnologia","14":"tag-cienciaytecnologia","15":"tag-comunicacion","16":"tag-consumo","17":"tag-control-de-publici","18":"tag-creatividad","19":"tag-diseno","20":"tag-es","21":"tag-espana","22":"tag-estrategia-publicitaria","23":"tag-fotografia","24":"tag-investigacion","25":"tag-marcas","26":"tag-marketing","27":"tag-medios","28":"tag-mobile","29":"tag-planner","30":"tag-produccion","31":"tag-publicidad","32":"tag-publicistas","33":"tag-science","34":"tag-science-and-technology","35":"tag-scienceandtechnology","36":"tag-spain","37":"tag-technology","38":"tag-tecnologia","39":"tag-transmedia"},"share_on_mastodon":{"url":"https:\/\/pubeurope.com\/@es\/115745921816904127","error":""},"_links":{"self":[{"href":"https:\/\/www.europesays.com\/es\/wp-json\/wp\/v2\/posts\/295957","targetHints":{"allow":["GET"]}}],"collection":[{"href":"https:\/\/www.europesays.com\/es\/wp-json\/wp\/v2\/posts"}],"about":[{"href":"https:\/\/www.europesays.com\/es\/wp-json\/wp\/v2\/types\/post"}],"author":[{"embeddable":true,"href":"https:\/\/www.europesays.com\/es\/wp-json\/wp\/v2\/users\/2"}],"replies":[{"embeddable":true,"href":"https:\/\/www.europesays.com\/es\/wp-json\/wp\/v2\/comments?post=295957"}],"version-history":[{"count":0,"href":"https:\/\/www.europesays.com\/es\/wp-json\/wp\/v2\/posts\/295957\/revisions"}],"wp:featuredmedia":[{"embeddable":true,"href":"https:\/\/www.europesays.com\/es\/wp-json\/wp\/v2\/media\/295958"}],"wp:attachment":[{"href":"https:\/\/www.europesays.com\/es\/wp-json\/wp\/v2\/media?parent=295957"}],"wp:term":[{"taxonomy":"category","embeddable":true,"href":"https:\/\/www.europesays.com\/es\/wp-json\/wp\/v2\/categories?post=295957"},{"taxonomy":"post_tag","embeddable":true,"href":"https:\/\/www.europesays.com\/es\/wp-json\/wp\/v2\/tags?post=295957"}],"curies":[{"name":"wp","href":"https:\/\/api.w.org\/{rel}","templated":true}]}}