{"id":295989,"date":"2025-12-19T11:32:10","date_gmt":"2025-12-19T11:32:10","guid":{"rendered":"https:\/\/www.europesays.com\/es\/295989\/"},"modified":"2025-12-19T11:32:10","modified_gmt":"2025-12-19T11:32:10","slug":"telefonica-unica-operadora-con-voz-sobre-5g-en-toda-espana","status":"publish","type":"post","link":"https:\/\/www.europesays.com\/es\/295989\/","title":{"rendered":"Telef\u00f3nica, \u00fanica operadora con voz sobre 5G en toda Espa\u00f1a"},"content":{"rendered":"\n<p>Telef\u00f3nica es la primera operadora en Espa\u00f1a que ha completado el despliegue en toda Espa\u00f1a de la voz sobre 5G VoNR (Voice over New Radio), de manera que todas las llamadas de voz pueden cursarse a trav\u00e9s del 5G Stand Alone (5GSA), aprovechando la cobertura que la operadora ya ofrece en m\u00e1s del 94% del pa\u00eds.<\/p>\n<p>La tecnolog\u00eda VoNR aporta una calidad de voz superior, con mayor calidad, nitidez y estabilidad en las llamadas. Adem\u00e1s, permite realizar llamadas mientras se mantienen simult\u00e1neamente servicios que requieren gran cantidad de datos, como v\u00eddeo en alta definici\u00f3n, juegos en la nube o aplicaciones profesionales cr\u00edticas, sin cortes ni degradaci\u00f3n de la conexi\u00f3n.<\/p>\n<p>Telef\u00f3nica ya ha empleado la voz sobre 5G en entornos en los que es de especial utilidad, como eventos con concentraci\u00f3n masiva de personas que suelen usar las llamadas de voz. Tambi\u00e9n es de relevancia para las empresas, ya que la voz es una herramienta importante para comunicarse en este entorno.<\/p>\n<p>El servicio VoNR de Telef\u00f3nica est\u00e1 disponible para clientes Movistar con dispositivos 5G compatibles, sin necesidad de cambiar de n\u00famero ni de contratar un plan espec\u00edfico adicional. Esta disponibilidad se ampliar\u00e1 a medida que se vayan certificando nuevos terminales, lo que facilitar\u00e1 la adopci\u00f3n masiva de esta tecnolog\u00eda en los pr\u00f3ximos meses.<\/p>\n<p>Para poder alcanzar este hito en la red 5G, ha sido fundamental el impulso realizado por Telef\u00f3nica en la red 5G SA que actualmente llega ya a m\u00e1s de 5.700 municipios, ya sea a trav\u00e9s de la banda de 700 MHz, de la de 3.500 MHz o en ambas.<\/p>\n<p>El 5G SA potencia las capacidades del 5G al emplearlo en toda la infraestructura de red, lo que permite facilitar la implantaci\u00f3n de funcionalidades como la voz sobre 5G, el Network Slicing o el Edge Computing, que son de gran relevancia especialmente en sectores como la industria o la log\u00edstica (puertos o transporte por carretera) y en servicios p\u00fablicos como la atenci\u00f3n al ciudadano (Smart Cities).<\/p>\n<p>Con este lanzamiento, Telef\u00f3nica refuerza su compromiso con la innovaci\u00f3n y con el desarrollo del ecosistema 5G en Espa\u00f1a al seguir ampliando las capacidades de una red de calidad, con altas prestaciones y creciente capilaridad.<\/p>\n","protected":false},"excerpt":{"rendered":"Telef\u00f3nica es la primera operadora en Espa\u00f1a que ha completado el despliegue en toda Espa\u00f1a de la voz&hellip;\n","protected":false},"author":2,"featured_media":295990,"comment_status":"","ping_status":"","sticky":false,"template":"","format":"standard","meta":{"footnotes":""},"categories":[80],"tags":[82,95,94,25,24,23],"class_list":{"0":"post-295989","1":"post","2":"type-post","3":"status-publish","4":"format-standard","5":"has-post-thumbnail","7":"category-economia","8":"tag-business","9":"tag-economia","10":"tag-economy","11":"tag-es","12":"tag-espana","13":"tag-spain"},"share_on_mastodon":{"url":"https:\/\/pubeurope.com\/@es\/115746016171988629","error":""},"_links":{"self":[{"href":"https:\/\/www.europesays.com\/es\/wp-json\/wp\/v2\/posts\/295989","targetHints":{"allow":["GET"]}}],"collection":[{"href":"https:\/\/www.europesays.com\/es\/wp-json\/wp\/v2\/posts"}],"about":[{"href":"https:\/\/www.europesays.com\/es\/wp-json\/wp\/v2\/types\/post"}],"author":[{"embeddable":true,"href":"https:\/\/www.europesays.com\/es\/wp-json\/wp\/v2\/users\/2"}],"replies":[{"embeddable":true,"href":"https:\/\/www.europesays.com\/es\/wp-json\/wp\/v2\/comments?post=295989"}],"version-history":[{"count":0,"href":"https:\/\/www.europesays.com\/es\/wp-json\/wp\/v2\/posts\/295989\/revisions"}],"wp:featuredmedia":[{"embeddable":true,"href":"https:\/\/www.europesays.com\/es\/wp-json\/wp\/v2\/media\/295990"}],"wp:attachment":[{"href":"https:\/\/www.europesays.com\/es\/wp-json\/wp\/v2\/media?parent=295989"}],"wp:term":[{"taxonomy":"category","embeddable":true,"href":"https:\/\/www.europesays.com\/es\/wp-json\/wp\/v2\/categories?post=295989"},{"taxonomy":"post_tag","embeddable":true,"href":"https:\/\/www.europesays.com\/es\/wp-json\/wp\/v2\/tags?post=295989"}],"curies":[{"name":"wp","href":"https:\/\/api.w.org\/{rel}","templated":true}]}}