{"id":296011,"date":"2025-12-19T11:49:14","date_gmt":"2025-12-19T11:49:14","guid":{"rendered":"https:\/\/www.europesays.com\/es\/296011\/"},"modified":"2025-12-19T11:49:14","modified_gmt":"2025-12-19T11:49:14","slug":"su-mujer-hailey-muy-preocupada","status":"publish","type":"post","link":"https:\/\/www.europesays.com\/es\/296011\/","title":{"rendered":"su mujer Hailey, muy preocupada"},"content":{"rendered":"<p><img loading=\"lazy\" decoding=\"async\" src=\"https:\/\/www.europesays.com\/es\/wp-content\/uploads\/2025\/12\/100x100_informalia-logo.jpg\" itemtype=\"\/\/schema.org\/ImageObject\" itemprop=\"url\" alt=\"Informalia\" width=\"64\" height=\"64\" pinger-seen=\"true\"\/><\/p>\n<p>Desde hace unos meses, la preocupaci\u00f3n en el entorno de<b> Justin Bieber<\/b> (31) es m\u00e1xima. El cantante de Baby atraviesa un momento personal delicado mientras se recupera de una reca\u00edda en las drogas y de sus conocidos \u00abataques de ira\u00bb, tal y como \u00e9l mismo reconoci\u00f3 hace un tiempo en sus redes sociales. Fue, precisamente, este verano cuando <a href=\"https:\/\/www.eleconomista.es\/informalia\/famosos\/noticias\/13451951\/07\/25\/justin-bieber-elige-mallorca-para-su-desintoxicacion-la-lujosa-villa-donde-se-aloja-tras-meses-de-preocupacion-por-su-salud.html\" title=\"Justin Bieber elige Mallorca para su &quot;desintoxicaci\u00f3n&quot;: la lujosa villa donde se aloja tras meses de preocupaci\u00f3n por su salud\" rel=\"nofollow noopener\" target=\"_blank\">se dej\u00f3 ver \u00abdesintoxic\u00e1ndose\u00bb en Mallorca junto a su mujer Hailey (29)<\/a>, poniendo tierra de por medio y alej\u00e1ndose del foco medi\u00e1tico.<\/p>\n<p>Tras varios meses de aparente calma y lejos de titulares por su comportamiento en p\u00fablico, el artista internacional ha vuelto al ojo del hurac\u00e1n. \u00bfEl motivo? <b>Una pelea en plena calle<\/b>, a las puertas de un local, que se ha hecho viral.<\/p>\n<p>En el v\u00eddeo, difundido por TMZ, se puede ver al int\u00e9rprete de Never Say Never, Sorry y otros \u00e9xitos mundiales envuelto <b>en una acalorada discusi\u00f3n con varios hombres,<\/b> <b>que acaba subiendo de tono hasta llegar a los empujones, las manos y el suelo<\/b>. Todo ello ante la mirada de su esposa, seg\u00fan apunta el citado medio.<\/p>\n<blockquote class=\"twitter-tweet\"><p>&#13;<\/p>\n<p dir=\"ltr\" lang=\"es\">CAPTAN A JUSTIN BIEBER EN ACALORADA PELEA<\/p>\n<p>Durante las primeras horas de este mi\u00e9rcoles 17 de diciembre, se dio a conocer un metraje donde el cantante canadiense <a rel=\"nofollow noopener\" href=\"https:\/\/twitter.com\/justinbieber?ref_src=twsrc%5Etfw\" target=\"_blank\">@justinbieber<\/a> es brutalmente golpeado por un hombre con el que mantuvo una <a rel=\"nofollow noopener\" href=\"https:\/\/twitter.com\/hashtag\/discusi%C3%B3n?src=hash&amp;ref_src=twsrc%5Etfw\" target=\"_blank\">#discusi\u00f3n<\/a> momentos antes.<\/p>\n<p>El metraje,\u2026 <a rel=\"nofollow\" href=\"https:\/\/t.co\/4BrAelNQM7\" target=\"_blank\">pic.twitter.com\/4BrAelNQM7<\/a><\/p>\n<p>&#13;<br \/>\n\u2014 24 Morelos (@24_morelos) <a rel=\"nofollow noopener\" href=\"https:\/\/twitter.com\/24_morelos\/status\/2001347457134006661?ref_src=twsrc%5Etfw\" target=\"_blank\">December 17, 2025<\/a><\/p><\/blockquote>\n<p>Eso s\u00ed, no todo est\u00e1 tan claro. Entre los comentarios de la publicaci\u00f3n, <b>algunos usuarios aseguran que las im\u00e1genes no ser\u00edan recientes<\/b>, sino que corresponder\u00edan a 2016, el a\u00f1o en el que el comportamiento de Bieber protagoniz\u00f3 numerosos titulares en los medios. Por el momento, ni \u00e9l ni su entorno se ha pronunciado al respecto. Sin embargo, como apunt\u00e1bamos, hace unos a\u00f1os, el autor de What Do You Mean <a href=\"https:\/\/www.eleconomista.es\/informalia\/famosos\/noticias\/13271641\/03\/25\/justin-bieber-confiesa-a-sus-fans-lo-que-no-le-permitian-hacer-cuando-empezo-a-triunfar-como-no-sentir-odio.html\" title=\"Justin Bieber confiesa a sus fans lo que no le permit\u00edan hacer cuando empez\u00f3 a triunfar: &quot;\u00bfC\u00f3mo no sentir odio?&quot;\" rel=\"nofollow noopener\" target=\"_blank\">pas\u00f3 por una depresi\u00f3n y problemas con las adicciones<\/a>. Tambi\u00e9n, recientemente, <a href=\"https:\/\/www.eleconomista.es\/informalia\/famosos\/noticias\/13312697\/04\/25\/justin-bieber-estalla-tras-los-rumores-de-crisis-con-hailey-solo-os-importa-el-dinero-no-las-personas.html\" title=\"El tremendo rebote de Justin Bieber al increpar a un grupo de paparazzis: &quot;Solo os importa el dinero&quot;\" rel=\"nofollow noopener\" target=\"_blank\">fue objeto de cr\u00edticas por su rebote con la prensa<\/a>.<\/p>\n<p>WhatsApp<a href=\"https:\/\/api.whatsapp.com\/send?text=https:\/\/www.eleconomista.es\/informalia\/famosos\/noticias\/13696766\/12\/25\/las-imagenes-de-justin-bieber-en-una-acalorada-discusion-que-acaba-en-las-manos-su-mujer-hailey-muy-preocupada.html?utm_source%3Dwhatsapp%26utm_medium%3Dshare_button&amp;id=1648118629957_whatsapp\" target=\"_blank\" data-action=\"share\/whatsapp\/share\" aria-label=\"Compartir en Whatsapp\" rel=\"nofollow noopener\"><\/a>Facebook<a id=\"fb-share\" href=\"#\" target=\"_blank\" rel=\"noopener noreferrer\" aria-label=\"Compartir en Facebook\"><\/a>Twitter<a href=\"https:\/\/twitter.com\/share?text=Las+im%C3%A1genes+de+Justin+Bieber+en+una+acalorada+discusi%C3%B3n+que+acaba+en+las+manos%3A+su+mujer+Hailey%2C+muy+preocupada&amp;url=https:\/\/www.eleconomista.es\/informalia\/famosos\/noticias\/13696766\/12\/25\/las-imagenes-de-justin-bieber-en-una-acalorada-discusion-que-acaba-en-las-manos-su-mujer-hailey-muy-preocupada.html&amp;via=Informalia&amp;id=1648118839245_twitter\" target=\"_blank\" aria-label=\"Compartir en Twitter\" rel=\"nofollow noopener\"><\/a>Linkedin<a onclick=\"return abrirLinkedin();\" href=\"https:\/\/www.linkedin.com\/shareArticle?text=Las+im%C3%A1genes+de+Justin+Bieber+en+una+acalorada+discusi%C3%B3n+que+acaba+en+las+manos%3A+su+mujer+Hailey%2C+muy+preocupada&amp;url=https:\/\/www.eleconomista.es\/informalia\/famosos\/noticias\/13696766\/12\/25\/las-imagenes-de-justin-bieber-en-una-acalorada-discusion-que-acaba-en-las-manos-su-mujer-hailey-muy-preocupada.html&amp;mini=true\" target=\"_blank\" aria-label=\"Compartir en linkedin\" rel=\"nofollow noopener\"><\/a>Beloud<a href=\"https:\/\/beloud.com\/share?text=Las+im%C3%A1genes+de+Justin+Bieber+en+una+acalorada+discusi%C3%B3n+que+acaba+en+las+manos%3A+su+mujer+Hailey%2C+muy+preocupada&amp;url=https:\/\/www.eleconomista.es\/informalia\/famosos\/noticias\/13696766\/12\/25\/las-imagenes-de-justin-bieber-en-una-acalorada-discusion-que-acaba-en-las-manos-su-mujer-hailey-muy-preocupada.html&amp;via=Informalia&amp;id=1648118839245_beloud\" target=\"_blank\" aria-label=\"Compartir en beloud\" rel=\"nofollow noopener\"><\/a>Bluesky<a href=\"https:\/\/bsky.app\/intent\/compose?text=https:\/\/bsky.app\/intent\/compose?text=https:\/\/www.eleconomista.es\/informalia\/famosos\/noticias\/13696766\/12\/25\/las-imagenes-de-justin-bieber-en-una-acalorada-discusion-que-acaba-en-las-manos-su-mujer-hailey-muy-preocupada.html&amp;url=https:\/\/www.eleconomista.es\/informalia\/famosos\/noticias\/13696766\/12\/25\/las-imagenes-de-justin-bieber-en-una-acalorada-discusion-que-acaba-en-las-manos-su-mujer-hailey-muy-preocupada.html&amp;via=elEconomistaes&amp;id=1648118839245_bluesky\" target=\"_blank\" aria-label=\"Compartir en bluesky\" rel=\"nofollow noopener\"><\/a><\/p>\n<p><script async src=\"https:\/\/platform.twitter.com\/widgets.js\" charset=\"utf-8\"><\/script><\/p>\n","protected":false},"excerpt":{"rendered":"Desde hace unos meses, la preocupaci\u00f3n en el entorno de Justin Bieber (31) es m\u00e1xima. El cantante de&hellip;\n","protected":false},"author":2,"featured_media":296012,"comment_status":"","ping_status":"","sticky":false,"template":"","format":"standard","meta":{"footnotes":""},"categories":[170],"tags":[146,147,25,24,260,184,185,23],"class_list":{"0":"post-296011","1":"post","2":"type-post","3":"status-publish","4":"format-standard","5":"has-post-thumbnail","7":"category-musica","8":"tag-entertainment","9":"tag-entretenimiento","10":"tag-es","11":"tag-espana","12":"tag-gente","13":"tag-music","14":"tag-musica","15":"tag-spain"},"share_on_mastodon":{"url":"https:\/\/pubeurope.com\/@es\/115746083307447403","error":""},"_links":{"self":[{"href":"https:\/\/www.europesays.com\/es\/wp-json\/wp\/v2\/posts\/296011","targetHints":{"allow":["GET"]}}],"collection":[{"href":"https:\/\/www.europesays.com\/es\/wp-json\/wp\/v2\/posts"}],"about":[{"href":"https:\/\/www.europesays.com\/es\/wp-json\/wp\/v2\/types\/post"}],"author":[{"embeddable":true,"href":"https:\/\/www.europesays.com\/es\/wp-json\/wp\/v2\/users\/2"}],"replies":[{"embeddable":true,"href":"https:\/\/www.europesays.com\/es\/wp-json\/wp\/v2\/comments?post=296011"}],"version-history":[{"count":0,"href":"https:\/\/www.europesays.com\/es\/wp-json\/wp\/v2\/posts\/296011\/revisions"}],"wp:featuredmedia":[{"embeddable":true,"href":"https:\/\/www.europesays.com\/es\/wp-json\/wp\/v2\/media\/296012"}],"wp:attachment":[{"href":"https:\/\/www.europesays.com\/es\/wp-json\/wp\/v2\/media?parent=296011"}],"wp:term":[{"taxonomy":"category","embeddable":true,"href":"https:\/\/www.europesays.com\/es\/wp-json\/wp\/v2\/categories?post=296011"},{"taxonomy":"post_tag","embeddable":true,"href":"https:\/\/www.europesays.com\/es\/wp-json\/wp\/v2\/tags?post=296011"}],"curies":[{"name":"wp","href":"https:\/\/api.w.org\/{rel}","templated":true}]}}