{"id":296021,"date":"2025-12-19T11:54:09","date_gmt":"2025-12-19T11:54:09","guid":{"rendered":"https:\/\/www.europesays.com\/es\/296021\/"},"modified":"2025-12-19T11:54:09","modified_gmt":"2025-12-19T11:54:09","slug":"epson-lleva-a-ise-2026-una-exploracion-inmersiva-de-la-proyeccion-aplicada-a-la-arquitectura-la-educacion-y-los-entornos-culturales-interempresas-net","status":"publish","type":"post","link":"https:\/\/www.europesays.com\/es\/296021\/","title":{"rendered":"Epson lleva a ISE 2026 una exploraci\u00f3n inmersiva de la proyecci\u00f3n aplicada a la arquitectura, la educaci\u00f3n y los entornos culturales &#8211; Interempresas.net"},"content":{"rendered":"<ol>\n<li><a href=\"https:\/\/news.google.com\/rss\/articles\/CBMi1gFBVV95cUxNZXJfWU5laGthZ1g5SmRxbFBQb0JGRWFnZzBnNEtjZmNqcW1uWHJ1Q3B1TVlSbDYxMjZaRkJtOE81MnNBa29iSUJyWFZjZFExVzdzcDBoYjdEY1pZdE1BX0c0RV94SkxUSWh4M0otNHJQbWhOZHFFZ2ZueURPMkEwU0pUMjV3QlVrOXVJRnM2VnRPdVh4YWNaemhMOHZSd2VQbF9vY2ktOXB5UkphQ0RIamZacWo0UURkNTlNN1ZEZC1IWW1hMm9kUWpGQUFDOHIwVDUxSGJR?oc=5\" target=\"_blank\" rel=\"nofollow noopener\">Epson lleva a ISE 2026 una exploraci\u00f3n inmersiva de la proyecci\u00f3n aplicada a la arquitectura, la educaci\u00f3n y los entornos culturales<\/a>&nbsp;&nbsp;Interempresas.net<\/li>\n<li><a href=\"https:\/\/news.google.com\/rss\/articles\/CBMirAFBVV95cUxQUV9HdnYzdnB2VUlGQ2xTenJuYzJEOWhwWTU1M1NpZGE4eU9aV09PaUNvay1lOGZFZ2dqNWQyTVVONUFEZUpJMFVFRDV2SGctOG9MMGpLc0NWSHctTmpXSTg2dXRBdEpZNE90M0pNeG8xaGtyR0RzLVJKaHU1SUdMTnVDejJObEZFWjVRNU5KWHlmUm9YRTFGNmVxOXlZcVM2UEgwYzNZUDBSZkZP?oc=5\" target=\"_blank\" rel=\"nofollow noopener\">Epson llevar\u00e1 a ISE 2026 su propuesta de videoproyecci\u00f3n m\u00e1s ambiciosa<\/a>&nbsp;&nbsp;Digital AV Magazine<\/li>\n<li><a href=\"https:\/\/news.google.com\/rss\/articles\/CBMilwFBVV95cUxNRlM1Yl9TTzE2Nng4Tkc4TGNJUUM1Y1ptQkQ1cVFBTHNHYk91QjJ4WHVqYVlBaWZkTDV1MGV2c05zM09uYm5oNTJhaHdNa0hJcHJDc1gtNEpfWkRwMjFxaWdoYV84WURvM1ZZT2hTeGd1c0lYWDNVVldHSjdONjBMRTZWU0hhSzg0c2NSZ2s2dGdtQ004cWcw?oc=5\" target=\"_blank\" rel=\"nofollow noopener\">Epson lanzar\u00e1 en ISE 2026 su mayor propuesta de videoproyecci\u00f3n<\/a>&nbsp;&nbsp;revista on off<\/li>\n<li><a href=\"https:\/\/news.google.com\/rss\/articles\/CBMiqgFBVV95cUxNQzhjYW51dkJGcXNhdjFraXRGbHRYWWk2LUFJMFNMOUNWODE0WHhucGZ0ZEJCWC1nZGlTQi1JX202ZldDaFVsUlAwRVdPRFdVUGpvSFdNYkN3c2VPeHp3M1lULU4tUzZwc0dYdkNrM0MzQ2Q4RE9iYnBrVUduZWJvLUVCbG83S25DQWNqbnNGXzFLMm40N2dsSjFiYzZfNVhndElLZUJtQV9rZw?oc=5\" target=\"_blank\" rel=\"nofollow noopener\">Epson anuncia un nuevo proyector insignia de alta luminosidad<\/a>&nbsp;&nbsp;Notebookcheck.org<\/li>\n<li><a href=\"https:\/\/news.google.com\/rss\/articles\/CBMiqAFBVV95cUxOOVhwVFA5T3JPU05lUnlzZFlvZktnRTJaLW1hZmN6WU5SdkFtNE5hZVgxNy1xdjhVaEhuRHJOVlVkSW9VWllOamZxVDhxMC1MMldCRktRSU05VExVdEFhQ0RPcWt0WTNRWG9RN0ZsdXhuLTZ4NzU1SEQxS1FjME50UWh4Y3JVTTBUOE5PbDV5QnZKU09ack56RzZyaGZSN3draWhfN2pjX08?oc=5\" target=\"_blank\" rel=\"nofollow noopener\">Epson presentar\u00e1 su propuesta de videoproyecci\u00f3n m\u00e1s ambiciosa en ISE 2026<\/a>&nbsp;&nbsp;Marr\u00f3n y Blanco<\/li>\n<\/ol>\n","protected":false},"excerpt":{"rendered":"Epson lleva a ISE 2026 una exploraci\u00f3n inmersiva de la proyecci\u00f3n aplicada a la arquitectura, la educaci\u00f3n y&hellip;\n","protected":false},"author":2,"featured_media":296022,"comment_status":"","ping_status":"","sticky":false,"template":"","format":"standard","meta":{"footnotes":""},"categories":[81],"tags":[119,123,124,25,24,117,121,122,23,118,120],"class_list":{"0":"post-296021","1":"post","2":"type-post","3":"status-publish","4":"format-standard","5":"has-post-thumbnail","7":"category-ciencia-y-tecnologia","8":"tag-ciencia","9":"tag-ciencia-y-tecnologia","10":"tag-cienciaytecnologia","11":"tag-es","12":"tag-espana","13":"tag-science","14":"tag-science-and-technology","15":"tag-scienceandtechnology","16":"tag-spain","17":"tag-technology","18":"tag-tecnologia"},"share_on_mastodon":{"url":"https:\/\/pubeurope.com\/@es\/115746102705863388","error":""},"_links":{"self":[{"href":"https:\/\/www.europesays.com\/es\/wp-json\/wp\/v2\/posts\/296021","targetHints":{"allow":["GET"]}}],"collection":[{"href":"https:\/\/www.europesays.com\/es\/wp-json\/wp\/v2\/posts"}],"about":[{"href":"https:\/\/www.europesays.com\/es\/wp-json\/wp\/v2\/types\/post"}],"author":[{"embeddable":true,"href":"https:\/\/www.europesays.com\/es\/wp-json\/wp\/v2\/users\/2"}],"replies":[{"embeddable":true,"href":"https:\/\/www.europesays.com\/es\/wp-json\/wp\/v2\/comments?post=296021"}],"version-history":[{"count":0,"href":"https:\/\/www.europesays.com\/es\/wp-json\/wp\/v2\/posts\/296021\/revisions"}],"wp:featuredmedia":[{"embeddable":true,"href":"https:\/\/www.europesays.com\/es\/wp-json\/wp\/v2\/media\/296022"}],"wp:attachment":[{"href":"https:\/\/www.europesays.com\/es\/wp-json\/wp\/v2\/media?parent=296021"}],"wp:term":[{"taxonomy":"category","embeddable":true,"href":"https:\/\/www.europesays.com\/es\/wp-json\/wp\/v2\/categories?post=296021"},{"taxonomy":"post_tag","embeddable":true,"href":"https:\/\/www.europesays.com\/es\/wp-json\/wp\/v2\/tags?post=296021"}],"curies":[{"name":"wp","href":"https:\/\/api.w.org\/{rel}","templated":true}]}}