{"id":296025,"date":"2025-12-19T11:56:09","date_gmt":"2025-12-19T11:56:09","guid":{"rendered":"https:\/\/www.europesays.com\/es\/296025\/"},"modified":"2025-12-19T11:56:09","modified_gmt":"2025-12-19T11:56:09","slug":"putin-celebra-el-fracaso-de-la-ue-en-movilizar-los-fondos-rusos-congelados-y-exige-recuperarlos-es-un-saqueo-internacional","status":"publish","type":"post","link":"https:\/\/www.europesays.com\/es\/296025\/","title":{"rendered":"Putin celebra el fracaso de la UE en movilizar los fondos rusos congelados y exige recuperarlos: \u201cEs un saqueo\u201d | Internacional"},"content":{"rendered":"<p class=\"\">El Kremlin respira. Mosc\u00fa ha despertado este viernes con la noticia de la fallida negociaci\u00f3n de los pa\u00edses miembros de la Uni\u00f3n Europea, que la v\u00edspera <a href=\"https:\/\/elpais.com\/internacional\/2025-12-19\/la-ue-acuerda-emitir-eurobonos-para-financiar-a-ucrania.html\" target=\"_blank\" rel=\"nofollow noopener\" title=\"https:\/\/elpais.com\/internacional\/2025-12-19\/la-ue-acuerda-emitir-eurobonos-para-financiar-a-ucrania.html\">no lograron ponerse de acuerdo<\/a> para entregar a Ucrania los fondos del Banco Central de Rusia que la Uni\u00f3n mantiene congelados (unos 210.000 millones de euros). \u201cLa ley y la cordura ganan\u2026 por ahora\u00bb, ha escrito en su red social Kirill Dm\u00edtriev, el enviado especial de Vlad\u00edmir Putin en sus negociaciones con Washington. El presidente ruso ha calificado el intento de confiscaci\u00f3n de estos fondos como \u201cun saqueo\u201d.<\/p>\n<p class=\"\">\u201cDuro golpe a los belicistas de la Uni\u00f3n Europea liderados por la fracasada Ursula [von der Leyen]: las voces de la raz\u00f3n europeas bloquearon el uso ilegal de las reservas rusas para financiar a Ucrania\u201d, ha afirmado Dm\u00edtriev a trav\u00e9s de X.<\/p>\n<p class=\"\">\u201cRobo no es el t\u00e9rmino correcto. Robo es el robo clandestino de la propiedad, pero aqu\u00ed intentan hacerlo abiertamente. Es un saqueo\u201d, ha opinado poco despu\u00e9s Putin al comentar el debate europeo sobre sus fondos por su invasi\u00f3n de Ucrania.<\/p>\n<p class=\"\">El dirigente ruso ha advertido de que la confiscaci\u00f3n de los fondos rusos podr\u00eda tener graves repercusiones para la eurozona. \u201cOtros pa\u00edses ver\u00e1n c\u00f3mo la Uni\u00f3n Europea est\u00e1 robando a Rusia y pensar\u00e1n: \u201c\u00bfY si nos hacen lo mismo?\u201d, ha a\u00f1adido el dirigente de <a href=\"https:\/\/elpais.com\/internacional\/2025-08-04\/aeropuertos-y-minas-de-oro-el-kremlin-intensifica-la-confiscacion-de-empresas-en-rusia.html\" target=\"_blank\" rel=\"noreferrer nofollow noopener\" title=\"https:\/\/elpais.com\/internacional\/2025-08-04\/aeropuertos-y-minas-de-oro-el-kremlin-intensifica-la-confiscacion-de-empresas-en-rusia.html\">un pa\u00eds que ha confiscado y puesto bajo control gubernamental cientos de empresas<\/a>, decenas de ellas occidentales, desde que comenz\u00f3 la guerra, as\u00ed como otros activos, como los aviones de Boeing y Airbus que operan sus aerol\u00edneas.<\/p>\n<p class=\"\">A pesar de que Europa <a href=\"https:\/\/elpais.com\/internacional\/2025-12-18\/europa-busca-in-extremis-una-solucion-politica-para-pagar-la-factura-de-la-guerra-en-ucrania.html\" target=\"_blank\" rel=\"nofollow noopener\" title=\"https:\/\/elpais.com\/internacional\/2025-12-18\/europa-busca-in-extremis-una-solucion-politica-para-pagar-la-factura-de-la-guerra-en-ucrania.html\">no entregar\u00e1 los activos de Mosc\u00fa a Kiev<\/a>, el viceministro de Exteriores ruso, Alex\u00e1nder Grushk\u00f3, ha prometido venganza por la congelaci\u00f3n de estos fondos, que permanecen bloqueados en la UE mientras dure la invasi\u00f3n rusa de Ucrania.<\/p>\n<p class=\"\">\u201cNuestras represalias no tardar\u00e1n en llegar. Rusia encontrar\u00e1 la manera de proteger eficazmente sus intereses y compensar las p\u00e9rdidas derivadas de la manipulaci\u00f3n ilegal de nuestros activos\u201d, ha manifestado el diplom\u00e1tico en una entrevista concedida a la agencia estatal Ria Novosti.<\/p>\n<p class=\"\">Con una guerra cuyo final no se vislumbra, Grushk\u00f3 ha lamentado que \u201cla mayor\u00eda proucrania\u201d del bloque comunitario haya impulsado en el Consejo de la Uni\u00f3n Europea \u201cla decisi\u00f3n de bloquear los activos indefinidamente\u201d.<\/p>\n<p class=\"\">El enviado especial de Putin ha manifestado, adem\u00e1s, que esta fallida negociaci\u00f3n ha sido \u201cuna victoria para las voces de la raz\u00f3n que protegieron a la Uni\u00f3n Europea, el euro y Euroclear (por ahora)\u201c. Euroclear es la entidad belga en la que est\u00e1n depositados la mayor\u00eda de esos activos.<\/p>\n<p class=\"\">Horas antes de conocerse la decisi\u00f3n, el Banco Central de Rusia anunci\u00f3 a trav\u00e9s de un comunicado que \u201cbuscar\u00eda en los tribunales rusos una satisfacci\u00f3n por los da\u00f1os causados por los bancos europeos\u201d, incluido el lucro cesante.<\/p>\n<p>\u201cAhora ir\u00e9 a mi dacha\u201d<\/p>\n<p class=\"\">Uno de los opositores a la propuesta de destinar a Ucrania los fondos rusos congelados era <a href=\"https:\/\/elpais.com\/internacional\/2025-12-18\/bruselas-da-garantias-a-belgica-para-desbloquear-los-activos-rusos.html\" target=\"_blank\" rel=\"nofollow noopener\" title=\"https:\/\/elpais.com\/internacional\/2025-12-18\/bruselas-da-garantias-a-belgica-para-desbloquear-los-activos-rusos.html\">el primer ministro belga, Bart de Wever<\/a>. Tras acabar las negociaciones, brome\u00f3 en la rueda de prensa sobre una supuesta vinculaci\u00f3n con el Kremlin. \u201cAhora ir\u00e9 a mi dacha [casa de campo] en San Petersburgo, donde Depardieu es mi vecino y Asad vive al otro lado de la calle. Creo que podr\u00eda ser alcalde de este peque\u00f1o pueblo\u201d, ironiz\u00f3, antes de recalcar que \u201cera una broma\u201d. \u201cSi escriben sobre esto, aseg\u00farense de mencionar que estaba bromeando\u201d, a\u00f1adi\u00f3 el pol\u00edtico europeo.<\/p>\n<p class=\"\">El diario brit\u00e1nico The Guardian public\u00f3 en v\u00edsperas del encuentro europeo que la inteligencia rusa ten\u00eda \u201cen el punto de mira\u201d a los pol\u00edticos belgas, aunque solo sosten\u00eda estas alegaciones en que la compa\u00f1\u00eda Euroclear hab\u00eda contratado guardaespaldas y Bart de Wever advert\u00eda de los \u201criesgos legales y financieros a los que se enfrentar\u00edan las empresas occidentales\u201d.<\/p>\n<p class=\"\">Ante el desacuerdo para el uso de los activos rusos, la Uni\u00f3n Europea ha pactado una emisi\u00f3n de 90.000 millones de euros en eurobonos para financiar a Ucrania. <a href=\"https:\/\/elpais.com\/internacional\/2025-12-17\/von-der-leyen-insta-a-europa-a-defenderse-por-si-misma-la-paz-de-ayer-se-ha-esfumado-no-hay-tiempo-para-la-nostalgia.html\" target=\"_blank\" rel=\"nofollow noopener\" title=\"https:\/\/elpais.com\/internacional\/2025-12-17\/von-der-leyen-insta-a-europa-a-defenderse-por-si-misma-la-paz-de-ayer-se-ha-esfumado-no-hay-tiempo-para-la-nostalgia.html\">El bloque ha apoyado a Kiev<\/a> hasta ahora con unos 187.000 millones de euros en el mayor conflicto vivido en Europa desde la Segunda Guerra Mundial.<\/p>\n<p class=\"\">Como comparaci\u00f3n, el rescate de Grecia rond\u00f3 los 300.000 millones de euros, mientras que los fondos NextGenerationEU lanzados para la recuperaci\u00f3n postpand\u00e9mica suman unos 750.000 millones de euros.<\/p>\n","protected":false},"excerpt":{"rendered":"El Kremlin respira. Mosc\u00fa ha despertado este viernes con la noticia de la fallida negociaci\u00f3n de los pa\u00edses&hellip;\n","protected":false},"author":2,"featured_media":296026,"comment_status":"","ping_status":"","sticky":false,"template":"","format":"standard","meta":{"footnotes":""},"categories":[42],"tags":[8738,17,18,70,71,72,700,13,14,69,7082,11,61,62,63,64,19,20,9,10,15,16,1613,1614,12,7081,21,22,1617,65,66,67],"class_list":{"0":"post-296025","1":"post","2":"type-post","3":"status-publish","4":"format-standard","5":"has-post-thumbnail","7":"category-internacional","8":"tag-ataques-militares","9":"tag-breaking-news","10":"tag-breakingnews","11":"tag-conflictos","12":"tag-conflictos-armados","13":"tag-conflictos-internacionales","14":"tag-europa","15":"tag-featured-news","16":"tag-featurednews","17":"tag-guerra","18":"tag-guerra-de-rusia-en-ucrania","19":"tag-headlines","20":"tag-internacional","21":"tag-international","22":"tag-international-news","23":"tag-internationalnews","24":"tag-latest-news","25":"tag-latestnews","26":"tag-news","27":"tag-noticias","28":"tag-noticias-destacadas","29":"tag-noticiasdestacadas","30":"tag-otan","31":"tag-rusia","32":"tag-titulares","33":"tag-ucrania","34":"tag-ultimas-noticias","35":"tag-ultimasnoticias","36":"tag-union-europea","37":"tag-world","38":"tag-world-news","39":"tag-worldnews"},"share_on_mastodon":{"url":"","error":"Validation failed: Text character limit of 500 exceeded"},"_links":{"self":[{"href":"https:\/\/www.europesays.com\/es\/wp-json\/wp\/v2\/posts\/296025","targetHints":{"allow":["GET"]}}],"collection":[{"href":"https:\/\/www.europesays.com\/es\/wp-json\/wp\/v2\/posts"}],"about":[{"href":"https:\/\/www.europesays.com\/es\/wp-json\/wp\/v2\/types\/post"}],"author":[{"embeddable":true,"href":"https:\/\/www.europesays.com\/es\/wp-json\/wp\/v2\/users\/2"}],"replies":[{"embeddable":true,"href":"https:\/\/www.europesays.com\/es\/wp-json\/wp\/v2\/comments?post=296025"}],"version-history":[{"count":0,"href":"https:\/\/www.europesays.com\/es\/wp-json\/wp\/v2\/posts\/296025\/revisions"}],"wp:featuredmedia":[{"embeddable":true,"href":"https:\/\/www.europesays.com\/es\/wp-json\/wp\/v2\/media\/296026"}],"wp:attachment":[{"href":"https:\/\/www.europesays.com\/es\/wp-json\/wp\/v2\/media?parent=296025"}],"wp:term":[{"taxonomy":"category","embeddable":true,"href":"https:\/\/www.europesays.com\/es\/wp-json\/wp\/v2\/categories?post=296025"},{"taxonomy":"post_tag","embeddable":true,"href":"https:\/\/www.europesays.com\/es\/wp-json\/wp\/v2\/tags?post=296025"}],"curies":[{"name":"wp","href":"https:\/\/api.w.org\/{rel}","templated":true}]}}