{"id":296033,"date":"2025-12-19T12:04:11","date_gmt":"2025-12-19T12:04:11","guid":{"rendered":"https:\/\/www.europesays.com\/es\/296033\/"},"modified":"2025-12-19T12:04:11","modified_gmt":"2025-12-19T12:04:11","slug":"ramirez-culmina-la-escapada-en-buenos-aires-y-oses-mantiene-el-liderato-en-la-vuelta-a-costa-rica-esciclismo-com","status":"publish","type":"post","link":"https:\/\/www.europesays.com\/es\/296033\/","title":{"rendered":"Ram\u00edrez culmina la escapada en Buenos Aires y Oses mantiene el liderato en la Vuelta a Costa Rica &#8211; EsCiclismo.com"},"content":{"rendered":"<ol>\n<li><a href=\"https:\/\/news.google.com\/rss\/articles\/CBMiakFVX3lxTE56NHdLaUx0QVZpSjhNd0xhQjhlTl9sbTM0VXIxVlBwaC1FeUh0QkQ1V2tqZVBwUGtZVHByZEhxbkRQVjZXZTdFMXlWQ2U2YnV5TWdad3NBRnFpZllGMFhrZU9wVzFXak5ZZ0E?oc=5\" target=\"_blank\" rel=\"nofollow noopener\">Ram\u00edrez culmina la escapada en Buenos Aires y Oses mantiene el liderato en la Vuelta a Costa Rica<\/a>&nbsp;&nbsp;EsCiclismo.com<\/li>\n<li><a href=\"https:\/\/news.google.com\/rss\/articles\/CBMiakFVX3lxTE5vaGs4QlFqQTVhck51UFRnVVk4UGw4SFZQazA3Vm13VjNsOU1hWl9ydkNKYUF3QVBJQVBwdDNaclBRSF90RGFtMWEwcVR3LUNsQ3A4aTVJNVhWU2M1aGFubDB1ekNYSlpadXc?oc=5\" target=\"_blank\" rel=\"nofollow noopener\">Clasificaciones de la 7\u00aa etapa de la Vuelta a Costa Rica 2025<\/a>&nbsp;&nbsp;EsCiclismo.com<\/li>\n<li><a href=\"https:\/\/news.google.com\/rss\/articles\/CBMiekFVX3lxTE05Vk5KOEt6enVOTWtXal9LN2pGRmlNZFIzWmZJVlA3dE41bnljOXJSUGNkS2Y0ZThMVkpYM2p6dmdOZ2JIMDNucVhNVVpkUEhOQ0hqeWE0SmVmVlJUelFpcG93aFBsQnJCTGRTVWJOLTB6ZmQwbnZlVE1B?oc=5\" target=\"_blank\" rel=\"nofollow noopener\">Rodaron entre las pi\u00f1eras del sur<\/a>&nbsp;&nbsp;Diario Extra<\/li>\n<li><a href=\"https:\/\/news.google.com\/rss\/articles\/CBMirwFBVV95cUxNNnJUT2k3Wk9qaWtxMVN5M1FZUjZZVDQtdi1CYkZCNGxCRGFybVRIdk9yMHRlYXJKNTVnSEFUeTNoazI1eFBfa1ZyVm5UMXVfMm91Qm5ZNGhmS21WS2FXRUJxVWVybEhrNFNtZW5NYlBnT0ZHbkhIYUFCdHQwQVNJWHY4NWdoeTM4TXZoekNla2h4YWRHYmNEYlVHRk8zSFBHSTY4T3I1TmMwdDRnalAw?oc=5\" target=\"_blank\" rel=\"nofollow noopener\">Joseph Ram\u00edrez gana la s\u00e9tima etapa y Oses se mantiene l\u00edder de la Vuelta Costa Rica 2025<\/a>&nbsp;&nbsp;La Teja<\/li>\n<li><a href=\"https:\/\/news.google.com\/rss\/articles\/CBMirwFBVV95cUxPajJkbllrZS16My1UNzhRWnpQTDZUM2pLNkdlZVYzcXp6MElKR1RHNTQ2bWpDRFNOQXMydzhSbnlhWWk5N0c1SnEtM1Z6NzdORGRsYlYwWUV1SGt4MDFpNXcyMnFQbkZEa0xvb2djMV9qUlhUU24tQUZTYlVMYnZFVWZ6NGpjUXM2WUZRaFhLVzVtWG0ydW01cGRPcEkyRmtyUU5BcDBWcTdkUHRpUXBV0gG0AUFVX3lxTE5lQTdTcDFaVEZxVGx4WS1GaFdHOGx1aDE4OTc1S0hzS3hxdldMVm9BS2RrX0hXZGhRMkJXWk00bkJ3VnRrcDY4TzRTaWFySkk2MDZEMHcxYVFOSkhsSTV1Y1U0Y0xfQ1BiTXNVZzlSWVNRcGF4ckE4d0NLMlc2X2ZJeU03RnF6LUFCUWpaZUJoeFY4Tm53V1EyQ0lwRG8wRHBlTmREQUZOUlhKc1JIc0NZZkd2bw?oc=5\" target=\"_blank\" rel=\"nofollow noopener\">Vuelta Costa Rica tendr\u00e1 cambio de rutas para este mi\u00e9rcoles y jueves<\/a>&nbsp;&nbsp;teletica.com<\/li>\n<\/ol>\n","protected":false},"excerpt":{"rendered":"Ram\u00edrez culmina la escapada en Buenos Aires y Oses mantiene el liderato en la Vuelta a Costa Rica&nbsp;&nbsp;EsCiclismo.com&hellip;\n","protected":false},"author":2,"featured_media":296034,"comment_status":"","ping_status":"","sticky":false,"template":"","format":"standard","meta":{"footnotes":""},"categories":[273],"tags":[951,3970,4922,313,1757,4282,2828,63416,312,17692,168,35329,7368,25,24,314,5671,21530,50657,61,16990,887,5215,1783,51255,70491,738,28062,4794,1786,16367,68609,15327,23,167,12165,24632,1357,16834],"class_list":{"0":"post-296033","1":"post","2":"type-post","3":"status-publish","4":"format-standard","5":"has-post-thumbnail","7":"category-ciclismo","8":"tag-aires","9":"tag-buenos","10":"tag-calor","11":"tag-ciclismo","12":"tag-ciclista","13":"tag-colo","14":"tag-costa","15":"tag-costarricense","16":"tag-cycling","17":"tag-dejar","18":"tag-deportes","19":"tag-diciembre","20":"tag-disputada","21":"tag-es","22":"tag-espana","23":"tag-etapa","24":"tag-fuga","25":"tag-humedad","26":"tag-inicial","27":"tag-internacional","28":"tag-joseph","29":"tag-jueves","30":"tag-kilometros","31":"tag-la","32":"tag-marcados","33":"tag-modificado","34":"tag-perez","35":"tag-protagonismo","36":"tag-ramirez","37":"tag-recorrido","38":"tag-respecto","39":"tag-rica","40":"tag-septima","41":"tag-spain","42":"tag-sports","43":"tag-trazado","44":"tag-volvio","45":"tag-vuelta","46":"tag-zeledon"},"share_on_mastodon":{"url":"https:\/\/pubeurope.com\/@es\/115746141813315637","error":""},"_links":{"self":[{"href":"https:\/\/www.europesays.com\/es\/wp-json\/wp\/v2\/posts\/296033","targetHints":{"allow":["GET"]}}],"collection":[{"href":"https:\/\/www.europesays.com\/es\/wp-json\/wp\/v2\/posts"}],"about":[{"href":"https:\/\/www.europesays.com\/es\/wp-json\/wp\/v2\/types\/post"}],"author":[{"embeddable":true,"href":"https:\/\/www.europesays.com\/es\/wp-json\/wp\/v2\/users\/2"}],"replies":[{"embeddable":true,"href":"https:\/\/www.europesays.com\/es\/wp-json\/wp\/v2\/comments?post=296033"}],"version-history":[{"count":0,"href":"https:\/\/www.europesays.com\/es\/wp-json\/wp\/v2\/posts\/296033\/revisions"}],"wp:featuredmedia":[{"embeddable":true,"href":"https:\/\/www.europesays.com\/es\/wp-json\/wp\/v2\/media\/296034"}],"wp:attachment":[{"href":"https:\/\/www.europesays.com\/es\/wp-json\/wp\/v2\/media?parent=296033"}],"wp:term":[{"taxonomy":"category","embeddable":true,"href":"https:\/\/www.europesays.com\/es\/wp-json\/wp\/v2\/categories?post=296033"},{"taxonomy":"post_tag","embeddable":true,"href":"https:\/\/www.europesays.com\/es\/wp-json\/wp\/v2\/tags?post=296033"}],"curies":[{"name":"wp","href":"https:\/\/api.w.org\/{rel}","templated":true}]}}