{"id":296055,"date":"2025-12-19T12:18:09","date_gmt":"2025-12-19T12:18:09","guid":{"rendered":"https:\/\/www.europesays.com\/es\/296055\/"},"modified":"2025-12-19T12:18:09","modified_gmt":"2025-12-19T12:18:09","slug":"un-objeto-desconocido-impacto-la-cara-oculta-de-la-luna-dw-19-12-2025","status":"publish","type":"post","link":"https:\/\/www.europesays.com\/es\/296055\/","title":{"rendered":"Un objeto desconocido impact\u00f3 la cara oculta de la Luna \u2013 DW \u2013 19\/12\/2025"},"content":{"rendered":"<p>Un objeto desconocido impact\u00f3 contra la superficie de <a class=\"internal-link\" href=\"https:\/\/www.dw.com\/es\/china-trae-a-la-tierra-las-primeras-muestras-de-la-cara-oculta-de-la-luna\/a-69481480\" rel=\"nofollow noopener\" target=\"_blank\">la cara oculta de la Luna<\/a>, <a rel=\"noopener follow nofollow\" target=\"_blank\" class=\"external-link\" href=\"https:\/\/armaghplanet.com\/lunar-impact-flash-detected-on-the-moon-by-armagh-observatory-and-planetarium.html\" title=\"Enlace externo \u2014 informa en un comunicado\">informa en un comunicado<\/a> el Observatorio y Planetario de Armagh (AOP, por sus siglas en ingl\u00e9s), ubicado en Irlanda del Norte.<\/p>\n<p>El choque gener\u00f3 un destello luminoso que fue detectado el pasado 12 de diciembre a las 03:09 UTC por Andrew Marshall-Lee, estudiante de doctorado en astrof\u00edsica, mientras utilizaba el Telescopio Rob\u00f3tico de Armagh (ART, del ingl\u00e9s).<\/p>\n<p>\u00abCreo que podr\u00eda pasar muchos a\u00f1os observando estas cosas y nunca volver a ver algo as\u00ed\u00bb, afirma Marshall-Lee, en declaraciones recogidas por IFLScience.<\/p>\n<p>\u00abTuve mucha suerte porque estaba mirando la pantalla en el momento justo y vi lo que sucedi\u00f3 con mis propios ojos. Esa fue la suerte, no podr\u00eda cuantificarla. Fue muy especial para m\u00ed y ser\u00e1 un momento que recordar\u00e9 toda la vida\u00bb, cuenta en una publicaci\u00f3n de BBC.<\/p>\n<p><strong>\u00bfQu\u00e9 impact\u00f3 la Luna?<\/strong><\/p>\n<p>Marshall-Lee explica que lo m\u00e1s probable es que se tratara de un objeto muy peque\u00f1o, posiblemente un meteoroide del tama\u00f1o de una pelota de golf, dif\u00edcil de detectar desde el espacio.<\/p>\n<p>\u00abNormalmente, no superan los 3-5 cm de di\u00e1metro. La cuesti\u00f3n es que estos meteoroides se mueven muy r\u00e1pido\u00bb, agrega.<\/p>\n<p><strong>Por qu\u00e9 el destello fue visible desde la Tierra<\/strong><\/p>\n<p>Este tipo de destellos suele durar apenas una fracci\u00f3n de segundo, lo que complica su detecci\u00f3n.<\/p>\n<p>\u00abAl impactar la Luna a velocidades extremadamente altas, que en este caso se estima en unos 35 km\/s, su energ\u00eda cin\u00e9tica se convierte r\u00e1pidamente en calor y luz. Esto vaporiza brevemente el material en el lugar del impacto y produce el destello visible desde la Tierra\u00bb, se lee en el informe.<\/p>\n<p><strong>Un evento raro y coincidente con la lluvia de Gem\u00ednidas<\/strong><\/p>\n<p>Se trata de la primera vez que se graba en video un destello luminoso causado por un impacto <a class=\"internal-link\" href=\"https:\/\/www.dw.com\/es\/algo-extra\u00f1o-ocurre-en-el-interior-de-la-luna-y-la-nasa-lo-ha-confirmado\/a-72557730\" rel=\"nofollow noopener\" target=\"_blank\">en la Luna<\/a> desde Irlanda del Norte, apunta el reporte del AOP.<\/p>\n<p>A pesar de ser un fen\u00f3meno <a class=\"internal-link\" href=\"https:\/\/www.dw.com\/es\/astronom\u00eda\/t-73932912\" rel=\"nofollow noopener\" target=\"_blank\">astron\u00f3mico<\/a> extremadamente poco com\u00fan, normalmente suele observarse durante grandes lluvias de meteoros.<\/p>\n<p>El avistamiento justamente coincidi\u00f3 con el pico de la lluvia de meteoros Gem\u00ednidas, activa entre el 4 y el 20 de diciembre y con su m\u00e1ximo el fin de semana pasado.<\/p>\n<p>Sin embargo, el cient\u00edfico advierte que a\u00fan es temprano para confirmar el origen exacto del objeto.<\/p>\n<p><img data-format=\"MASTER_LANDSCAPE\" data-id=\"75232699\" data-url=\"https:\/\/static.dw.com\/image\/75232699_${formatId}.jpg\" data-aspect-ratio=\"16\/9\" alt=\"Formaciones de cr\u00e1teres en la superficie lunar.\" style=\"padding-bottom: 56.25%; height: 0; max-height: 0;\"\/>Todav\u00eda falta hacer un seguimiento sobre el impacto, pero el autor del descubrimiento sugiere que el objeto cay\u00f3 cerca del cr\u00e1ter Langrenus.Imagen: Lorand Fenyes\/StockTrek Images\/IMAGO<\/p>\n<p><strong>El papel del asteroide 3200 Faet\u00f3n<\/strong><\/p>\n<p>La lluvia de Gem\u00ednidas se origina a partir de restos desprendidos del asteroide 3200 Faet\u00f3n, uno de los objetos espaciales conocidos m\u00e1s extra\u00f1os.<\/p>\n<p>Cuando estos fragmentos del asteroide entran en la atm\u00f3sfera terrestre, se queman y generan estelas brillantes.<\/p>\n<p>Sin embargo, como <a class=\"internal-link\" href=\"https:\/\/www.dw.com\/es\/descubren-posible-explicaci\u00f3n-a-la-superficie-asim\u00e9trica-de-la-luna\/a-72244511\" rel=\"nofollow noopener\" target=\"_blank\">la Luna<\/a> carece de una atm\u00f3sfera que frene los escombros, la superficie lunar recibe directamente impactos, produciendo breves destellos de luz visibles desde nuestro planeta, como el recientemente descubierto.<\/p>\n<p><strong>Ubicaci\u00f3n aproximada del impacto<\/strong><\/p>\n<p>Marshall-Lee tambi\u00e9n ha hecho una estimaci\u00f3n aproximada de la zona de impacto en <a class=\"internal-link\" href=\"https:\/\/www.dw.com\/es\/las-muestras-que-china-trajo-de-la-luna-conten\u00edan-algo-extraordinario\/a-74445925\" rel=\"nofollow noopener\" target=\"_blank\">la cara oculta del sat\u00e9lite terrestre.<\/a><\/p>\n<p>\u00abTendremos que esperar hasta que sea posible realizar observaciones de seguimiento para estar seguros, pero nuestro trabajo actual sugiere que impact\u00f3 a unos 2 grados al noreste del cr\u00e1ter Langrenus\u00bb, concluye.<\/p>\n<p>Editado por Jose Urrejola, con informaci\u00f3n de IFLScience, Observatorio y Planetario de Armagh y BBC<\/p>\n","protected":false},"excerpt":{"rendered":"Un objeto desconocido impact\u00f3 contra la superficie de la cara oculta de la Luna, informa en un comunicado&hellip;\n","protected":false},"author":2,"featured_media":296056,"comment_status":"","ping_status":"","sticky":false,"template":"","format":"standard","meta":{"footnotes":""},"categories":[81],"tags":[119,123,124,25,24,117,121,122,23,118,120],"class_list":{"0":"post-296055","1":"post","2":"type-post","3":"status-publish","4":"format-standard","5":"has-post-thumbnail","7":"category-ciencia-y-tecnologia","8":"tag-ciencia","9":"tag-ciencia-y-tecnologia","10":"tag-cienciaytecnologia","11":"tag-es","12":"tag-espana","13":"tag-science","14":"tag-science-and-technology","15":"tag-scienceandtechnology","16":"tag-spain","17":"tag-technology","18":"tag-tecnologia"},"share_on_mastodon":{"url":"https:\/\/pubeurope.com\/@es\/115746197046496504","error":""},"_links":{"self":[{"href":"https:\/\/www.europesays.com\/es\/wp-json\/wp\/v2\/posts\/296055","targetHints":{"allow":["GET"]}}],"collection":[{"href":"https:\/\/www.europesays.com\/es\/wp-json\/wp\/v2\/posts"}],"about":[{"href":"https:\/\/www.europesays.com\/es\/wp-json\/wp\/v2\/types\/post"}],"author":[{"embeddable":true,"href":"https:\/\/www.europesays.com\/es\/wp-json\/wp\/v2\/users\/2"}],"replies":[{"embeddable":true,"href":"https:\/\/www.europesays.com\/es\/wp-json\/wp\/v2\/comments?post=296055"}],"version-history":[{"count":0,"href":"https:\/\/www.europesays.com\/es\/wp-json\/wp\/v2\/posts\/296055\/revisions"}],"wp:featuredmedia":[{"embeddable":true,"href":"https:\/\/www.europesays.com\/es\/wp-json\/wp\/v2\/media\/296056"}],"wp:attachment":[{"href":"https:\/\/www.europesays.com\/es\/wp-json\/wp\/v2\/media?parent=296055"}],"wp:term":[{"taxonomy":"category","embeddable":true,"href":"https:\/\/www.europesays.com\/es\/wp-json\/wp\/v2\/categories?post=296055"},{"taxonomy":"post_tag","embeddable":true,"href":"https:\/\/www.europesays.com\/es\/wp-json\/wp\/v2\/tags?post=296055"}],"curies":[{"name":"wp","href":"https:\/\/api.w.org\/{rel}","templated":true}]}}