{"id":296057,"date":"2025-12-19T12:19:22","date_gmt":"2025-12-19T12:19:22","guid":{"rendered":"https:\/\/www.europesays.com\/es\/296057\/"},"modified":"2025-12-19T12:19:22","modified_gmt":"2025-12-19T12:19:22","slug":"beyond-reach-el-impacto-social-de-la-publicidad-digital","status":"publish","type":"post","link":"https:\/\/www.europesays.com\/es\/296057\/","title":{"rendered":"Beyond Reach: el impacto social de la publicidad digital"},"content":{"rendered":"<p><strong>La dimensi\u00f3n social de la sostenibilidad en la publicidad digital y la inversi\u00f3n en medios<\/strong><\/p>\n<p>IAB Europe ha presentado Beyond Reach, un nuevo Estudio elaborado por su Sustainability Standards Committee que ofrece, por primera vez, una visi\u00f3n estructurada de c\u00f3mo el ecosistema de la publicidad digital est\u00e1 abordando la sostenibilidad social en Europa y otros mercados.<\/p>\n<p>Mientras que la sostenibilidad medioambiental ha concentrado gran parte de la atenci\u00f3n en los \u00faltimos a\u00f1os, este an\u00e1lisis pone el foco en la dimensi\u00f3n social de la inversi\u00f3n en medios, examinando qu\u00e9 impactos sociales se est\u00e1n considerando actualmente, cu\u00e1les entran dentro del alcance del sector y c\u00f3mo comienzan a medirse y gestionarse.<\/p>\n<p>Entre las principales conclusiones, se observa que el sector empieza a tomar conciencia de su impacto social, con un crecimiento de iniciativas centradas en la evaluaci\u00f3n de contenidos y contextos, el desarrollo de infraestructuras de medici\u00f3n y la evoluci\u00f3n de las pr\u00e1cticas de planificaci\u00f3n y compra de medios. No obstante, el estudio se\u00f1ala que la medici\u00f3n sigue siendo fragmentada, sin definiciones, KPIs ni est\u00e1ndares comunes aplicables entre mercados y tipos de medios.<\/p>\n<p>Asimismo, se destaca que el enfoque actual contin\u00faa siendo limitado y desigual, lo que abre una clara oportunidad para avanzar hacia modelos de responsible media. En este sentido, IAB Europe subraya la necesidad de impulsar est\u00e1ndares coordinados e interoperables que permitan una medici\u00f3n coherente, objetiva y comparable, m\u00e1s all\u00e1 de la mera exclusi\u00f3n de contenidos da\u00f1inos.<\/p>\n<p><strong>Accede al Estudio completo<\/strong> <a href=\"https:\/\/iabeurope.eu\/wp-content\/uploads\/IAB-Europe-Social-Impact-Report-Dec-2025-Final-.pdf\" rel=\"nofollow noopener\" target=\"_blank\">aqu\u00ed\u00a0<\/a><\/p>\n","protected":false},"excerpt":{"rendered":"La dimensi\u00f3n social de la sostenibilidad en la publicidad digital y la inversi\u00f3n en medios IAB Europe ha&hellip;\n","protected":false},"author":2,"featured_media":296058,"comment_status":"","ping_status":"","sticky":false,"template":"","format":"standard","meta":{"footnotes":""},"categories":[80],"tags":[82,95,94,25,24,23],"class_list":{"0":"post-296057","1":"post","2":"type-post","3":"status-publish","4":"format-standard","5":"has-post-thumbnail","7":"category-economia","8":"tag-business","9":"tag-economia","10":"tag-economy","11":"tag-es","12":"tag-espana","13":"tag-spain"},"share_on_mastodon":{"url":"https:\/\/pubeurope.com\/@es\/115746201049911936","error":""},"_links":{"self":[{"href":"https:\/\/www.europesays.com\/es\/wp-json\/wp\/v2\/posts\/296057","targetHints":{"allow":["GET"]}}],"collection":[{"href":"https:\/\/www.europesays.com\/es\/wp-json\/wp\/v2\/posts"}],"about":[{"href":"https:\/\/www.europesays.com\/es\/wp-json\/wp\/v2\/types\/post"}],"author":[{"embeddable":true,"href":"https:\/\/www.europesays.com\/es\/wp-json\/wp\/v2\/users\/2"}],"replies":[{"embeddable":true,"href":"https:\/\/www.europesays.com\/es\/wp-json\/wp\/v2\/comments?post=296057"}],"version-history":[{"count":0,"href":"https:\/\/www.europesays.com\/es\/wp-json\/wp\/v2\/posts\/296057\/revisions"}],"wp:featuredmedia":[{"embeddable":true,"href":"https:\/\/www.europesays.com\/es\/wp-json\/wp\/v2\/media\/296058"}],"wp:attachment":[{"href":"https:\/\/www.europesays.com\/es\/wp-json\/wp\/v2\/media?parent=296057"}],"wp:term":[{"taxonomy":"category","embeddable":true,"href":"https:\/\/www.europesays.com\/es\/wp-json\/wp\/v2\/categories?post=296057"},{"taxonomy":"post_tag","embeddable":true,"href":"https:\/\/www.europesays.com\/es\/wp-json\/wp\/v2\/tags?post=296057"}],"curies":[{"name":"wp","href":"https:\/\/api.w.org\/{rel}","templated":true}]}}