{"id":296062,"date":"2025-12-19T12:22:10","date_gmt":"2025-12-19T12:22:10","guid":{"rendered":"https:\/\/www.europesays.com\/es\/296062\/"},"modified":"2025-12-19T12:22:10","modified_gmt":"2025-12-19T12:22:10","slug":"san-martin-protege-el-comercio-de-barrio-y-el-descanso-vecinal-con-el-nuevo-plan-de-usos-distrito-de-sant-marti","status":"publish","type":"post","link":"https:\/\/www.europesays.com\/es\/296062\/","title":{"rendered":"San Mart\u00edn protege el comercio de barrio y el descanso vecinal con el nuevo plan de usos | Distrito de Sant Mart\u00ed"},"content":{"rendered":"<p>El consejo plenario del Ayuntamiento de Barcelona ha aprobado el <strong>Plan especial urban\u00edstico de ordenaci\u00f3n de las actividades de p\u00fablica concurrencia, comercios alimenticios y otras actividades del distrito de Sant Mart\u00ed<\/strong>. Este nuevo plan tiene como objetivo la protecci\u00f3n del comercio de proximidad y la mixtura de usos y la preservaci\u00f3n del descanso del vecindario, especialmente en la calle Rogent, rambla del Poblenou y en el Tri\u00e1ngulo L\u00fadico, zonas del distrito con problemas de convivencia asociados a la alta concentraci\u00f3n de establecimientos de p\u00fablica concurrencia, sobre todo en la franja nocturna.<\/p>\n<p>Para preservar el <strong>\u00c1rea de Tratamiento Especial<\/strong> (ATE) que conforman estas calles y su entorno pr\u00f3ximo y evitar la concentraci\u00f3n del n\u00famero de actividades en horario nocturno (bares musicales, discotecas o salas de baile), el Plan permite que en otra parte del distrito, las Zonas de Regulaci\u00f3n ZR-1 y ZR-2, haya una nueva implantaci\u00f3n en horario nocturno, regulada desde su inicio por el Plan de Usos.<\/p>\n<p>El plan prev\u00e9 que en el caso de autoservicios, tiendas de conveniencia y otros comercios alimentarios solo podr\u00e1 instalarse un establecimiento dedicado en la misma actividad en un radio de 200 metros condicionado a superficie y distancia de 400 metros entre locales.<\/p>\n<p>Distribuci\u00f3n del territorio<\/p>\n<p>El nuevo plan, <a href=\"https:\/\/www.barcelona.cat\/infobarcelona\/es\/aprobado-inicialmente-el-plan-de-usos-del-distrito-de-sant-marti_1467496.html\" rel=\"nofollow noopener\" target=\"_blank\">aprobado previamente en el Consejo del Distrito de Sant Mart\u00ed<\/a>, determina fijar tres \u00e1reas: un \u00c1rea de Tratamiento Especial (ATE) que comprende el <strong>tri\u00e1ngulo l\u00fadico<\/strong> y la <strong>rambla del Poblenou<\/strong>, y se ampl\u00eda a la <strong>calle Rogent<\/strong>; y dos Zonas de Regulaci\u00f3n, ZR-1 y ZR-2.<\/p>\n<p>Con esta aprobaci\u00f3n se reconoce el rol imprescindible que juega el comercio de proximidad, especialmente en un tejido en constante transformaci\u00f3n en que existen \u00e1mbitos pendientes de desarrollo y regeneraci\u00f3n urban\u00edstica. As\u00ed, este nuevo <strong>Plan de usos de Sant Mart\u00ed<\/strong> quiere restablecer el equilibrio en el tejido urbano, fruto de una transformaci\u00f3n estructural, a la vez que mujer respuesta a los conflictos de convivencia actuales generados por determinados usos en planta baja. Todo, para avanzar hacia una ciudad que favorezca la calidad de vida y el comercio de barrio.<\/p>\n","protected":false},"excerpt":{"rendered":"El consejo plenario del Ayuntamiento de Barcelona ha aprobado el Plan especial urban\u00edstico de ordenaci\u00f3n de las actividades&hellip;\n","protected":false},"author":2,"featured_media":296063,"comment_status":"","ping_status":"","sticky":false,"template":"","format":"standard","meta":{"footnotes":""},"categories":[5],"tags":[17,18,25,24,13,14,11,19,20,9,10,15,16,23,12,21,22],"class_list":{"0":"post-296062","1":"post","2":"type-post","3":"status-publish","4":"format-standard","5":"has-post-thumbnail","7":"category-titulares","8":"tag-breaking-news","9":"tag-breakingnews","10":"tag-es","11":"tag-espana","12":"tag-featured-news","13":"tag-featurednews","14":"tag-headlines","15":"tag-latest-news","16":"tag-latestnews","17":"tag-news","18":"tag-noticias","19":"tag-noticias-destacadas","20":"tag-noticiasdestacadas","21":"tag-spain","22":"tag-titulares","23":"tag-ultimas-noticias","24":"tag-ultimasnoticias"},"share_on_mastodon":{"url":"https:\/\/pubeurope.com\/@es\/115746212622932680","error":""},"_links":{"self":[{"href":"https:\/\/www.europesays.com\/es\/wp-json\/wp\/v2\/posts\/296062","targetHints":{"allow":["GET"]}}],"collection":[{"href":"https:\/\/www.europesays.com\/es\/wp-json\/wp\/v2\/posts"}],"about":[{"href":"https:\/\/www.europesays.com\/es\/wp-json\/wp\/v2\/types\/post"}],"author":[{"embeddable":true,"href":"https:\/\/www.europesays.com\/es\/wp-json\/wp\/v2\/users\/2"}],"replies":[{"embeddable":true,"href":"https:\/\/www.europesays.com\/es\/wp-json\/wp\/v2\/comments?post=296062"}],"version-history":[{"count":0,"href":"https:\/\/www.europesays.com\/es\/wp-json\/wp\/v2\/posts\/296062\/revisions"}],"wp:featuredmedia":[{"embeddable":true,"href":"https:\/\/www.europesays.com\/es\/wp-json\/wp\/v2\/media\/296063"}],"wp:attachment":[{"href":"https:\/\/www.europesays.com\/es\/wp-json\/wp\/v2\/media?parent=296062"}],"wp:term":[{"taxonomy":"category","embeddable":true,"href":"https:\/\/www.europesays.com\/es\/wp-json\/wp\/v2\/categories?post=296062"},{"taxonomy":"post_tag","embeddable":true,"href":"https:\/\/www.europesays.com\/es\/wp-json\/wp\/v2\/tags?post=296062"}],"curies":[{"name":"wp","href":"https:\/\/api.w.org\/{rel}","templated":true}]}}