{"id":296082,"date":"2025-12-19T12:39:17","date_gmt":"2025-12-19T12:39:17","guid":{"rendered":"https:\/\/www.europesays.com\/es\/296082\/"},"modified":"2025-12-19T12:39:17","modified_gmt":"2025-12-19T12:39:17","slug":"como-cambio-la-pandemia-nuestras-rutinas","status":"publish","type":"post","link":"https:\/\/www.europesays.com\/es\/296082\/","title":{"rendered":"\u00bfC\u00f3mo cambi\u00f3 la pandemia nuestras rutinas?"},"content":{"rendered":"<p>\t\t\t<a href=\"https:\/\/www.facebook.com\/adolfo.fernandezalonso\" target=\"_blank\" aria-label=\"banneradolfo-min\" rel=\"nofollow noopener\"><img loading=\"lazy\" decoding=\"async\" src=\"https:\/\/www.europesays.com\/es\/wp-content\/uploads\/2025\/07\/banneradolfo-min.gif\" alt=\"\" width=\"620\" height=\"100\"\/><\/a><\/p>\n<p><strong>Un estudio coordinado desde el Instituto de Salud Carlos III (ISCIII) ha analizado c\u00f3mo los cambios en las rutinas diarias derivados de la pandemia de COVID-19 afectaron a la calidad de vida relacionada con la salud de personas mayores de 75 a\u00f1os que viven en comunidad.<\/strong><\/p>\n<p><a href=\"https:\/\/www.europesays.com\/es\/wp-content\/uploads\/2025\/12\/residencia-covid-mascarilla.jpg\"><img loading=\"lazy\" decoding=\"async\" width=\"998\" height=\"672\" src=\"https:\/\/www.europesays.com\/es\/wp-content\/uploads\/2025\/12\/residencia-covid-mascarilla.jpg\" alt=\"\" class=\"wp-image-76226\"  \/><\/a><\/p>\n<p><a href=\"https:\/\/www.frontiersin.org\/journals\/public-health\/articles\/10.3389\/fpubh.2025.1678003\/full\" target=\"_blank\" rel=\"nofollow noopener\">Los resultados, publicados en la revista Frontiers in Public Health<\/a>, se\u00f1alan que m\u00e1s de la mitad de las personas participantes en el estudio (56%) refirieron cambios moderados o considerables en sus rutinas diarias tras la pandemia.<\/p>\n<p>La investigaci\u00f3n est\u00e1 liderada desde la Unidad de Investigaci\u00f3n en Cuidados y Servicios de Salud (Invest\u00e9n-isciii). Y cuenta con la participaci\u00f3n de investigadoras de Red de Investigaci\u00f3n en Cronicidad, Atenci\u00f3n Primaria y Prevenci\u00f3n y Promoci\u00f3n de la Salud (RICAPPS-ISCIII). As\u00ed como del \u00c1rea de Fragilidad y Envejecimiento del Centro de Investigaci\u00f3n Biom\u00e9dica en Red (CIBER-ISCIII).<\/p>\n<p><a href=\"https:\/\/www.celiacosmancha.org\/\" target=\"_blank\" aria-label=\"CELIACOS MANCHA 620X100\" rel=\"nofollow noopener\"><img loading=\"lazy\" decoding=\"async\" src=\"https:\/\/www.europesays.com\/es\/wp-content\/uploads\/2025\/07\/CELIACOS-MANCHA-620X100.gif\" alt=\"\" width=\"620\" height=\"100\"\/><\/a><\/p>\n<p>Como parte del <a href=\"https:\/\/cuidamos75.com\/\" target=\"_blank\" rel=\"nofollow noopener\">estudio multic\u00e9ntrico Cuidamos+75<\/a>, esta investigaci\u00f3n ha analizado datos de dos cohortes. Con un total de 1.072 personas adultas mayores, entrevistadas entre junio de 2022 y junio de 2023 en diez comunidades aut\u00f3nomas. El dise\u00f1o fue de seguimiento prospectivo, con cuatro entrevistas realizadas en consulta de enfermer\u00eda a lo largo de 18 meses.<\/p>\n<p>Las rutinas m\u00e1s afectadas<\/p>\n<p>Los resultados concluyen que un 56% de las personas estudiadas advirtieron cambios moderados o considerables en alguna de sus rutinas diarias. Con las rutinas sociales como las m\u00e1s afectadas (48%), seguidas de las relacionadas con el cuidado de la salud (33%) y las b\u00e1sicas del d\u00eda a d\u00eda (26%). Las mujeres reportaron m\u00e1s alteraciones que los hombres en todas las categor\u00edas, especialmente en las rutinas b\u00e1sicas y sanitarias.<\/p>\n<p><a href=\"https:\/\/usicam.es\/\" target=\"_blank\" aria-label=\"USICAM 620X100\" rel=\"nofollow noopener\"><img loading=\"lazy\" decoding=\"async\" src=\"https:\/\/www.europesays.com\/es\/wp-content\/uploads\/2025\/07\/USICAM-620X100.gif\" alt=\"\" width=\"620\" height=\"100\"\/><\/a><\/p>\n<p>En referencia a los patrones espec\u00edficos seg\u00fan el g\u00e9nero, las mujeres informaron de cambios m\u00e1s frecuentes en todos los tipos de rutinas. En los hombres, la calidad de vida se mostr\u00f3 m\u00e1s sensible a las alteraciones en las rutinas sanitarias y cuando las rutinas b\u00e1sicas y sanitarias se ve\u00edan simult\u00e1neamente afectadas. En las mujeres, se observ\u00f3 menor calidad de vida cuando las rutinas b\u00e1sicas y sociales se alteraban juntas. As\u00ed como cuando los tres tipos de rutinas se ve\u00edan afectadas simult\u00e1neamente.<\/p>\n<p>Consecuencias m\u00e1s all\u00e1 de la infecci\u00f3n <\/p>\n<p>El trabajo se\u00f1ala que la asociaci\u00f3n entre los cambios y la calidad de vida fue independiente del estado de infecci\u00f3n por COVID-19. Ello sugiere que las consecuencias sociales y ambientales de la pandemia tuvieron un mayor impacto en la salud percibida que la infecci\u00f3n en s\u00ed misma.<\/p>\n<p>Los factores asociados a una mayor alteraci\u00f3n de rutinas fueron: haber perdido a un familiar por COVID-19, mayor percepci\u00f3n de amenaza ante el virus. Y menor apoyo social e independencia funcional. Las mujeres presentaron niveles de ansiedad significativamente m\u00e1s altos y una peor calidad de vida global que los hombres.<\/p>\n<p>Adem\u00e1s, la peor calidad de vida se asoci\u00f3 con mayor edad, \u00edndice de masa corporal elevado, n\u00famero de enfermedades cr\u00f3nicas, dependencia funcional y s\u00edntomas de ansiedad. No se hall\u00f3 asociaci\u00f3n significativa entre infecci\u00f3n previa por COVID-19 y calidad de vida.<\/p>\n<p>Teresa Moreno-Casbas y Candela Cameselle-Lago, responsable e investigadora, respectivamente, de Invest\u00e9n-isciii, y Milagros Rico, de la RICAPPS, explican: \u201cEste estudio aporta evidencia novedosa sobre el impacto de la pandemia en las rutinas diarias y la calidad de vida relacionada con la salud entre adultos mayores espa\u00f1oles de 75 a\u00f1os o m\u00e1s que viven en la comunidad, con especial atenci\u00f3n a las diferencias de g\u00e9nero\u00bb. <\/p>\n<p>\u00abLos resultados muestran que las personas mayores en Espa\u00f1a experimentaron cambios sustanciales y persistentes en sus rutinas diarias, y que estos cambios se asociaron con los resultados de calidad de vida\u201d, apunta.<\/p>\n","protected":false},"excerpt":{"rendered":"Un estudio coordinado desde el Instituto de Salud Carlos III (ISCIII) ha analizado c\u00f3mo los cambios en las&hellip;\n","protected":false},"author":2,"featured_media":296083,"comment_status":"","ping_status":"","sticky":false,"template":"","format":"standard","meta":{"footnotes":""},"categories":[92],"tags":[2270,25,24,1292,165,5695,51751,166,23],"class_list":{"0":"post-296082","1":"post","2":"type-post","3":"status-publish","4":"format-standard","5":"has-post-thumbnail","7":"category-salud","8":"tag-covid","9":"tag-es","10":"tag-espana","11":"tag-estudio","12":"tag-health","13":"tag-pandemia","14":"tag-rutinas","15":"tag-salud","16":"tag-spain"},"share_on_mastodon":{"url":"https:\/\/pubeurope.com\/@es\/115746279953382907","error":""},"_links":{"self":[{"href":"https:\/\/www.europesays.com\/es\/wp-json\/wp\/v2\/posts\/296082","targetHints":{"allow":["GET"]}}],"collection":[{"href":"https:\/\/www.europesays.com\/es\/wp-json\/wp\/v2\/posts"}],"about":[{"href":"https:\/\/www.europesays.com\/es\/wp-json\/wp\/v2\/types\/post"}],"author":[{"embeddable":true,"href":"https:\/\/www.europesays.com\/es\/wp-json\/wp\/v2\/users\/2"}],"replies":[{"embeddable":true,"href":"https:\/\/www.europesays.com\/es\/wp-json\/wp\/v2\/comments?post=296082"}],"version-history":[{"count":0,"href":"https:\/\/www.europesays.com\/es\/wp-json\/wp\/v2\/posts\/296082\/revisions"}],"wp:featuredmedia":[{"embeddable":true,"href":"https:\/\/www.europesays.com\/es\/wp-json\/wp\/v2\/media\/296083"}],"wp:attachment":[{"href":"https:\/\/www.europesays.com\/es\/wp-json\/wp\/v2\/media?parent=296082"}],"wp:term":[{"taxonomy":"category","embeddable":true,"href":"https:\/\/www.europesays.com\/es\/wp-json\/wp\/v2\/categories?post=296082"},{"taxonomy":"post_tag","embeddable":true,"href":"https:\/\/www.europesays.com\/es\/wp-json\/wp\/v2\/tags?post=296082"}],"curies":[{"name":"wp","href":"https:\/\/api.w.org\/{rel}","templated":true}]}}