{"id":296088,"date":"2025-12-19T12:42:15","date_gmt":"2025-12-19T12:42:15","guid":{"rendered":"https:\/\/www.europesays.com\/es\/296088\/"},"modified":"2025-12-19T12:42:15","modified_gmt":"2025-12-19T12:42:15","slug":"inmuvisa-saca-a-licitacion-dos-viviendas-de-vpo-en-regimen-de-venta","status":"publish","type":"post","link":"https:\/\/www.europesays.com\/es\/296088\/","title":{"rendered":"Inmuvisa saca a licitaci\u00f3n dos viviendas de VPO en r\u00e9gimen de venta"},"content":{"rendered":"<p>El Consejo de Administraci\u00f3n celebrado este viernes, 19 de diciembre, ha aprobado el pliego de condiciones particulares y de prescripciones t\u00e9cnicas que rigen el procedimiento para la adjudicaci\u00f3n<\/p>\n<p>\t<a class=\"modal-detail-img\" data-rel=\"imgdtlnew\" href=\"https:\/\/www.lebrija.es\/export\/sites\/lebrija\/.galleries\/imagenes-noticias\/Logo-INMUVISA.png\" title=\"Logo INMUVISA\" rel=\"nofollow noopener\" target=\"_blank\"><img loading=\"lazy\" decoding=\"async\" src=\"https:\/\/www.europesays.com\/es\/wp-content\/uploads\/2025\/12\/Logo-INMUVISA.png_701417357.png\" width=\"567\" height=\"539\" alt=\"Logo INMUVISA\" class=\"thumbnail  img-responsive\"\/><\/a><\/p>\n<p>El Consejo de Administraci\u00f3n de la Empresa Municipal Iniciativa Municipal para la Vivienda, S.A. (Inmuvisa), celebrado este viernes 19 de diciembre, ha aprobado el pliego de condiciones particulares y de prescripciones t\u00e9cnicas que regir\u00e1 el procedimiento para la adjudicaci\u00f3n en r\u00e9gimen de venta de dos viviendas de protecci\u00f3n oficial (VPO) en el municipio de Lebrija.<\/p>\n<p>Las viviendas, propiedad de Inmuvisa, est\u00e1n ubicadas en la calle Guadalhorce n\u00fameros 45 y 75, dentro del \u00e1mbito urban\u00edstico UR-10 \u201cCamino de Jerez\u201d, y se adjudicar\u00e1n mediante sorteo p\u00fablico ante notario, conforme a un procedimiento abierto y con plena garant\u00eda de igualdad, transparencia y publicidad.<\/p>\n<p>Ambas viviendas son unifamiliares, de dos plantas, con una superficie construida de 122,82 metros cuadrados y una superficie \u00fatil de 101,30 metros cuadrados. Disponen de tres dormitorios, sal\u00f3n-comedor, cocina, dos ba\u00f1os, patio trasero y garaje. El precio m\u00e1ximo de venta, fijado conforme a su calificaci\u00f3n como Viviendas de Protecci\u00f3n Oficial, es de 114.626,02 euros m\u00e1s IVA para cada una de ellas.<\/p>\n<p>Podr\u00e1n participar en este proceso todas aquellas personas f\u00edsicas que cumplan los requisitos establecidos en el pliego, entre los que se incluyen estar inscrito en el Registro de Demandantes de Vivienda de Inmuvisa, no ser titular de otra vivienda en propiedad y acreditar una residencia legal en Lebrija. Las viviendas deber\u00e1n destinarse obligatoriamente a domicilio habitual y permanente de las personas adjudicatarias.<\/p>\n<p>El plazo para la presentaci\u00f3n de solicitudes ser\u00e1 de treinta d\u00edas h\u00e1biles a contar desde el d\u00eda siguiente a la publicaci\u00f3n del anuncio de licitaci\u00f3n en el perfil del contratante y en la Plataforma de Contrataci\u00f3n del Estado. Las solicitudes deber\u00e1n presentarse en el Registro General de Inmuvisa, situado en la calle Sevilla n\u00famero 21, en horario de 9:00 a 14:00 horas.<br \/>Con esta iniciativa, Inmuvisa contin\u00faa desarrollando pol\u00edticas p\u00fablicas de vivienda orientadas a facilitar el acceso a una vivienda protegida en condiciones asequibles, reforzando el compromiso del Ayuntamiento de Lebrija con el derecho a una vivienda digna y adecuada para la ciudadan\u00eda.<\/p>\n<p>Para m\u00e1s informaci\u00f3n, las personas interesadas pueden consultar el pliego completo en la sede electr\u00f3nica del Ayuntamiento de Lebrija o dirigirse a Inmuvisa a trav\u00e9s del correo electr\u00f3nico inmuvisa@inmuvisa.com.<br \/>Lebrija, a 19 de diciembre de 2025<\/p>\n","protected":false},"excerpt":{"rendered":"El Consejo de Administraci\u00f3n celebrado este viernes, 19 de diciembre, ha aprobado el pliego de condiciones particulares y&hellip;\n","protected":false},"author":2,"featured_media":296089,"comment_status":"","ping_status":"","sticky":false,"template":"","format":"standard","meta":{"footnotes":""},"categories":[80],"tags":[82,95,94,25,24,23],"class_list":{"0":"post-296088","1":"post","2":"type-post","3":"status-publish","4":"format-standard","5":"has-post-thumbnail","7":"category-economia","8":"tag-business","9":"tag-economia","10":"tag-economy","11":"tag-es","12":"tag-espana","13":"tag-spain"},"share_on_mastodon":{"url":"https:\/\/pubeurope.com\/@es\/115746291366267518","error":""},"_links":{"self":[{"href":"https:\/\/www.europesays.com\/es\/wp-json\/wp\/v2\/posts\/296088","targetHints":{"allow":["GET"]}}],"collection":[{"href":"https:\/\/www.europesays.com\/es\/wp-json\/wp\/v2\/posts"}],"about":[{"href":"https:\/\/www.europesays.com\/es\/wp-json\/wp\/v2\/types\/post"}],"author":[{"embeddable":true,"href":"https:\/\/www.europesays.com\/es\/wp-json\/wp\/v2\/users\/2"}],"replies":[{"embeddable":true,"href":"https:\/\/www.europesays.com\/es\/wp-json\/wp\/v2\/comments?post=296088"}],"version-history":[{"count":0,"href":"https:\/\/www.europesays.com\/es\/wp-json\/wp\/v2\/posts\/296088\/revisions"}],"wp:featuredmedia":[{"embeddable":true,"href":"https:\/\/www.europesays.com\/es\/wp-json\/wp\/v2\/media\/296089"}],"wp:attachment":[{"href":"https:\/\/www.europesays.com\/es\/wp-json\/wp\/v2\/media?parent=296088"}],"wp:term":[{"taxonomy":"category","embeddable":true,"href":"https:\/\/www.europesays.com\/es\/wp-json\/wp\/v2\/categories?post=296088"},{"taxonomy":"post_tag","embeddable":true,"href":"https:\/\/www.europesays.com\/es\/wp-json\/wp\/v2\/tags?post=296088"}],"curies":[{"name":"wp","href":"https:\/\/api.w.org\/{rel}","templated":true}]}}