{"id":296094,"date":"2025-12-19T12:45:17","date_gmt":"2025-12-19T12:45:17","guid":{"rendered":"https:\/\/www.europesays.com\/es\/296094\/"},"modified":"2025-12-19T12:45:17","modified_gmt":"2025-12-19T12:45:17","slug":"la-comunidad-de-madrid-adelanta-la-tramitacion-del-pago-de-394-millones-de-euros-para-las-ayudas-directas-del-bono-social-termico","status":"publish","type":"post","link":"https:\/\/www.europesays.com\/es\/296094\/","title":{"rendered":"La Comunidad de Madrid adelanta la tramitaci\u00f3n del pago de 39,4 millones de euros para las ayudas directas del Bono Social T\u00e9rmico"},"content":{"rendered":"<p>El Consejo de Gobierno de la Comunidad de Madrid ha aprobado en su reuni\u00f3n de esta semana un importe inicial de 39,4 millones de euros para el pago de las ayudas correspondientes al bono social t\u00e9rmico del a\u00f1o 2025, que se abonar\u00e1n a lo largo de 2026. Con ello se beneficiar\u00e1 a 181.673 personas entre las que se encuentran familias numerosas, monoparentales, mujeres v\u00edctimas de violencia, personas con discapacidad, en situaci\u00f3n de dependencia o con pocos recursos econ\u00f3micos.<\/p>\n","protected":false},"excerpt":{"rendered":"El Consejo de Gobierno de la Comunidad de Madrid ha aprobado en su reuni\u00f3n de esta semana un&hellip;\n","protected":false},"author":2,"featured_media":296095,"comment_status":"","ping_status":"","sticky":false,"template":"","format":"standard","meta":{"footnotes":""},"categories":[5],"tags":[17,18,25,24,13,14,11,19,20,9,10,15,16,23,12,21,22],"class_list":{"0":"post-296094","1":"post","2":"type-post","3":"status-publish","4":"format-standard","5":"has-post-thumbnail","7":"category-titulares","8":"tag-breaking-news","9":"tag-breakingnews","10":"tag-es","11":"tag-espana","12":"tag-featured-news","13":"tag-featurednews","14":"tag-headlines","15":"tag-latest-news","16":"tag-latestnews","17":"tag-news","18":"tag-noticias","19":"tag-noticias-destacadas","20":"tag-noticiasdestacadas","21":"tag-spain","22":"tag-titulares","23":"tag-ultimas-noticias","24":"tag-ultimasnoticias"},"share_on_mastodon":{"url":"https:\/\/pubeurope.com\/@es\/115746303019118649","error":""},"_links":{"self":[{"href":"https:\/\/www.europesays.com\/es\/wp-json\/wp\/v2\/posts\/296094","targetHints":{"allow":["GET"]}}],"collection":[{"href":"https:\/\/www.europesays.com\/es\/wp-json\/wp\/v2\/posts"}],"about":[{"href":"https:\/\/www.europesays.com\/es\/wp-json\/wp\/v2\/types\/post"}],"author":[{"embeddable":true,"href":"https:\/\/www.europesays.com\/es\/wp-json\/wp\/v2\/users\/2"}],"replies":[{"embeddable":true,"href":"https:\/\/www.europesays.com\/es\/wp-json\/wp\/v2\/comments?post=296094"}],"version-history":[{"count":0,"href":"https:\/\/www.europesays.com\/es\/wp-json\/wp\/v2\/posts\/296094\/revisions"}],"wp:featuredmedia":[{"embeddable":true,"href":"https:\/\/www.europesays.com\/es\/wp-json\/wp\/v2\/media\/296095"}],"wp:attachment":[{"href":"https:\/\/www.europesays.com\/es\/wp-json\/wp\/v2\/media?parent=296094"}],"wp:term":[{"taxonomy":"category","embeddable":true,"href":"https:\/\/www.europesays.com\/es\/wp-json\/wp\/v2\/categories?post=296094"},{"taxonomy":"post_tag","embeddable":true,"href":"https:\/\/www.europesays.com\/es\/wp-json\/wp\/v2\/tags?post=296094"}],"curies":[{"name":"wp","href":"https:\/\/api.w.org\/{rel}","templated":true}]}}