{"id":296110,"date":"2025-12-19T13:05:26","date_gmt":"2025-12-19T13:05:26","guid":{"rendered":"https:\/\/www.europesays.com\/es\/296110\/"},"modified":"2025-12-19T13:05:26","modified_gmt":"2025-12-19T13:05:26","slug":"fiesta-de-ano-nuevo-el-1-de-enero-en-la-plaza-de-toros","status":"publish","type":"post","link":"https:\/\/www.europesays.com\/es\/296110\/","title":{"rendered":"Fiesta de A\u00f1o Nuevo, el 1 de enero en la Plaza de Toros"},"content":{"rendered":"<p>Por tercer a\u00f1o consecutivo, la Plaza de Toros de San Roque contendr\u00e1 una carpa para la celebraci\u00f3n del cotill\u00f3n del A\u00f1o Nuevo 2026, que organiza El Atrio. El teniente de alcalde de Juventud, David Ramos, explic\u00f3 que el Ayuntamiento colabora en esta iniciativa privada para reducir el n\u00famero de desplazamientos en veh\u00edculos privados en una noche tan dada al consumo de alcohol, adem\u00e1s de que se genera actividad en el municipio<\/p>\n<p>Las entradas se pueden adquirir de manera anticipada, si bien habr\u00e1 taquilla en la Plaza de Toros. El precio de la entrada incluye tres consumiciones, y podr\u00e1 disfrutarse de m\u00fasica en directo y de cotill\u00f3n. Las puertas de esta fiesta de A\u00f1o Nuevo se abrir\u00e1n a la 1.00 de la madrugada del 1 de enero. Para m\u00e1s informaci\u00f3n sobre entradas y reservados, puede llamarse al tel\u00e9fono 644 496 640.<\/p>\n","protected":false},"excerpt":{"rendered":"Por tercer a\u00f1o consecutivo, la Plaza de Toros de San Roque contendr\u00e1 una carpa para la celebraci\u00f3n del&hellip;\n","protected":false},"author":2,"featured_media":296111,"comment_status":"","ping_status":"","sticky":false,"template":"","format":"standard","meta":{"footnotes":""},"categories":[80],"tags":[1250,82,2193,2191,95,94,25,24,2190,2186,2189,2185,2187,23,2192,2188],"class_list":{"0":"post-296110","1":"post","2":"type-post","3":"status-publish","4":"format-standard","5":"has-post-thumbnail","7":"category-economia","8":"tag-ayuntamiento","9":"tag-business","10":"tag-cadiz","11":"tag-campamento","12":"tag-economia","13":"tag-economy","14":"tag-es","15":"tag-espana","16":"tag-guadiaro","17":"tag-roque","18":"tag-san-enrique","19":"tag-san-roque","20":"tag-soto-grande","21":"tag-spain","22":"tag-taraguilla","23":"tag-torreguadiaro"},"share_on_mastodon":{"url":"https:\/\/pubeurope.com\/@es\/115746381850893907","error":""},"_links":{"self":[{"href":"https:\/\/www.europesays.com\/es\/wp-json\/wp\/v2\/posts\/296110","targetHints":{"allow":["GET"]}}],"collection":[{"href":"https:\/\/www.europesays.com\/es\/wp-json\/wp\/v2\/posts"}],"about":[{"href":"https:\/\/www.europesays.com\/es\/wp-json\/wp\/v2\/types\/post"}],"author":[{"embeddable":true,"href":"https:\/\/www.europesays.com\/es\/wp-json\/wp\/v2\/users\/2"}],"replies":[{"embeddable":true,"href":"https:\/\/www.europesays.com\/es\/wp-json\/wp\/v2\/comments?post=296110"}],"version-history":[{"count":0,"href":"https:\/\/www.europesays.com\/es\/wp-json\/wp\/v2\/posts\/296110\/revisions"}],"wp:featuredmedia":[{"embeddable":true,"href":"https:\/\/www.europesays.com\/es\/wp-json\/wp\/v2\/media\/296111"}],"wp:attachment":[{"href":"https:\/\/www.europesays.com\/es\/wp-json\/wp\/v2\/media?parent=296110"}],"wp:term":[{"taxonomy":"category","embeddable":true,"href":"https:\/\/www.europesays.com\/es\/wp-json\/wp\/v2\/categories?post=296110"},{"taxonomy":"post_tag","embeddable":true,"href":"https:\/\/www.europesays.com\/es\/wp-json\/wp\/v2\/tags?post=296110"}],"curies":[{"name":"wp","href":"https:\/\/api.w.org\/{rel}","templated":true}]}}