{"id":296120,"date":"2025-12-19T13:14:12","date_gmt":"2025-12-19T13:14:12","guid":{"rendered":"https:\/\/www.europesays.com\/es\/296120\/"},"modified":"2025-12-19T13:14:12","modified_gmt":"2025-12-19T13:14:12","slug":"el-2026-de-joao-almeida-va-a-ser-paralelo-al-de-tadej-pogacar","status":"publish","type":"post","link":"https:\/\/www.europesays.com\/es\/296120\/","title":{"rendered":"El 2026 de Jo\u00e3o Almeida va a ser paralelo al de Tadej Poga\u010dar"},"content":{"rendered":"<p><img fetchpriority=\"high\" decoding=\"async\" class=\"aligncenter size-full wp-image-67398\" src=\"data:image\/svg+xml,%3Csvg%20xmlns=\" http:=\"\" alt=\"\" width=\"1025\" height=\"400\" data-lazy- data-lazy- data-lazy-src=\"https:\/\/www.europesays.com\/es\/wp-content\/uploads\/2025\/11\/anunci-generic-bla-1-1024x120-px-v3-02.jpg\"\/><\/p>\n<p>El 2026 de Jo\u00e3o Almeida va a ser paralelo al de Tadej <strong>Poga\u010dar<\/strong><\/p>\n<p>Se ha confirmado lo que la l\u00f3gica ciclista ven\u00eda dictando: Jo\u00e3o Almeida se centrar\u00e1 en el Giro de Italia y la Vuelta a Espa\u00f1a en 2026, dejando deliberadamente de lado el Tour de Francia.<\/p>\n<p>Este anuncio no es una simple reestructuraci\u00f3n de calendario; es el \u201csalto de madurez y autonom\u00eda\u201d que el ciclista portugu\u00e9s necesitaba, <strong>una maniobra de supervivencia profesional ante la omnipresencia de Tadej Poga\u010dar<\/strong>.<\/p>\n<p><a class=\"wppaslink\" href=\"https:\/\/joanseguidor.com\/pas\/ccmm-valenciana\/44016\/0\" target=\"_blank\" rel=\"nofollow noopener\"><img decoding=\"async\" src=\"data:image\/svg+xml,%3Csvg%20xmlns=\" http:=\"\" alt=\"CCMM Valenciana\" border=\"0\" data-lazy-src=\"https:\/\/www.europesays.com\/es\/wp-content\/uploads\/2025\/12\/1766150052_337_aralleida-hivern-970x250-crea2-es.jpg\"\/><\/a><\/p>\n<p>Para un corredor de la talla de Almeida, con un podio en el Giro y una regularidad envidiable, la sombra del esloveno en el UAE Team Emirates era, simple y llanamente, insostenible para sus ambiciones de Gran Vuelta.<\/p>\n<p>El Tour de Francia, bajo el actual panorama, no es solo la carrera m\u00e1s importante; es el feudo incontestable de Poga\u010dar, un lugar donde todo gregario, por fuerte que sea, est\u00e1 condenado a la subordinaci\u00f3n m\u00e1xima y al papel de actor secundario.<\/p>\n<p>Almeida ha elegido el camino m\u00e1s cr\u00edtico, pero el \u00fanico viable para validar su estatus de l\u00edder.<\/p>\n<p>Si bien eludir el Tour podr\u00eda interpretarse por los m\u00e1s simplistas como una huida de la batalla principal, <strong>la realidad es que el Giro y la Vuelta ofrecen un escenario<\/strong> donde su resistencia y su capacidad de gesti\u00f3n del esfuerzo \u2014su sello de identidad\u2014 pueden brillar con luz propia, sin la presi\u00f3n constante de tener que neutralizar rivales solo para asegurar la victoria de su compa\u00f1ero.<\/p>\n<p>El portugu\u00e9s se ha ganado, con sus actuaciones pasadas, el derecho a trazar su propio camino, <strong>libre de la etiqueta de \u201cplan B de lujo\u201d que inevitablemente cargar\u00eda en la Grande Boucle<\/strong>.<\/p>\n<p>Es una decisi\u00f3n fr\u00eda y estrat\u00e9gica: buscar la gloria donde la pir\u00e1mide de poder del equipo le permita ser la punta de lanza, y no un pe\u00f3n avanzado.<\/p>\n<p>En el ciclismo moderno, la acumulaci\u00f3n de talento en estructuras como el UAE obliga a estas segregaciones forzadas.<\/p>\n<p>El \u201ccamino de Almeida\u201d pasa por Italia y Espa\u00f1a, donde podr\u00e1 demostrar que su potencial no era solo una promesa, sino una realidad que solo necesitaba el ox\u00edgeno de un liderazgo indiscutido para materializarse en una maglia rosa o un maillot rojo.<\/p>\n<p>El tiempo dir\u00e1 si este desv\u00edo del eje central del ciclismo le da, finalmente, la victoria que tanto persigue.<\/p>\n<p data-start=\"2259\" data-end=\"2535\" data-is-last-node=\"\" data-is-only-node=\"\">Imagen:\u00a0Sprint Cycling Agency<\/p>\n","protected":false},"excerpt":{"rendered":"El 2026 de Jo\u00e3o Almeida va a ser paralelo al de Tadej Poga\u010dar Se ha confirmado lo que&hellip;\n","protected":false},"author":2,"featured_media":239646,"comment_status":"","ping_status":"","sticky":false,"template":"","format":"standard","meta":{"footnotes":""},"categories":[273],"tags":[313,312,168,25,24,2548,8993,23,167,463],"class_list":{"0":"post-296120","1":"post","2":"type-post","3":"status-publish","4":"format-standard","5":"has-post-thumbnail","7":"category-ciclismo","8":"tag-ciclismo","9":"tag-cycling","10":"tag-deportes","11":"tag-es","12":"tag-espana","13":"tag-featured","14":"tag-joao-almeida","15":"tag-spain","16":"tag-sports","17":"tag-tadej-pogacar"},"share_on_mastodon":{"url":"https:\/\/pubeurope.com\/@es\/115746417096269135","error":""},"_links":{"self":[{"href":"https:\/\/www.europesays.com\/es\/wp-json\/wp\/v2\/posts\/296120","targetHints":{"allow":["GET"]}}],"collection":[{"href":"https:\/\/www.europesays.com\/es\/wp-json\/wp\/v2\/posts"}],"about":[{"href":"https:\/\/www.europesays.com\/es\/wp-json\/wp\/v2\/types\/post"}],"author":[{"embeddable":true,"href":"https:\/\/www.europesays.com\/es\/wp-json\/wp\/v2\/users\/2"}],"replies":[{"embeddable":true,"href":"https:\/\/www.europesays.com\/es\/wp-json\/wp\/v2\/comments?post=296120"}],"version-history":[{"count":0,"href":"https:\/\/www.europesays.com\/es\/wp-json\/wp\/v2\/posts\/296120\/revisions"}],"wp:featuredmedia":[{"embeddable":true,"href":"https:\/\/www.europesays.com\/es\/wp-json\/wp\/v2\/media\/239646"}],"wp:attachment":[{"href":"https:\/\/www.europesays.com\/es\/wp-json\/wp\/v2\/media?parent=296120"}],"wp:term":[{"taxonomy":"category","embeddable":true,"href":"https:\/\/www.europesays.com\/es\/wp-json\/wp\/v2\/categories?post=296120"},{"taxonomy":"post_tag","embeddable":true,"href":"https:\/\/www.europesays.com\/es\/wp-json\/wp\/v2\/tags?post=296120"}],"curies":[{"name":"wp","href":"https:\/\/api.w.org\/{rel}","templated":true}]}}