{"id":296211,"date":"2025-12-19T14:30:14","date_gmt":"2025-12-19T14:30:14","guid":{"rendered":"https:\/\/www.europesays.com\/es\/296211\/"},"modified":"2025-12-19T14:30:14","modified_gmt":"2025-12-19T14:30:14","slug":"fc-barcelona-los-otros-damnificados-del-lio-de-la-porteria-del-barca-kochen-inaki-pena-astralaga","status":"publish","type":"post","link":"https:\/\/www.europesays.com\/es\/296211\/","title":{"rendered":"FC BARCELONA | Los otros damnificados del lio de la porter\u00eda del Bar\u00e7a: Kochen, I\u00f1aki Pe\u00f1a, Astralaga&#8230;"},"content":{"rendered":"<p class=\"ft-text\"><strong>Es muy dif\u00edcil, por no decir imposible, encontrar un equipo en el mundo que tenga tres porteros del nivel y la categor\u00eda de los que militan en el FC Barcelona.<\/strong> Joan Garcia es el presente y futuro azulgrana, guardameta para muchos a\u00f1os. Y la trayectoria de Wojciech Szczesny y de Marc-Andr\u00e9 Ter Stegen est\u00e1 fuera de toda duda despu\u00e9s de m\u00e1s de una d\u00e9cada al m\u00e1ximo nivel. <a class=\"ft-link ft-link--decoration\" href=\"https:\/\/www.sport.es\/es\/noticias\/barca\/flick-tomo-decision-titularidad-ter-124873666\" rel=\"nofollow noopener\" target=\"_blank\">El &#8216;problema&#8217; es que el polaco ha renovado aceptando un papel muy secundario que podr\u00eda asumirlo perfectamente un canterano y el alem\u00e1n no entra en los planes de la entidad, aunque parece dispuesto a quedarse y no salir en el mercado invernal.<\/a><\/p>\n<p class=\"ft-text\">La convivencia de estos tres grandes guardametas deber\u00eda, en condiciones normales, ser muy positiva y fruct\u00edfera para el FC Barcelona, pero lo cierto es que tambi\u00e9n ha creado unos &#8216;efectos secundarios&#8217;: <strong>unos han tenido que salir cedidos y otros ven como el &#8216;tap\u00f3n&#8217; tapa sus ilusiones.<\/strong><\/p>\n<p>\u00bfC\u00f3mo les va a los guardametas cedidos?<\/p>\n<p class=\"ft-text\">En el primer apartado, encontramos los casos de I\u00f1aki Pe\u00f1a, \u00c1ron Yaakobishvili y Ander Astralaga. El alicantino debi\u00f3 salir despu\u00e9s de que <strong>Hansi Flick le relegara de la titularidad en detrimento de Szczesny<\/strong> cuando lleg\u00f3 tarde a la charla previa de la pasada semifinal de la Supercopa de Espa\u00f1a.<\/p>\n<p class=\"ft-text\">El Elche acogi\u00f3 con los brazos abiertos a un I\u00f1aki Pe\u00f1a que renov\u00f3 con el FC Barcelona hasta el 30 de junio de 2029. Empez\u00f3 siendo el suplente del veterano Dituro, pero pronto le dio Eder Sarabia la oportunidad y el alicantino la ha sabido aprovechar al m\u00e1ximo, <a class=\"ft-link ft-link--decoration\" href=\"https:\/\/www.sport.es\/es\/noticias\/real-madrid\/resumen-goles-resultado-elche-real-madrid-liga-124041653\" rel=\"nofollow noopener\" target=\"_blank\">con actuaciones muy destacadas, como en el empate 2-2 contra el Real Madrid.<\/a><\/p>\n<p><img decoding=\"async\" src=\"https:\/\/www.europesays.com\/es\/wp-content\/uploads\/2025\/12\/d401854f-a3e5-4ded-8400-d06954d7fa42_alta-libre-aspect-ratio_default_0.jpg\" width=\"1200\" height=\"800\" alt=\"I\u00f1aki Pe\u00f1a detiene un mano a mano ante Mbapp\u00e9\" class=\"ft-helper-img-rd\" loading=\"lazy\"\/><\/p>\n<p class=\"ft-helper-fontColor-quaternary ft-helper-fontSize-body-S ft-helper-spacer-t-xxs\">I\u00f1aki Pe\u00f1a detiene un mano a mano ante Mbapp\u00e9  \/ Associated Press\/LaPresse \/ LAP<\/p>\n<p class=\"ft-text\">I\u00f1aki ha encajado 14 goles en 10 partidos y ha logrado sumar tres porter\u00edas a cero (ante Oviedo, Athletic Club y Girona). La cesi\u00f3n, para liberar salario y poder inscribir a Tek, no contempla ninguna opci\u00f3n de compra, <a class=\"ft-link ft-link--decoration\" href=\"https:\/\/www.sport.es\/es\/noticias\/barca\/inaki-pena-gustaria-volver-barca-123116100\" rel=\"nofollow noopener\" target=\"_blank\">por lo que Pe\u00f1a regresar\u00e1 la pr\u00f3xima campa\u00f1a al FC Barcelona en un escenario que se espera m\u00e1s despejados.<\/a><\/p>\n<p class=\"ft-text\"><strong>Tambi\u00e9n juegan a pr\u00e9stamo en la categor\u00eda de plata el meta titular la pasada campa\u00f1a del Bar\u00e7a Atl\u00e8tic, Ander Astralaga, y el del juvenil campe\u00f3n de Europa, \u00c1ron Yaakobishvili.<\/strong> El internacional sub-21 con Hungr\u00eda, de 19 a\u00f1os, tambi\u00e9n se ha hecho con un puesto en el once titular, en este caso del Andorra y desde el primer d\u00eda. Especialmente brillante fue su actuaci\u00f3n en el \u00faltimo partido de los del Principat, la victoria por 0-1 en el Jos\u00e9 Zorrilla. \u00c1ron ha encajado 17 goles en 12 partidos y en dos (Granada y Valladolid) se mantuvo imbatido. Con contrato hasta 2028, en el club es uno de los metas m\u00e1s considerados de cara al futuro.<\/p>\n<p class=\"ft-text\">A Ander Astralaga se le han abierto las puertas del Granada, pues Luca Zidane suele ser el titular, pero ahora concentrado con Argelia en la Copa de \u00c1frica de Argelia. El vasco ha logrado ser de la partida en 5 partidos, en los que ha ha recibido 6 tantos. No encaj\u00f3 en la victoria 0-1 en el feudo de la Cultural Leonesa. <strong>El de Berango finaliza contrato el pr\u00f3ximo 30 de junio, ampliables a dos a\u00f1os m\u00e1s.<\/strong><\/p>\n<p>Kochen y Eder Aller, a la espera<\/p>\n<p class=\"ft-text\">En cuanto a los metas de la cantera que siguen en el Bar\u00e7a, Diego Kochen y Eder Aller han tenido que cambiar sus &#8216;h\u00e1bitos&#8217; del d\u00eda a d\u00eda tras el regreso de Ter Stegen. El de Miami lleg\u00f3 a ser el segundo portero del primer equipo cuando el alem\u00e1n y Joan Garcia estaban lesionados, lo que le impidi\u00f3 jugar el Mundial sub-20 con la selecci\u00f3n de estados Unidos. <a class=\"ft-link ft-link--decoration\" href=\"https:\/\/www.sport.es\/es\/noticias\/opinion\/ter-stegen-tek-guadalajara-mereceria-124817836\" rel=\"nofollow noopener\" target=\"_blank\">Ahora, ni siquiera ha podido viajar ni a la Copa del Rey ante un Primera RFEF, pues Flick se llev\u00f3 a Guadalajara a Ter Stegen, Szczesny y Joan Garcia. Ni pudo alcanzar su convocatoria n\u00famero 80, pese a no haber podido debutar todav\u00eda. <\/a><\/p>\n<p class=\"ft-text\">Diego Kochen, de 19 a\u00f1os y que tiene contrato hasta 2028, es uno de los guardametas con mayor futuro que se contempla desde el club, igual que el leon\u00e9s Eder Aller, de 18 a\u00f1os, y que<strong> tras 12 convocatorias esta temporada con Hansi Flick, tambi\u00e9n se ha visto relegado a un plano m\u00e1s secundario.<\/strong><\/p>\n","protected":false},"excerpt":{"rendered":"Es muy dif\u00edcil, por no decir imposible, encontrar un equipo en el mundo que tenga tres porteros del&hellip;\n","protected":false},"author":2,"featured_media":296212,"comment_status":"","ping_status":"","sticky":false,"template":"","format":"standard","meta":{"footnotes":""},"categories":[268],"tags":[168,25,24,4970,280,282,70626,883,44035,138,1753,620,281,23,167,44659,8251],"class_list":{"0":"post-296211","1":"post","2":"type-post","3":"status-publish","4":"format-standard","5":"has-post-thumbnail","7":"category-futbol","8":"tag-deportes","9":"tag-es","10":"tag-espana","11":"tag-flick","12":"tag-football","13":"tag-futbol","14":"tag-guardameta","15":"tag-joan-garcia","16":"tag-kochen","17":"tag-meta","18":"tag-porteria","19":"tag-portero","20":"tag-soccer","21":"tag-spain","22":"tag-sports","23":"tag-szczesny","24":"tag-ter-stegen"},"share_on_mastodon":{"url":"https:\/\/pubeurope.com\/@es\/115746716479341985","error":""},"_links":{"self":[{"href":"https:\/\/www.europesays.com\/es\/wp-json\/wp\/v2\/posts\/296211","targetHints":{"allow":["GET"]}}],"collection":[{"href":"https:\/\/www.europesays.com\/es\/wp-json\/wp\/v2\/posts"}],"about":[{"href":"https:\/\/www.europesays.com\/es\/wp-json\/wp\/v2\/types\/post"}],"author":[{"embeddable":true,"href":"https:\/\/www.europesays.com\/es\/wp-json\/wp\/v2\/users\/2"}],"replies":[{"embeddable":true,"href":"https:\/\/www.europesays.com\/es\/wp-json\/wp\/v2\/comments?post=296211"}],"version-history":[{"count":0,"href":"https:\/\/www.europesays.com\/es\/wp-json\/wp\/v2\/posts\/296211\/revisions"}],"wp:featuredmedia":[{"embeddable":true,"href":"https:\/\/www.europesays.com\/es\/wp-json\/wp\/v2\/media\/296212"}],"wp:attachment":[{"href":"https:\/\/www.europesays.com\/es\/wp-json\/wp\/v2\/media?parent=296211"}],"wp:term":[{"taxonomy":"category","embeddable":true,"href":"https:\/\/www.europesays.com\/es\/wp-json\/wp\/v2\/categories?post=296211"},{"taxonomy":"post_tag","embeddable":true,"href":"https:\/\/www.europesays.com\/es\/wp-json\/wp\/v2\/tags?post=296211"}],"curies":[{"name":"wp","href":"https:\/\/api.w.org\/{rel}","templated":true}]}}